{"id":403310,"date":"2026-02-18T04:44:21","date_gmt":"2026-02-18T04:44:21","guid":{"rendered":"https:\/\/www.europesays.com\/es\/403310\/"},"modified":"2026-02-18T04:44:21","modified_gmt":"2026-02-18T04:44:21","slug":"al-pacino-y-robert-de-niro-homenajean-a-robert-duvall-coprotagonista-de-el-padrino","status":"publish","type":"post","link":"https:\/\/www.europesays.com\/es\/403310\/","title":{"rendered":"Al Pacino y Robert De Niro homenajean a Robert Duvall, coprotagonista de \u00abEl Padrino\u00bb"},"content":{"rendered":"<p class=\"mb-4 text-lg md:leading-8 break-words\">Redacci\u00f3n Internacional, 17 feb (EFE).- Los actores Al Pacino y Robert De Niro han homenajeado con sendos mensajes la figura de Robert Duvall, con quien protagonizaron algunas de las entregas de la saga &#8216;El Padrino&#8217; (&#8216;The Godfather&#8217;) y que falleci\u00f3 el pasado domingo a los 95 a\u00f1os.<\/p>\n<p class=\"mb-4 text-lg md:leading-8 break-words\">\u00abFue un honor haber trabajado con Robert Duvall\u00bb, declar\u00f3 Al Pacino. \u00abEra un actor nato, como dicen; su conexi\u00f3n con el cine, su comprensi\u00f3n y su fenomenal talento siempre ser\u00e1n recordados. Lo extra\u00f1ar\u00e9\u00bb, escribi\u00f3 en un mensaje que reproduce Variety.<\/p>\n<p class=\"mb-4 text-lg md:leading-8 break-words\">\u00abQue Dios bendiga a Bobby\u00bb, escribi\u00f3, por su parte, Robert De Niro. \u00abEspero vivir hasta los 95 a\u00f1os. Que descanse en paz\u00bb.<\/p>\n<p class=\"mb-4 text-lg md:leading-8 break-words\">Pacino protagoniz\u00f3 junto a Duvall &#8216;El Padrino&#8217; y &#8216;El Padrino II&#8217;. Pacino interpret\u00f3 a Michael, el heredero de la familia criminal Corleone, mientras que Duvall interpret\u00f3 a Tom Hagen, su abogado y asesor de confianza.<\/p>\n<p class=\"mb-4 text-lg md:leading-8 break-words\">Aunque nunca comparti\u00f3 escena con Duvall, De Niro tambi\u00e9n protagoniz\u00f3 &#8216;El Padrino II&#8217; como un joven Vito Corleone.<\/p>\n<p class=\"mb-4 text-lg md:leading-8 break-words\">Pacino y De Niro son solo dos de las muchas estrellas de Hollywood que rindieron homenaje a Duvall.<\/p>\n<p class=\"mb-4 text-lg md:leading-8 break-words\">\u00abQu\u00e9 golpe conocer la p\u00e9rdida de Robert Duvall. Que gran actor y parte tan esencial del &#8216;Zoetrope Americano&#8217; desde sus inicios: &#8216;The Rain People&#8217;, &#8216;The Conversation&#8217;, &#8216;The Godfather&#8217;, &#8216;The Godfather II&#8217;, &#8216;Apocalypse Now&#8217;, &#8216;THX 1138&#8217;, &#8216;Assassination Tango'\u00bb, escribi\u00f3, por su parte, el director Francis Ford Coppola en Instagram.<\/p>\n<p class=\"mb-4 text-lg md:leading-8 break-words\">Tambi\u00e9n Viola Davis dedic\u00f3 un mensaje al actor fallecido, con el que trabaj\u00f3 en el thriller de 2018 \u00abWidows\u00bb (Viudas).<\/p>\n<p class=\"mb-4 text-lg md:leading-8 break-words\">\u00abTuve el honor de trabajar contigo en &#8216;Viudas&#8217;. Me qued\u00e9 maravillado. Siempre me han maravillado tus imponentes representaciones de hombres que eran a la vez tranquilos y dominantes en su humanidad\u00bb, escribi\u00f3 la actriz.<\/p>\n<p class=\"mb-4 text-lg md:leading-8 break-words\">\u00abEras un gigante\u2026 un icono\u2026 &#8216;Apocalipsis Now&#8217;, &#8216;El Padrino&#8217;, &#8216;Matar a un ruise\u00f1or&#8217; (&#8216;To Kill a Mockingbird&#8217;), &#8216;Tender Mercies&#8217;, &#8216;El ap\u00f3stol&#8217; (&#8216;The Apostle&#8217;), &#8216;Paloma solitaria&#8217; (&#8216;Lonesome Dove&#8217;)\u2026 etc\u2026 La grandeza nunca muere. Permanece\u2026 como un regalo. Descansa en paz, se\u00f1or. Tu nombre ser\u00e1 pronunciado\u2026 Que los \u00e1ngeles canten para tu descanso\u00bb, agreg\u00f3.<\/p>\n<p class=\"mb-4 text-lg md:leading-8 break-words\">El actor Adam Sandler, quien trabaj\u00f3 con Duvall en el drama deportivo de 2022 \u00abHustle\u00bb, tambi\u00e9n record\u00f3 a Duvall en Instagram sobre el que escribi\u00f3: \u00abDivertido como el infierno. Fuerte como el infierno. Uno de los mejores actores que hemos tenido. Un gran hombre para hablar y re\u00edr con \u00e9l. Lo amaba tanto. Todos lo hicimos. Tantas pel\u00edculas para elegir que eran legendarias\u00bb.<\/p>\n<p class=\"mb-4 text-lg md:leading-8 break-words\">(c) Agencia EFE<\/p>\n","protected":false},"excerpt":{"rendered":"Redacci\u00f3n Internacional, 17 feb (EFE).- Los actores Al Pacino y Robert De Niro han homenajeado con sendos mensajes&hellip;\n","protected":false},"author":2,"featured_media":403311,"comment_status":"","ping_status":"","sticky":false,"template":"","format":"standard","meta":{"footnotes":""},"categories":[91],"tags":[71427,995,86809,146,147,25,24,86944,23281,86807,23],"class_list":["post-403310","post","type-post","status-publish","format-standard","has-post-thumbnail","category-entretenimiento","tag-al-pacino","tag-efe","tag-el-padrino","tag-entertainment","tag-entretenimiento","tag-es","tag-espana","tag-estrellas-de-hollywood","tag-robert-de-niro","tag-robert-duvall","tag-spain"],"share_on_mastodon":{"url":"https:\/\/pubeurope.com\/@es\/116089812646198232","error":""},"_links":{"self":[{"href":"https:\/\/www.europesays.com\/es\/wp-json\/wp\/v2\/posts\/403310","targetHints":{"allow":["GET"]}}],"collection":[{"href":"https:\/\/www.europesays.com\/es\/wp-json\/wp\/v2\/posts"}],"about":[{"href":"https:\/\/www.europesays.com\/es\/wp-json\/wp\/v2\/types\/post"}],"author":[{"embeddable":true,"href":"https:\/\/www.europesays.com\/es\/wp-json\/wp\/v2\/users\/2"}],"replies":[{"embeddable":true,"href":"https:\/\/www.europesays.com\/es\/wp-json\/wp\/v2\/comments?post=403310"}],"version-history":[{"count":0,"href":"https:\/\/www.europesays.com\/es\/wp-json\/wp\/v2\/posts\/403310\/revisions"}],"wp:featuredmedia":[{"embeddable":true,"href":"https:\/\/www.europesays.com\/es\/wp-json\/wp\/v2\/media\/403311"}],"wp:attachment":[{"href":"https:\/\/www.europesays.com\/es\/wp-json\/wp\/v2\/media?parent=403310"}],"wp:term":[{"taxonomy":"category","embeddable":true,"href":"https:\/\/www.europesays.com\/es\/wp-json\/wp\/v2\/categories?post=403310"},{"taxonomy":"post_tag","embeddable":true,"href":"https:\/\/www.europesays.com\/es\/wp-json\/wp\/v2\/tags?post=403310"}],"curies":[{"name":"wp","href":"https:\/\/api.w.org\/{rel}","templated":true}]}}