{"id":403654,"date":"2026-02-18T09:21:20","date_gmt":"2026-02-18T09:21:20","guid":{"rendered":"https:\/\/www.europesays.com\/es\/403654\/"},"modified":"2026-02-18T09:21:20","modified_gmt":"2026-02-18T09:21:20","slug":"iron-maiden-celebrara-su-50o-aniversario-en-el-edfest-una-experiencia-unica-en-la-vida-llena-de-musica-en-vivo-areas-tematicas-atracciones-inmersivas-y-mucho-mas-mariskalrock-com","status":"publish","type":"post","link":"https:\/\/www.europesays.com\/es\/403654\/","title":{"rendered":"Iron Maiden celebrar\u00e1 su 50\u00ba aniversario en el EdFest, &quot;una experiencia \u00fanica en la vida llena de m\u00fasica en vivo, \u00e1reas tem\u00e1ticas, atracciones inmersivas y mucho m\u00e1s&quot; &#8211; MariskalRock.com"},"content":{"rendered":"<ol>\n<li><a href=\"https:\/\/news.google.com\/rss\/articles\/CBMipAJBVV95cUxPNXBoa1N6Ny0yRGdob0h5dnVtVnBCcnVrYVozNEk2NnBMQ0U3RDFWRXpkZDQ1S0p6ZXBlU0VaRU1WUzhjQ1d1amczREVwZlhST0FHZENrQjlKbU5jczgzZDAtYm5mWmZLMjFaMEV1WFRyTmxqMk1Ca3g2eC1aSXNOeTF4NzBPRWlpczFkUEI0Z05PTVM2OTBHWnNGSjFjb0g0c0RqeVozSTVKNmJFN3JDcFJkVDRkSGRRYWxKYjBrWmtkSnZEcmNMVkx3QWdVUUc4ZEhuWWE4S0VTZFV6dl9QMVcwWHdteDJWNDJha0VLeWdQTVlQVDZzVF9qZ0NhVlJGckJRZ29WSFFCUW50d091UjZUb1pmN2VINlQ3eGlRMUhtZmZ4?oc=5\" target=\"_blank\" rel=\"nofollow noopener\">Iron Maiden celebrar\u00e1 su 50\u00ba aniversario en el EdFest, \u00abuna experiencia \u00fanica en la vida llena de m\u00fasica en vivo, \u00e1reas tem\u00e1ticas, atracciones inmersivas y mucho m\u00e1s\u00bb<\/a>&nbsp;&nbsp;MariskalRock.com<\/li>\n<li><a href=\"https:\/\/news.google.com\/rss\/articles\/CBMi0AFBVV95cUxPNjUzQnh4a0VMSDIyR1VmeGJ6aWt3THRHTWE3QnZVVU81YkVpN0h1Z3ZEZmNoc3dMS3AyRjhhbzJYdExsalR2bXlQT284WVItWldjbUp6aHBsOHVKWTRfOUJoX29zMUhCcGxPbzFxQ0VUN2hZVjM1RVJrd1JqVm9zcE9RM21xUVd0MFI2SWpGQk9GU0htNVRvZDRET3RBcm5uSFhpcmN4N3JGZEhPT1lTenA1dW9Ua2ctczEyVjQ5SDdKdmJfRVoyb1ZaRzI2SWV20gHWAUFVX3lxTE1ObDRINkd2cHJmdkY0Y2Q1ZklRVUlfQU5wel9kOVdYdmNZRHNaS0ZBNTV4dTE1MWQwMXE5NnN1RjdEZXpTa05OQW1PbklRMWlfRXFEa3A2eU9oT1lJdnRhbmljZUdNXzVLVUptcy05blVSUHNZZS1qampyMzl4dUY3MmJtYUNKS1o3cnZRMi1HdENYdi1iZ1pmNzA5STlnS3pDUVdwSVVKcFZYMjJjcG05VGpOUDVGMnNSRC1ITjhVQ0ZBZENRY3g0S2hSSE9KMlhneVVSQmc?oc=5\" target=\"_blank\" rel=\"nofollow noopener\">Iron Maiden presenta su propio festival: as\u00ed ser\u00e1 Eddfest, el nuevo evento de los brit\u00e1nicos<\/a>&nbsp;&nbsp;RockFM<\/li>\n<li><a href=\"https:\/\/news.google.com\/rss\/articles\/CBMilAFBVV95cUxPaHRCa3ZSazIxTld3VVFZQUI1dkZWQ3RVcDBOVjMwSjFMNHc0VXFRVW9SM3VraDVZUlJHa2RJZHExbTB4Y1hWZTVsc00zclQxTWo0aHFacWpBSTUxMXlDT2ZkZlliX3JZWHY0YU8tWlRqeXoxTG14MFZEMHZRMG9wZlZ1NzFWSFEyWU9SV04zbURJZnVu?oc=5\" target=\"_blank\" rel=\"nofollow noopener\">IRON MAIDEN anuncian su Edd Fest Fechas de CORROSION OF CONFORMITY Rainbow Rock Fest.<\/a>&nbsp;&nbsp;rafabasa.com<\/li>\n<li><a href=\"https:\/\/news.google.com\/rss\/articles\/CBMipgFBVV95cUxNX0pkc3FPek9YU0VZQmR3bmY1VU8tR3dURk1qakJOUkNxLVNaaGNNQ3hhdVBaS0NzYW5hbTEyTy1jWGZ1YjNYR0U5R2xHVWVmMjh3a00yVFNrR2R4WVNqZFMwa0lrNTh5cl9BWExIRG5iRmJ1TEhNSFJsb0kwRElHNmNySUF6ZHBuVl84RmhRcS10dzg5d0l4SGFvNUVLdm9SQm1qLXpn0gGuAUFVX3lxTE1mUk1uaVR0TmtyREx5djdmV3NtdWN5bUhyZUZzM0ZpeUVHd0RxTnZEcDhTRWQ2VFJLZlpJSUk3ZUtqWnRWSG02ajJvcEMxTFdENjM5SFlKZ3Fqc2trOUYtazJvNjh3eExGcmpwXzlxRmszZlQwd1A3RFg0WDlqYUVQNWQ2R3NSTjdySnFjTmFsRHBkQmh4YlhkcTc3WjhSTW5heUhMNmZhdDlRTFZFZw?oc=5\" target=\"_blank\" rel=\"nofollow noopener\">Iron Maiden celebrar\u00e1n su 50\u00ba aniversario con el macroevento EDDFEST en Knebworth<\/a>&nbsp;&nbsp;Metalcry.com<\/li>\n<li><a href=\"https:\/\/news.google.com\/rss\/articles\/CBMixgFBVV95cUxON21NcXpoM2dERGZlNE5EQWFRSWNKZ0RRRGtpbldRU1ZpQWVubnVub1VSTzM2b1JBUS1SQWNBUlQ4cWVGY0d0aTNwVmJoRTFuTTRjd1UzcFZuMnNaSUR4cDNGc1B1dVBmQjdWZ1Z4RXl1bWE0X0h5QmFjTzY1MkxmdzAzUlZLUnFmMjU4ZVFONWNVdjFiSGVTdjdWaXRRcWp6QUx6UnNYdFM5M2p5ckdwZXktcThnSVRjczI0am5CVUl6TnVWaWc?oc=5\" target=\"_blank\" rel=\"nofollow noopener\">Sigue la celebraci\u00f3n por sus 50 a\u00f1os: Iron Maiden tendr\u00e1 su primer festival oficial<\/a>&nbsp;&nbsp;Rockaxis<\/li>\n<\/ol>\n","protected":false},"excerpt":{"rendered":"Iron Maiden celebrar\u00e1 su 50\u00ba aniversario en el EdFest, \u00abuna experiencia \u00fanica en la vida llena de m\u00fasica&hellip;\n","protected":false},"author":2,"featured_media":403655,"comment_status":"","ping_status":"","sticky":false,"template":"","format":"standard","meta":{"footnotes":""},"categories":[170],"tags":[63942,86993,146,147,25,24,86994,477,4622,184,185,23,86995,86996],"class_list":["post-403654","post","type-post","status-publish","format-standard","has-post-thumbnail","category-musica","tag-airbourne","tag-edfest","tag-entertainment","tag-entretenimiento","tag-es","tag-espana","tag-he-darkness","tag-iron-maiden","tag-mr2022","tag-music","tag-musica","tag-spain","tag-the-almighty","tag-the-hu"],"share_on_mastodon":{"url":"https:\/\/pubeurope.com\/@es\/116090901883860749","error":""},"_links":{"self":[{"href":"https:\/\/www.europesays.com\/es\/wp-json\/wp\/v2\/posts\/403654","targetHints":{"allow":["GET"]}}],"collection":[{"href":"https:\/\/www.europesays.com\/es\/wp-json\/wp\/v2\/posts"}],"about":[{"href":"https:\/\/www.europesays.com\/es\/wp-json\/wp\/v2\/types\/post"}],"author":[{"embeddable":true,"href":"https:\/\/www.europesays.com\/es\/wp-json\/wp\/v2\/users\/2"}],"replies":[{"embeddable":true,"href":"https:\/\/www.europesays.com\/es\/wp-json\/wp\/v2\/comments?post=403654"}],"version-history":[{"count":0,"href":"https:\/\/www.europesays.com\/es\/wp-json\/wp\/v2\/posts\/403654\/revisions"}],"wp:featuredmedia":[{"embeddable":true,"href":"https:\/\/www.europesays.com\/es\/wp-json\/wp\/v2\/media\/403655"}],"wp:attachment":[{"href":"https:\/\/www.europesays.com\/es\/wp-json\/wp\/v2\/media?parent=403654"}],"wp:term":[{"taxonomy":"category","embeddable":true,"href":"https:\/\/www.europesays.com\/es\/wp-json\/wp\/v2\/categories?post=403654"},{"taxonomy":"post_tag","embeddable":true,"href":"https:\/\/www.europesays.com\/es\/wp-json\/wp\/v2\/tags?post=403654"}],"curies":[{"name":"wp","href":"https:\/\/api.w.org\/{rel}","templated":true}]}}