{"id":403823,"date":"2026-02-18T11:21:13","date_gmt":"2026-02-18T11:21:13","guid":{"rendered":"https:\/\/www.europesays.com\/es\/403823\/"},"modified":"2026-02-18T11:21:13","modified_gmt":"2026-02-18T11:21:13","slug":"la-mejor-vestida-de-la-fiesta-bridgerton-en-madrid-fue-fiel-al-protocolo-y-a-si-misma","status":"publish","type":"post","link":"https:\/\/www.europesays.com\/es\/403823\/","title":{"rendered":"La mejor vestida de la fiesta Bridgerton en Madrid fue fiel al protocolo (y a s\u00ed misma)"},"content":{"rendered":"<p>Si te hubieran invitado a <a href=\"https:\/\/www.glamour.es\/galerias\/alfombra-roja-the-bridgerton-madrid\" rel=\"nofollow noopener\" target=\"_blank\"><strong>la fiesta Bridgerton<\/strong><\/a>, \u00bfc\u00f3mo habr\u00edas vestido? Pi\u00e9nsalo detenidamente, aunque en realidad solo hay dos opciones: seguir el estilo practicado durante el per\u00edodo de la Regencia o bien ofrecer tu particular versi\u00f3n de los hechos. Y escojas lo que escojas, el reto es may\u00fasculo porque se trata de no excederse y de saber incorporar, en caso de querer hacerlo, detalles actuales con buen gusto.<\/p>\n<p><strong>Gabriela Andrada<\/strong> ha sido una de las much\u00edsimas invitadas que han asistido a <a href=\"https:\/\/www.glamour.es\/galerias\/alfombra-roja-the-bridgerton-madrid\" rel=\"nofollow noopener\" target=\"_blank\"><strong>la fiesta Bridgerton celebrada ayer en Madrid<\/strong><\/a> con motivo del estreno de la segunda parte de la cuarta temporada, pero una de las pocas que optaron por seguir la est\u00e9tica practicada en la serie. <strong>El suyo fue un look abordado desde el respeto hist\u00f3rico y practicado con mucha naturalidad<\/strong>. Pero vayamos por partes porque el estilismo merece un an\u00e1lisis con el objetivo de comprender por qu\u00e9 funcion\u00f3, por qu\u00e9 estuvo acertado y por qu\u00e9 Gabriela escogi\u00f3 bien en un oc\u00e9ano de posibilidades.<\/p>\n<p><img decoding=\"async\" alt=\"Gabriela Andrada en la fiesta Bridgerton celebrada en Madrid. \u00a9 GtresOnline.\" loading=\"lazy\" class=\"ResponsiveImageContainer-eNxvmU cfBbTk responsive-image__image\"   src=\"https:\/\/www.europesays.com\/es\/wp-content\/uploads\/2026\/02\/DL_u600429_157.jpg\"\/><\/p>\n<p>Gabriela Andrada en la fiesta Bridgerton celebrada en Madrid. \u00a9 GtresOnline.<\/p>\n<p>Jesus Briones3 razones que explican por qu\u00e9 el look de Gabriela fue el mejor<\/p>\n<ol>\n<li><strong>Hay que respetar el c\u00f3digo de etiqueta<\/strong>: cuando te invitan a una fiesta, con independencia de que sea m\u00e1s o menos medi\u00e1tica, siempre hay que preguntar por la etiqueta que ha de seguirse. Tan sencillo como esto: \u00bfes formal o informal? Y una vez que obtengas la resputa, la idea es sigas el c\u00f3digo de la manera que t\u00fa consideres, con mayor o menor fidelidad, con m\u00e1s o menos gusto, pero hazlo.<\/li>\n<\/ol>\n<p><strong>*C\u00f3mo lo ha practicado Gabriela<\/strong>: la actriz ha lucido un vestido estilo Regencia con una chaqueta corta a juego. Una propuesta que podr\u00eda haber aparecido en la serie gracias al exquisito parecido con la indumentaria que se llevaba durante dicho per\u00edodo hist\u00f3rico. En su caso, ha seguido la etiqueta al 100% y adem\u00e1s lo ha hecho con gusto.<\/p>\n<p>2. <strong>Hay que saber qu\u00e9 te favorece<\/strong>: el c\u00f3digo de etiqueta o la tem\u00e1tica de la fiesta es la que es y, en este caso, el estilo Regencia no le favorece a todo el mundo. As\u00ed pues, hay que hacer una peque\u00f1a labor de investigaci\u00f3n para saber qu\u00e9 prendas, accesorios y maneras de entonces casan no solo con tu estilo, tambi\u00e9n con facciones, la forma de tu cuerpo e incluso tu cabello y el tono de tu piel. La idea es investigar y conocerse.<\/p>\n","protected":false},"excerpt":{"rendered":"Si te hubieran invitado a la fiesta Bridgerton, \u00bfc\u00f3mo habr\u00edas vestido? Pi\u00e9nsalo detenidamente, aunque en realidad solo hay&hellip;\n","protected":false},"author":2,"featured_media":403824,"comment_status":"","ping_status":"","sticky":false,"template":"","format":"standard","meta":{"footnotes":""},"categories":[91],"tags":[72966,146,147,25,24,23,2922,8373,8374],"class_list":["post-403823","post","type-post","status-publish","format-standard","has-post-thumbnail","category-entretenimiento","tag-_fbia","tag-entertainment","tag-entretenimiento","tag-es","tag-espana","tag-spain","tag-tendencias","tag-textaboveleftsmall","tag-web"],"share_on_mastodon":{"url":"https:\/\/pubeurope.com\/@es\/116091373919859046","error":""},"_links":{"self":[{"href":"https:\/\/www.europesays.com\/es\/wp-json\/wp\/v2\/posts\/403823","targetHints":{"allow":["GET"]}}],"collection":[{"href":"https:\/\/www.europesays.com\/es\/wp-json\/wp\/v2\/posts"}],"about":[{"href":"https:\/\/www.europesays.com\/es\/wp-json\/wp\/v2\/types\/post"}],"author":[{"embeddable":true,"href":"https:\/\/www.europesays.com\/es\/wp-json\/wp\/v2\/users\/2"}],"replies":[{"embeddable":true,"href":"https:\/\/www.europesays.com\/es\/wp-json\/wp\/v2\/comments?post=403823"}],"version-history":[{"count":0,"href":"https:\/\/www.europesays.com\/es\/wp-json\/wp\/v2\/posts\/403823\/revisions"}],"wp:featuredmedia":[{"embeddable":true,"href":"https:\/\/www.europesays.com\/es\/wp-json\/wp\/v2\/media\/403824"}],"wp:attachment":[{"href":"https:\/\/www.europesays.com\/es\/wp-json\/wp\/v2\/media?parent=403823"}],"wp:term":[{"taxonomy":"category","embeddable":true,"href":"https:\/\/www.europesays.com\/es\/wp-json\/wp\/v2\/categories?post=403823"},{"taxonomy":"post_tag","embeddable":true,"href":"https:\/\/www.europesays.com\/es\/wp-json\/wp\/v2\/tags?post=403823"}],"curies":[{"name":"wp","href":"https:\/\/api.w.org\/{rel}","templated":true}]}}