{"id":40399,"date":"2025-08-11T13:14:10","date_gmt":"2025-08-11T13:14:10","guid":{"rendered":"https:\/\/www.europesays.com\/es\/40399\/"},"modified":"2025-08-11T13:14:10","modified_gmt":"2025-08-11T13:14:10","slug":"edy-tavares-no-cabe-en-la-butaca-de-un-avion-que-le-llevo-a-angola-a-jugar-el-afrobasket","status":"publish","type":"post","link":"https:\/\/www.europesays.com\/es\/40399\/","title":{"rendered":"Edy Tavares no cabe en la butaca de un avi\u00f3n que le llev\u00f3 a Angola a jugar el Afrobasket"},"content":{"rendered":"<p class=\"ft-text\">Si una persona <strong>mide 221 cent\u00edmetros,<\/strong> lo normal es que se dedique a jugar al baloncesto para explotar sus virtudes, al menos en cuanto a estatura. Una altura que permite mirar al aro muy de cerca, pero que en<strong> la vida cotidiana ofrece una serie de problemas que son ajenos a la mayor\u00eda de la poblaci\u00f3n<\/strong>. Agacharse ante la mayor\u00eda de marcos de puertas es una costumbre para ellos, que les pidan que les alcancen las cosas que se sit\u00faan en las partes superiores de los armarios es casi una obligaci\u00f3n y encontrar un n\u00famero de zapato o una cama c\u00f3moda en la que dormir casi un reto. En esta l\u00ednea,<strong> <\/strong><a class=\"ft-link ft-link--decoration\" href=\"https:\/\/www.laprovincia.es\/cb-gran-canaria\/2024\/07\/16\/edy-tavares-garuba-ficha-real-105726089.html\" rel=\"nofollow noopener\" target=\"_blank\"><strong>Edy Tavares<\/strong><\/a><strong> tuvo que lidiar con el poco espacio que tuvo en el avi\u00f3n que le traslad\u00f3 hasta Angola para su pr\u00f3ximo reto deportivo.<\/strong><\/p>\n<p class=\"ft-text\">El p\u00edvot del Real Madrid y canterano del CB Gran Canaria va a participa en el pr\u00f3ximo Afrobasket con la selecci\u00f3n de Cabo Verde. Para ello viaj\u00f3 en un avi\u00f3n comercial hasta Angola, donde va a participar en la fase de grupos en la ciudad de Namib\u00e9.<\/p>\n<p>Sin espacio<\/p>\n<p class=\"ft-text\">El problema con el que se encontr\u00f3 Edy junto a sus compa\u00f1eros de equipo fue a la hora de sentarse en la butaca asignada en el avi\u00f3n en el que iba a viajar la expedici\u00f3n, pues <strong>Tavares tuvo que arquear sus piernas para poder encajar en el espacio entre su asiento y el delantero.<\/strong><\/p>\n<p><img decoding=\"async\" src=\"https:\/\/www.europesays.com\/es\/wp-content\/uploads\/2025\/08\/c64f30a1-f2fe-4266-99c8-a7b8b7fc2675_alta-libre-aspect-ratio_default_0_x751y979.jpg\" width=\"1200\" height=\"1600\" alt=\"Tavares avi\u00f3n 2\" class=\"ft-helper-img-rd\" loading=\"lazy\" hasdataaida=\"true\"\/><\/p>\n<p class=\"ft-helper-fontColor-quaternary ft-helper-fontSize-body-S ft-helper-spacer-t-xxs\">Tavares, arqueado en la butaca del avi\u00f3n que le llev\u00f3 a Angola  \/ Twitter<\/p>\n<p class=\"ft-text\">Una incomodidad con la que Edy puede sortear cuando viaja con el Real Madrid al reservarle los asientos de mayor espacio, esos designados XL, pero con la que ha tenido que convivir en el vuelo hasta Angola para disputar la fase de grupos del torneo en el que Cabo Verde est\u00e1 encuadrada con la <strong>Rep\u00fablica Democr\u00e1tica del Congo<\/strong> (mi\u00e9rcoles 13 a las 19.00 horas), <strong>Costa de Marfil<\/strong> (viernes 15) y <strong>Ruanda <\/strong>(domingo 17).<\/p>\n<p>\u00abFeliz\u00bb<\/p>\n<p class=\"ft-text\">A pesar de este inconveniente Tavares comparti\u00f3 a trav\u00e9s de sus redes sociales las im\u00e1genes del momento que tuvo que lidiar en el avi\u00f3n y la alegr\u00eda que le supone juntarse con sus compa\u00f1eros de batallas sobre el parqu\u00e9 para representar a su pa\u00eds.<\/p>\n<p class=\"ft-text\">\u00abSonr\u00edo no porque todo est\u00e9 bien, sino porque me niego a dejar de ser feliz\u00bb, escribi\u00f3 el caboverdiano como filosof\u00eda de vida frente a una nueva experiencia en su carrera con la mente puesta en hacer historia con Cabo Verde.<\/p>\n","protected":false},"excerpt":{"rendered":"Si una persona mide 221 cent\u00edmetros, lo normal es que se dedique a jugar al baloncesto para explotar&hellip;\n","protected":false},"author":2,"featured_media":40400,"comment_status":"","ping_status":"","sticky":false,"template":"","format":"standard","meta":{"footnotes":""},"categories":[269],"tags":[19547,12102,299,298,19548,19215,168,25,10558,24,19545,19546,3048,23,167,6027],"class_list":{"0":"post-40399","1":"post","2":"type-post","3":"status-publish","4":"format-standard","5":"has-post-thumbnail","7":"category-baloncesto","8":"tag-19547","9":"tag-angola","10":"tag-baloncesto","11":"tag-basketball","12":"tag-cabo-verde","13":"tag-centimetros","14":"tag-deportes","15":"tag-es","16":"tag-espacio","17":"tag-espana","18":"tag-imaginas","19":"tag-medir","20":"tag-real-madrid","21":"tag-spain","22":"tag-sports","23":"tag-viajar"},"share_on_mastodon":{"url":"","error":""},"_links":{"self":[{"href":"https:\/\/www.europesays.com\/es\/wp-json\/wp\/v2\/posts\/40399","targetHints":{"allow":["GET"]}}],"collection":[{"href":"https:\/\/www.europesays.com\/es\/wp-json\/wp\/v2\/posts"}],"about":[{"href":"https:\/\/www.europesays.com\/es\/wp-json\/wp\/v2\/types\/post"}],"author":[{"embeddable":true,"href":"https:\/\/www.europesays.com\/es\/wp-json\/wp\/v2\/users\/2"}],"replies":[{"embeddable":true,"href":"https:\/\/www.europesays.com\/es\/wp-json\/wp\/v2\/comments?post=40399"}],"version-history":[{"count":0,"href":"https:\/\/www.europesays.com\/es\/wp-json\/wp\/v2\/posts\/40399\/revisions"}],"wp:featuredmedia":[{"embeddable":true,"href":"https:\/\/www.europesays.com\/es\/wp-json\/wp\/v2\/media\/40400"}],"wp:attachment":[{"href":"https:\/\/www.europesays.com\/es\/wp-json\/wp\/v2\/media?parent=40399"}],"wp:term":[{"taxonomy":"category","embeddable":true,"href":"https:\/\/www.europesays.com\/es\/wp-json\/wp\/v2\/categories?post=40399"},{"taxonomy":"post_tag","embeddable":true,"href":"https:\/\/www.europesays.com\/es\/wp-json\/wp\/v2\/tags?post=40399"}],"curies":[{"name":"wp","href":"https:\/\/api.w.org\/{rel}","templated":true}]}}