{"id":404347,"date":"2026-02-18T18:23:11","date_gmt":"2026-02-18T18:23:11","guid":{"rendered":"https:\/\/www.europesays.com\/es\/404347\/"},"modified":"2026-02-18T18:23:11","modified_gmt":"2026-02-18T18:23:11","slug":"el-algoritmo-de-la-red-social-x-prioriza-contenido-conservador-sobre-informaciones-contrastadas-tecnologia","status":"publish","type":"post","link":"https:\/\/www.europesays.com\/es\/404347\/","title":{"rendered":"El algoritmo de la red social X prioriza contenido conservador sobre informaciones contrastadas | Tecnolog\u00eda"},"content":{"rendered":"<p class=\"\">Las redes sociales funcionan muchas veces como un espacio al que la <a href=\"https:\/\/elpais.com\/tecnologia\/2025-04-14\/estan-los-jovenes-desinformados-por-culpa-de-las-redes-sociales.html\" target=\"_blank\" rel=\"noreferrer nofollow noopener\" title=\"https:\/\/elpais.com\/tecnologia\/2025-04-14\/estan-los-jovenes-desinformados-por-culpa-de-las-redes-sociales.html\">sociedad recurre para informarse<\/a>. <a href=\"https:\/\/elpais.com\/opinion\/2026-02-16\/el-rio-del-olvido-esta-en-x.html\" target=\"_blank\" rel=\"noreferrer nofollow noopener\" title=\"https:\/\/elpais.com\/opinion\/2026-02-16\/el-rio-del-olvido-esta-en-x.html\">X (antes Twitter)<\/a> es todav\u00eda una de las plataformas <a href=\"https:\/\/www.pewresearch.org\/internet\/2024\/06\/12\/how-americans-navigate-politics-on-tiktok-x-facebook-and-instagram\/\" target=\"_blank\" rel=\"noreferrer nofollow noopener\" title=\"https:\/\/www.pewresearch.org\/internet\/2024\/06\/12\/how-americans-navigate-politics-on-tiktok-x-facebook-and-instagram\/\">con m\u00e1s peso<\/a> en ese sentido. <a href=\"https:\/\/www.nature.com\/articles\/s41586-026-10098-2\" target=\"_blank\" rel=\"noreferrer nofollow noopener\" title=\"https:\/\/www.nature.com\/articles\/s41586-026-10098-2\">Una investigaci\u00f3n<\/a> con 4.965 perfiles se puso como objetivo ver qu\u00e9 tipo de discursos amplificaba la plataforma. Tras siete semanas de an\u00e1lisis, los autores concluyeron que el feed algor\u00edtmico de la red, hoy propiedad de Elon Musk, tiende a impulsar m\u00e1s contenido de derechas y a fomentar que los usuarios sigan cuentas de orientaci\u00f3n conservadora.<\/p>\n<p class=\"\">El estudio, que se publica este mi\u00e9rcoles en la revista Nature, se realiz\u00f3 seis meses despu\u00e9s de la <a href=\"https:\/\/elpais.com\/economia\/2022-10-30\/la-compra-de-twitter-contada-por-elon-musk-en-20-tuits.html\" target=\"_blank\" rel=\"noreferrer nofollow noopener\" title=\"https:\/\/elpais.com\/economia\/2022-10-30\/la-compra-de-twitter-contada-por-elon-musk-en-20-tuits.html\">adquisici\u00f3n de Twitter por parte de Musk<\/a> y aproximadamente un a\u00f1o antes del respaldo p\u00fablico que hizo <a href=\"https:\/\/elpais.com\/internacional\/elecciones-usa\/2024-07-13\/elon-musk-entra-en-campana-como-donante-de-donald-trump-para-las-presidenciales.html\" target=\"_blank\" rel=\"noreferrer nofollow noopener\" title=\"https:\/\/elpais.com\/internacional\/elecciones-usa\/2024-07-13\/elon-musk-entra-en-campana-como-donante-de-donald-trump-para-las-presidenciales.html\">a la campa\u00f1a de Donald Trump<\/a> en julio de 2024, cuando el republicano pretend\u00eda regresar a la Casa Blanca. Es decir, en pleno viraje ideol\u00f3gico de la plataforma, cuando se modific\u00f3 el c\u00f3digo fuente que tuvo desde sus inicios, hace veinte a\u00f1os, cortes\u00eda de su nuevo propietario, que <a href=\"https:\/\/elpais.com\/internacional\/2025-05-30\/trump-y-musk-comparecen-en-el-despacho-oval-para-explicar-el-adios-del-magnate-a-la-casa-blanca.html\" target=\"_blank\" rel=\"noreferrer nofollow noopener\" title=\"https:\/\/elpais.com\/internacional\/2025-05-30\/trump-y-musk-comparecen-en-el-despacho-oval-para-explicar-el-adios-del-magnate-a-la-casa-blanca.html\">recibi\u00f3 poderes<\/a> ministeriales por parte del republicano.<\/p>\n<p class=\"\">Durante a\u00f1os, las teor\u00edas de la \u201cc\u00e1mara de eco\u201d y la \u201cburbuja de filtro\u201d ya apuntaban que las redes sociales conten\u00edan algoritmos sesgados que incrementaban la polarizaci\u00f3n y la desinformaci\u00f3n al eliminar perspectivas cr\u00edticas. Sin embargo, este estudio aporta evidencia emp\u00edrica m\u00e1s s\u00f3lida que respalda esas hip\u00f3tesis. <\/p>\n<p class=\"\">Para Mariluz Congosto, investigadora especializada en an\u00e1lisis de redes sociales y visualizaci\u00f3n de datos, el estudio constituye una prueba de que los intereses de la plataforma habr\u00edan evolucionado en consonancia con las posiciones de Musk \u2014que promueve teor\u00edas tr\u00e1nsfobas, racistas y supremacistas como <a href=\"https:\/\/elpais.com\/internacional\/2022-05-22\/el-gran-reemplazo-una-teoria-conspiratoria-letal-con-denominacion-de-origen-francesa.html\" rel=\"nofollow noopener\" title=\"https:\/\/elpais.com\/internacional\/2022-05-22\/el-gran-reemplazo-una-teoria-conspiratoria-letal-con-denominacion-de-origen-francesa.html\" target=\"_blank\">la del Gran Reemplazo<\/a>\u2014.<\/p>\n<p class=\"\">Para Roland Hodler, profesor de Econom\u00eda de la Universidad de San Galo (Suiza) y coautor de la investigaci\u00f3n, el algoritmo de X \u201cno es pol\u00edticamente neutral\u201d. El sistema, apunta el economista, promueve m\u00e1s contenido de activistas pol\u00edticos que de los medios de comunicaci\u00f3n, lo que se traduce en que \u201cm\u00e1s personas est\u00e9n potencialmente influenciadas\u201d por <a href=\"https:\/\/elpais.com\/tecnologia\/2026-02-05\/dos-de-cada-diez-mensajes-en-la-red-social-x-difunden-informacion-falsa-o-enganosa.html\" target=\"_blank\" rel=\"noreferrer nofollow noopener\" title=\"https:\/\/elpais.com\/tecnologia\/2026-02-05\/dos-de-cada-diez-mensajes-en-la-red-social-x-difunden-informacion-falsa-o-enganosa.html\">fuentes poco fiables<\/a>.<\/p>\n<p>No altera las actitudes pol\u00edticas <\/p>\n<p class=\"\">Se asign\u00f3 aleatoriamente a usuarios de Estados Unidos a dos configuraciones distintas: el feed algor\u00edtmico (\u201cPara ti\u201d) o el feed cronol\u00f3gico (\u201cSiguiendo\u201d). Y se analiz\u00f3 el contenido mediante una extensi\u00f3n de navegador instalada voluntariamente por parte de los participantes. <\/p>\n<p class=\"\">Los investigadores de la Universidad de Bocconi (Italia), de San Galo (Suiza), la Escuela de Econom\u00eda de Par\u00eds y la Escuela de Estudios Superiores en Ciencias Sociales (Francia), identificaron que los usuarios dieron mayor prioridad a temas tradicionalmente destacados por el Partido Republicano, como inflaci\u00f3n o inmigraci\u00f3n; mostraron m\u00e1s probabilidad de considerar \u201cinaceptables\u201d las investigaciones penales contra Donald Trump; adoptaron posturas m\u00e1s favorables al Kremlin respecto a la guerra en Ucrania y menos favorables hacia el presidente ucranio, Volod\u00edmir Zelenski. <\/p>\n<p class=\"\">Aunque los resultados sugieren una clara tendencia en el algoritmo y un ajuste de las percepciones sobre asuntos concretos influenciados por este, la investigaci\u00f3n no ha concluido que el sistema tenga un efecto directo en las posiciones pol\u00edticas de las personas.<\/p>\n<p class=\"\">Ram\u00f3n Salaverr\u00eda, investigador sobre medios digitales, tiene una postura cautelosa en este sentido. \u201cNo habr\u00eda que transmitir una impresi\u00f3n que supere lo que el propio estudio plantea\u201d, afirma. \u201cLos usuarios no han cambiado de afinidad respecto del partido. Lo que s\u00ed detecta es un desplazamiento en cuestiones pol\u00e9micas y de actualidad durante el periodo analizado\u201d. En un tiempo relativamente corto durante el verano de 2023, \u201clos afines a ideas conservadoras se hicieron m\u00e1s afines\u201d y se detect\u00f3 \u201ccierta incidencia\u201d en quienes part\u00edan de posiciones liberales, apunta el catedr\u00e1tico de Periodismo en la Universidad de Navarra.<\/p>\n<p>El efecto es duradero<\/p>\n<p class=\"\">Desactivar el algoritmo \u2014es decir, pasar del feed algor\u00edtmico al cronol\u00f3gico\u2014 no produjo efectos inversos. Las publicaciones no se desplazaron de regreso hacia posiciones m\u00e1s liberales. \u201cSi uso el algoritmo, lo activo, veo m\u00e1s contenido de la derecha, de activistas pol\u00edticos, sigo a estos activistas y los a\u00f1ado como cuentas a las que quiero seguir. Y cuando desactivo el algoritmo, sigo todav\u00eda a estas personas\u201d, explica Hodler, coautor de la investigaci\u00f3n. <\/p>\n<p class=\"\">En Espa\u00f1a, <a href=\"https:\/\/elpais.com\/opinion\/2026-02-12\/atrapados-en-el-mundo-de-musk.html\" target=\"_blank\" rel=\"noreferrer nofollow noopener\" title=\"https:\/\/elpais.com\/opinion\/2026-02-12\/atrapados-en-el-mundo-de-musk.html\">la presencia de X es significativa entre la clase pol\u00edtica<\/a>. Diputados y analistas de todo el espectro ideol\u00f3gico han construido en la plataforma buena parte de su notoriedad p\u00fablica. Y muchos de ellos se han mantenido en ella. Incluso despu\u00e9s de que Elon Musk situara al Ejecutivo espa\u00f1ol en el centro de sus cr\u00edticas y amplificara diversos bulos relacionados con la migraci\u00f3n.<\/p>\n<p class=\"\">Los ataques tambi\u00e9n se dirigieron contra Podemos, la formaci\u00f3n que pact\u00f3 con el Gobierno socialista la aprobaci\u00f3n de <a href=\"https:\/\/elpais.com\/espana\/2026-01-26\/podemos-anuncia-un-acuerdo-con-el-gobierno-para-una-regularizacion-extraordinaria-de-migrantes.html\" target=\"_blank\" rel=\"noreferrer nofollow noopener\" title=\"https:\/\/elpais.com\/espana\/2026-01-26\/podemos-anuncia-un-acuerdo-con-el-gobierno-para-una-regularizacion-extraordinaria-de-migrantes.html\">una regularizaci\u00f3n extraordinaria de migrantes<\/a> que podr\u00eda beneficiar a m\u00e1s de 500.000 personas.<\/p>\n<p>\u201cEl negocio es el negocio\u201d<\/p>\n<p class=\"\">Congosto, por su parte, afirma que \u201cTwitter siempre ha tenido sesgo\u201d. A su juicio, antes de la compra de Musk, la plataforma ya mostraba una inclinaci\u00f3n, pero progresista \u2014recuerda el cierre de la cuenta de Donald Trump tras el asalto al Capitolio\u2014. Ahora, el sesgo se ha desplazado. \u201cLas plataformas tienden a alinearse con el poder. El negocio es el negocio\u201d, asegura.<\/p>\n<p class=\"\">Los investigadores detectaron, adem\u00e1s, que los usuarios expuestos al algoritmo ten\u00edan mayor interacci\u00f3n. Para Congosto, este es el objetivo principal del sistema: \u201cTe va a presentar siempre cosas que te enganchan. Eso significa m\u00e1s tiempo en la plataforma y eso tiene un valor econ\u00f3mico clar\u00edsimo\u201d. A su juicio, el sistema no \u201centiende\u201d de ideolog\u00edas, solo de viralidad. \u201cSi en un contexto determinado los contenidos de derechas generan m\u00e1s actividad, se mostrar\u00e1n m\u00e1s\u201d, sostiene.<\/p>\n<p>La agenda en manos del algoritmo<\/p>\n<p class=\"\">El an\u00e1lisis revela que el algoritmo prioriza contenido pol\u00edtico, amplifica cuentas de activistas pol\u00edticos \u2014especialmente conservadores\u2014, y reduce la presencia de medios tradicionales. A juicio de Congosto, esto entra\u00f1a un gran riesgo. Si se reduce la visibilidad de fuentes que contrastan la informaci\u00f3n, aumenta el peso de discursos m\u00e1s emocionales o polarizantes. <\/p>\n<p class=\"\">Ra\u00fal Magall\u00f3n, investigador especializado en desinformaci\u00f3n, tecnolog\u00eda y esfera p\u00fablica, comparte ese diagn\u00f3stico. A su entender, el debate no se limita a un eventual sesgo ideol\u00f3gico, sino que apunta a una transformaci\u00f3n en la construcci\u00f3n de la agenda p\u00fablica. \u201cProbablemente los algoritmos no sirvan para cambiar nuestra cosmovisi\u00f3n pol\u00edtica\u201d, se\u00f1ala, \u201cpero s\u00ed pueden ser determinantes a la hora de definir qu\u00e9 temas ocupan el centro de la actualidad\u201d. Magall\u00f3n advierte que estamos pasando \u201cde la agenda de los medios de comunicaci\u00f3n a la agenda de los algoritmos\u201d.<\/p>\n","protected":false},"excerpt":{"rendered":"Las redes sociales funcionan muchas veces como un espacio al que la sociedad recurre para informarse. X (antes&hellip;\n","protected":false},"author":2,"featured_media":404348,"comment_status":"","ping_status":"","sticky":false,"template":"","format":"standard","meta":{"footnotes":""},"categories":[42],"tags":[23645,17,18,2317,352,11405,629,13,14,11,61,62,63,64,433,19,20,9,10,15,16,952,1922,120,5889,12,6052,21,22,14181,65,66,67],"class_list":["post-404347","post","type-post","status-publish","format-standard","has-post-thumbnail","category-internacional","tag-algoritmos-computacionales","tag-breaking-news","tag-breakingnews","tag-bruselas","tag-donald-trump","tag-elon-musk","tag-estados-unidos","tag-featured-news","tag-featurednews","tag-headlines","tag-internacional","tag-international","tag-international-news","tag-internationalnews","tag-jovenes","tag-latest-news","tag-latestnews","tag-news","tag-noticias","tag-noticias-destacadas","tag-noticiasdestacadas","tag-politica","tag-redes-sociales","tag-tecnologia","tag-tiktok","tag-titulares","tag-twitter","tag-ultimas-noticias","tag-ultimasnoticias","tag-volodimir-zelenski","tag-world","tag-world-news","tag-worldnews"],"share_on_mastodon":{"url":"","error":"Validation failed: Text character limit of 500 exceeded"},"_links":{"self":[{"href":"https:\/\/www.europesays.com\/es\/wp-json\/wp\/v2\/posts\/404347","targetHints":{"allow":["GET"]}}],"collection":[{"href":"https:\/\/www.europesays.com\/es\/wp-json\/wp\/v2\/posts"}],"about":[{"href":"https:\/\/www.europesays.com\/es\/wp-json\/wp\/v2\/types\/post"}],"author":[{"embeddable":true,"href":"https:\/\/www.europesays.com\/es\/wp-json\/wp\/v2\/users\/2"}],"replies":[{"embeddable":true,"href":"https:\/\/www.europesays.com\/es\/wp-json\/wp\/v2\/comments?post=404347"}],"version-history":[{"count":0,"href":"https:\/\/www.europesays.com\/es\/wp-json\/wp\/v2\/posts\/404347\/revisions"}],"wp:featuredmedia":[{"embeddable":true,"href":"https:\/\/www.europesays.com\/es\/wp-json\/wp\/v2\/media\/404348"}],"wp:attachment":[{"href":"https:\/\/www.europesays.com\/es\/wp-json\/wp\/v2\/media?parent=404347"}],"wp:term":[{"taxonomy":"category","embeddable":true,"href":"https:\/\/www.europesays.com\/es\/wp-json\/wp\/v2\/categories?post=404347"},{"taxonomy":"post_tag","embeddable":true,"href":"https:\/\/www.europesays.com\/es\/wp-json\/wp\/v2\/tags?post=404347"}],"curies":[{"name":"wp","href":"https:\/\/api.w.org\/{rel}","templated":true}]}}