{"id":404358,"date":"2026-02-18T18:33:08","date_gmt":"2026-02-18T18:33:08","guid":{"rendered":"https:\/\/www.europesays.com\/es\/404358\/"},"modified":"2026-02-18T18:33:08","modified_gmt":"2026-02-18T18:33:08","slug":"el-basquet-san-gabriel-crece-a-ritmo-de-record","status":"publish","type":"post","link":"https:\/\/www.europesays.com\/es\/404358\/","title":{"rendered":"El B\u00e1squet San Gabriel crece a ritmo de r\u00e9cord"},"content":{"rendered":"<p class=\"ft-text ft-helper-closenews\">El baloncesto femenino alicantino se encuentra en un momento dulce. El s\u00e9nior femenino del Club B\u00e1squet San Gabriel, que compite bajo la denominaci\u00f3n <strong>Astel Logistic BSG<\/strong>, se acaba de proclamar <strong>campe\u00f3n de la Copa S\u00e9nior Femenino Auton\u00f3mico<\/strong> organizada por la Federaci\u00f3n de Baloncesto de la Comunidad Valenciana. Es un t\u00edtulo que confirma la progresi\u00f3n deportiva del club y que da el ascenso virtual a la categor\u00eda nacional. El conjunto alicantino, entrenado por <strong>Juan Vicente Abad<\/strong>, firm\u00f3 una actuaci\u00f3n sobresaliente en la competici\u00f3n copera, alzando el trofeo en una temporada que a\u00fan no ha concluido. Con la liga regular entrando en su segunda vuelta, el equipo mantiene intacto el objetivo de finalizar entre las cuatro primeras clasificadas, una posici\u00f3n que le permitir\u00eda acceder a la <strong>1\u00aa Divisi\u00f3n Nacional Femenina<\/strong>. Adem\u00e1s del prestigio deportivo, el triunfo en la Copa otorga al club un derecho preferencial de ascenso, un factor clave para planificar con mayor margen la pr\u00f3xima campa\u00f1a.<\/p>\n<p class=\"ft-text\">El presidente del club, <strong>Andr\u00e9s Guirao<\/strong>, valor\u00f3 el logro con satisfacci\u00f3n y mirada de futuro: \u201cEs una alegr\u00eda enorme por el trabajo que las jugadoras vienen realizando desde el inicio de la temporada. Esta Copa nos concede un derecho preferencial de ascenso que nos permitir\u00e1 disponer de m\u00e1s tiempo para sumar apoyos y preparar la pr\u00f3xima temporada incluso mejor de lo previsto\u201d.<\/p>\n<p class=\"ft-text\">Guirao quiso subrayar tambi\u00e9n el impacto que este \u00e9xito tiene en la estructura formativa de la entidad: \u201cComo presidente, me emociona pensar en lo que van a disfrutar nuestras m\u00e1s de 120 jugadoras de todas las categor\u00edas compartiendo experiencias con el equipo s\u00e9nior. Son acciones que refuerzan el sentimiento de familia BSG, crean identidad deportiva en las ni\u00f1as y dinamizan de forma saludable nuestro barrio y nuestra ciudad. Ese es, sin duda, nuestro mayor triunfo: ganamos en la cancha, pero ganamos a\u00fan m\u00e1s en la vida\u201d.<\/p>\n<blockquote class=\"ft-mol-quote\" data-aida-quote=\"\"><p>\u00abEn los pr\u00f3ximos meses habr\u00e1 acciones de apoyo para seguir haciendo crecer este proyecto de baloncesto base\u00bb<\/p>\n<p class=\"ft-mol-quote__author--name\">Andr\u00e9s Guirao<\/p>\n<p class=\"ft-mol-quote__author--status\">\u2014 Presidente del Club B\u00e1squet San Gabriel<\/p>\n<\/blockquote>\n<p>Impulso al baloncesto base<\/p>\n<p class=\"ft-text\">El dirigente agradeci\u00f3 asimismo el<strong> respaldo institucional r<\/strong>ecibido tras la consecuci\u00f3n del t\u00edtulo y confi\u00f3 en que se traduzca en apoyos concretos en los pr\u00f3ximos meses para seguir impulsando el proyecto de baloncesto base. M\u00e1s all\u00e1 del trofeo, el \u00e9xito tiene un profundo valor formativo. En la plantilla actual militan jugadoras<strong> formadas \u00edntegramente en la cantera del club<\/strong> desde categor\u00eda benjam\u00edn, un reflejo del modelo de trabajo que ha permitido al Club B\u00e1squet San Gabriel consolidarse como una de las entidades deportivas de referencia en Alicante.<\/p>\n<p class=\"ft-text\">Con m\u00e1s de 300 jugadores y jugadoras en sus equipos masculinos y femeninos, el club es actualmente <strong>el segundo de la ciudad en n\u00famero de licencias federativas<\/strong>. El salto a categor\u00eda nacional supondr\u00eda, adem\u00e1s, el acceso a mejores instalaciones, un paso coherente con su crecimiento deportivo y estructural.<\/p>\n<p class=\"ft-text\">La Copa Auton\u00f3mica no pone fin a la temporada; la impulsa. El Astel Logistic BSG afronta ahora la segunda vuelta con ambici\u00f3n y la oportunidad real de convertir un gran a\u00f1o en una campa\u00f1a hist\u00f3rica para el baloncesto femenino alicantino.<\/p>\n<p>Falta de instalaciones<\/p>\n<p class=\"ft-text\">El m\u00e9rito del B\u00e1squet San Gabriel es mucho al tener que <strong>lidiar con la falta de instalaciones municipales<\/strong> como ocurre con buena parte de los clubes de la ciudad. Los equipos tienen que recurrir a colegios e institutos para poder llevar a cabo sus entrenamientos al disponer \u00fanicamente del pabell\u00f3n de Babel. Adem\u00e1s, parte de las instalaciones del Samaranch permanecen cerradas por los efectos del viento, complicando a\u00fan m\u00e1s la situaci\u00f3n. Pese a ello, <strong>la cantera sigue creciendo<\/strong> y solo el Lucentum tienen m\u00e1s licencias federativas. Con el ascenso virtual a Primera Nacional, las jugadoras de las base tienen un espejo donde mirarse. Esfuerzo y buena gesti\u00f3n dan sus frutos en San Gabriel, un barrio que reivindica el deporte.<\/p>\n<p data-close=\"closedContent\" class=\"subscribeHideForDisplay\">Suscr\u00edbete para seguir leyendo<\/p>\n","protected":false},"excerpt":{"rendered":"El baloncesto femenino alicantino se encuentra en un momento dulce. El s\u00e9nior femenino del Club B\u00e1squet San Gabriel,&hellip;\n","protected":false},"author":2,"featured_media":404359,"comment_status":"","ping_status":"","sticky":false,"template":"","format":"standard","meta":{"footnotes":""},"categories":[269],"tags":[299,11503,298,4597,1798,12008,168,25,24,35871,10911,2228,87117,23,167],"class_list":["post-404358","post","type-post","status-publish","format-standard","has-post-thumbnail","category-baloncesto","tag-baloncesto","tag-baloncesto-femenino","tag-basketball","tag-basquet","tag-club","tag-crece","tag-deportes","tag-es","tag-espana","tag-gabriel","tag-ritmo","tag-san","tag-san-gabriel","tag-spain","tag-sports"],"share_on_mastodon":{"url":"https:\/\/pubeurope.com\/@es\/116093072708161755","error":""},"_links":{"self":[{"href":"https:\/\/www.europesays.com\/es\/wp-json\/wp\/v2\/posts\/404358","targetHints":{"allow":["GET"]}}],"collection":[{"href":"https:\/\/www.europesays.com\/es\/wp-json\/wp\/v2\/posts"}],"about":[{"href":"https:\/\/www.europesays.com\/es\/wp-json\/wp\/v2\/types\/post"}],"author":[{"embeddable":true,"href":"https:\/\/www.europesays.com\/es\/wp-json\/wp\/v2\/users\/2"}],"replies":[{"embeddable":true,"href":"https:\/\/www.europesays.com\/es\/wp-json\/wp\/v2\/comments?post=404358"}],"version-history":[{"count":0,"href":"https:\/\/www.europesays.com\/es\/wp-json\/wp\/v2\/posts\/404358\/revisions"}],"wp:featuredmedia":[{"embeddable":true,"href":"https:\/\/www.europesays.com\/es\/wp-json\/wp\/v2\/media\/404359"}],"wp:attachment":[{"href":"https:\/\/www.europesays.com\/es\/wp-json\/wp\/v2\/media?parent=404358"}],"wp:term":[{"taxonomy":"category","embeddable":true,"href":"https:\/\/www.europesays.com\/es\/wp-json\/wp\/v2\/categories?post=404358"},{"taxonomy":"post_tag","embeddable":true,"href":"https:\/\/www.europesays.com\/es\/wp-json\/wp\/v2\/tags?post=404358"}],"curies":[{"name":"wp","href":"https:\/\/api.w.org\/{rel}","templated":true}]}}