{"id":404611,"date":"2026-02-18T21:43:05","date_gmt":"2026-02-18T21:43:05","guid":{"rendered":"https:\/\/www.europesays.com\/es\/404611\/"},"modified":"2026-02-18T21:43:05","modified_gmt":"2026-02-18T21:43:05","slug":"u2-lanza-por-sorpresa-un-disco-sobre-la-situacion-del-mundo-y-las-personas-que-luchan-por-la-libertad","status":"publish","type":"post","link":"https:\/\/www.europesays.com\/es\/404611\/","title":{"rendered":"U2 lanza por sorpresa un disco \u00absobre la situaci\u00f3n del mundo y las personas que luchan por la libertad\u00bb"},"content":{"rendered":"<p style=\"\">Si Bruce Springsteen lanza una gira con la esperanza de hacer de este mundo un lugar mejor, <a href=\"https:\/\/www.abc.es\/cultura\/aburrido-20230323135746-nt.html\" target=\"_blank\" data-voc-vtm-id=\"in-text-traffic\" title=\"U2\" data-mrf-link=\"www.abc.es\" rel=\"nofollow noopener\">U2<\/a> han publicado un disco: en este Mi\u00e9rcoles de Ceniza ha visto la luz en formato digital <strong>&#8216;U2 &#8211; Days Of Ash&#8217;<\/strong>, un nuevo EP con  &#8230; cinco canciones in\u00e9ditas y un poema que llevan los t\u00edtulos de &#8216;American Obituary&#8217;, &#8216;The Tears Of Things&#8217;, &#8216;Song Of The Future&#8217;, &#8216;Wildpeace&#8217;, &#8216;One Life At A Time&#8217; y &#8216;Yours Eternally&#8217;, y que seg\u00fan la banda irlandesa son \u00abuna respuesta inmediata a los acontecimientos actuales e inspirada en las muchas personas extraordinarias y valientes que luchan en primera l\u00ednea por la libertad\u00bb. <\/p>\n<p class=\"v-d-p\" style=\"\">\u00abHa sido muy emocionante volver a reunirnos los cuatro en el estudio durante el \u00faltimo a\u00f1o\u00bb, dice Bono sobre la gestaci\u00f3n del proyecto. \u00abLas canciones de Days of Ash son muy diferentes en cuanto a estilo y tem\u00e1tica a las que incluiremos en nuestro \u00e1lbum a finales de a\u00f1o\u00bb. <\/p>\n<p class=\"v-d-p\" style=\"\">El cantante explica que \u00ablas canciones de este EP no pod\u00edan esperar; estaban impacientes por salir al mundo. Son canciones de rebeld\u00eda y consternaci\u00f3n, de lamento. A pesar de toda la atrocidad que vemos normalizada a diario en nuestras peque\u00f1as pantallas, no hay nada normal en estos tiempos locos y enloquecedores, y tenemos que plantarles cara antes de poder volver a tener fe en el futuro\u00bb.<\/p>\n<ul class=\"v-cmp-rld__u\">\n<li class=\"v-cmp-rld__l\">\n<p class=\"v-a-p-t\">\nBono confiesa, las conmovedoras memorias del l\u00edder de U2\n<\/p>\n<\/li>\n<\/ul>\n<p class=\"v-d-p\" style=\"\">&#8216;American Obituary&#8217; habla del impactante suceso que el mundo presenci\u00f3 en Minneapolis cuando <a href=\"https:\/\/www.abc.es\/internacional\/renee-nicole-good-mujer-muerta-tiros-agentes-20260108113516-nt.html\" target=\"_blank\" data-voc-vtm-id=\"in-text-traffic\" title=\"Ren\u00e9e Good\" data-mrf-link=\"www.abc.es\" rel=\"nofollow noopener\">Ren\u00e9e Good<\/a>, una madre de tres hijos, fue asesinada a quemarropa mientras ejerc\u00eda su derecho a manifestarse pac\u00edficamente.<\/p>\n<p class=\"v-d-p\" style=\"\">&#8216;The Tears Of Things&#8217; toma prestado su t\u00edtulo de un libro del fraile franciscano Richard Rohr, que examina, a trav\u00e9s de los escritos de los profetas jud\u00edos, c\u00f3mo se puede vivir con compasi\u00f3n en una \u00e9poca de violencia y desesperaci\u00f3n.<\/p>\n<p class=\"v-d-p\" style=\"\">Sarina, la protagonista de la letra de &#8216;Song of the Future&#8217;, rinde homenaje a la vida de Sarina Esmailzadeh, una joven iran\u00ed de 16 a\u00f1os que particip\u00f3 en las protestas por la muerte de Jina Mahsa Amini tras su detenci\u00f3n por no llevar el hiyab.<\/p>\n<p class=\"v-d-p\" style=\"\">El EP Days of Ash incluye una lectura de &#8216;Wildpeace&#8217; &#8211; un poema del autor y poeta israel\u00ed Yehuda Amichai, a cargo de la artista nigeriana Adeola, de Les Amazones d&#8217;Afrique, con m\u00fasica de U2 y Jacknife Lee.<\/p>\n<p class=\"v-d-p\" style=\"\">&#8216;One Life At A Time&#8217; est\u00e1 dedicada a Awdah Hathaleen, un padre palestino de tres hijos, activista no violento y profesor de ingl\u00e9s que fue consultor del documental &#8216;No Other Land&#8217;, que fue asesinado en su pueblo de Cisjordania por el colono israel\u00ed Yinon Levi.<\/p>\n<p class=\"v-d-p\" style=\"\">En &#8216;Yours Eternally&#8217; cuentan con la colaboraci\u00f3n vocal del m\u00fasico ucraniano convertido en soldado Taras Topolia (a quien U2 conocierton cuando fueron a dar un concierto sorpresa en el metro de Kiev), as\u00ed como de Ed Sheeran.<\/p>\n<p class=\"v-d-p\" style=\"\">La recaudaci\u00f3n que U2 obtenga con las reproducciones de estas canciones se donar\u00e1 a Amnist\u00eda Internacional, el Comit\u00e9 para la Protecci\u00f3n de Periodistas y ACNUR, la Agencia de la ONU para los Refugiados.<\/p>\n","protected":false},"excerpt":{"rendered":"Si Bruce Springsteen lanza una gira con la esperanza de hacer de este mundo un lugar mejor, U2&hellip;\n","protected":false},"author":2,"featured_media":404612,"comment_status":"","ping_status":"","sticky":false,"template":"","format":"standard","meta":{"footnotes":""},"categories":[170],"tags":[3586,12019,146,147,25,24,16599,3013,184,185,859,57,5785,23],"class_list":["post-404611","post","type-post","status-publish","format-standard","has-post-thumbnail","category-musica","tag-actual","tag-disco","tag-entertainment","tag-entretenimiento","tag-es","tag-espana","tag-lanzan","tag-mundo","tag-music","tag-musica","tag-situacion","tag-sobre","tag-sorpresa","tag-spain"],"share_on_mastodon":{"url":"https:\/\/pubeurope.com\/@es\/116093819812949233","error":""},"_links":{"self":[{"href":"https:\/\/www.europesays.com\/es\/wp-json\/wp\/v2\/posts\/404611","targetHints":{"allow":["GET"]}}],"collection":[{"href":"https:\/\/www.europesays.com\/es\/wp-json\/wp\/v2\/posts"}],"about":[{"href":"https:\/\/www.europesays.com\/es\/wp-json\/wp\/v2\/types\/post"}],"author":[{"embeddable":true,"href":"https:\/\/www.europesays.com\/es\/wp-json\/wp\/v2\/users\/2"}],"replies":[{"embeddable":true,"href":"https:\/\/www.europesays.com\/es\/wp-json\/wp\/v2\/comments?post=404611"}],"version-history":[{"count":0,"href":"https:\/\/www.europesays.com\/es\/wp-json\/wp\/v2\/posts\/404611\/revisions"}],"wp:featuredmedia":[{"embeddable":true,"href":"https:\/\/www.europesays.com\/es\/wp-json\/wp\/v2\/media\/404612"}],"wp:attachment":[{"href":"https:\/\/www.europesays.com\/es\/wp-json\/wp\/v2\/media?parent=404611"}],"wp:term":[{"taxonomy":"category","embeddable":true,"href":"https:\/\/www.europesays.com\/es\/wp-json\/wp\/v2\/categories?post=404611"},{"taxonomy":"post_tag","embeddable":true,"href":"https:\/\/www.europesays.com\/es\/wp-json\/wp\/v2\/tags?post=404611"}],"curies":[{"name":"wp","href":"https:\/\/api.w.org\/{rel}","templated":true}]}}