{"id":404701,"date":"2026-02-18T22:55:13","date_gmt":"2026-02-18T22:55:13","guid":{"rendered":"https:\/\/www.europesays.com\/es\/404701\/"},"modified":"2026-02-18T22:55:13","modified_gmt":"2026-02-18T22:55:13","slug":"la-miopia-podria-estar-mas-relacionada-con-la-falta-de-luz","status":"publish","type":"post","link":"https:\/\/www.europesays.com\/es\/404701\/","title":{"rendered":"La miop\u00eda podr\u00eda estar m\u00e1s relacionada con la falta de luz"},"content":{"rendered":"<p>Una investigaci\u00f3n publicada en\u00a0Cell Report\u00a0relaciona la miop\u00eda con el h\u00e1bito de vivir o trabajar en entornos de mucha penumbra. Expertos de la\u00a0<strong>Facultad de Optometr\u00eda de Suny<\/strong>\u00a0en Nueva York (Estados Unidos) consideran que esta costumbre podr\u00eda estresar los ojos al limitar la cantidad de luz que llega a la retina.<\/p>\n<p><a href=\"https:\/\/wa.me\/?text=https%3A%2F%2Fwww.agenciasinc.es%2FNoticias%2FLa-miopia-podria-estar-mas-relacionada-con-la-falta-de-luz-que-con-las-pantallas\" target=\"_blank\" rel=\"noreferrer noopener nofollow\"><a href=\"https:\/\/bsky.app\/intent\/compose?text=Recomiendan%20exponer%20los%20ojos%20a%20una%20cantidad%20suficiente%20de%20luz%20en%20entornos%20cerrados%20para%20que%20la%20pupila%20se%20regule%20gracias%20al%20brillo%20de%20la%20imagen:+https%3A%2F%2Fwww.agenciasinc.es%2FNoticias%2FLa-miopia-podria-estar-mas-relacionada-con-la-falta-de-luz-que-con-las-pantallas\" target=\"_blank\" rel=\"noreferrer noopener nofollow\"><a href=\"https:\/\/x.com\/intent\/tweet?url=https%3A%2F%2Fwww.agenciasinc.es%2FNoticias%2FLa-miopia-podria-estar-mas-relacionada-con-la-falta-de-luz-que-con-las-pantallas&amp;via=agencia_sinc&amp;text=Recomiendan%20exponer%20los%20ojos%20a%20una%20cantidad%20suficiente%20de%20luz%20en%20entornos%20cerrados%20para%20que%20la%20pupila%20se%20regule%20gracias%20al%20brillo%20de%20la%20imagen\" target=\"_blank\" rel=\"noreferrer noopener nofollow\"><a href=\"https:\/\/www.facebook.com\/sharer.php?u=https%3A%2F%2Fwww.agenciasinc.es%2FNoticias%2FLa-miopia-podria-estar-mas-relacionada-con-la-falta-de-luz-que-con-las-pantallas&amp;t=Recomiendan%20exponer%20los%20ojos%20a%20una%20cantidad%20suficiente%20de%20luz%20en%20entornos%20cerrados%20para%20que%20la%20pupila%20se%20regule%20gracias%20al%20brillo%20de%20la%20imagen\" target=\"_blank\" rel=\"noreferrer noopener nofollow\"><a href=\"https:\/\/www.linkedin.com\/shareArticle?mini=true&amp;url=https%3A%2F%2Fwww.agenciasinc.es%2FNoticias%2FLa-miopia-podria-estar-mas-relacionada-con-la-falta-de-luz-que-con-las-pantallas&amp;title=Recomiendan%20exponer%20los%20ojos%20a%20una%20cantidad%20suficiente%20de%20luz%20en%20entornos%20cerrados%20para%20que%20la%20pupila%20se%20regule%20gracias%20al%20brillo%20de%20la%20imagen&amp;summary=Recomiendan%20exponer%20los%20ojos%20a%20una%20cantidad%20suficiente%20de%20luz%20en%20entornos%20cerrados%20para%20que%20la%20pupila%20se%20regule%20gracias%20al%20brillo%20de%20la%20imagen&amp;source=agencia_sinc\" target=\"_blank\" rel=\"noreferrer noopener nofollow\"><a href=\"https:\/\/www.agenciasinc.es\/Noticias\/La-miopia-podria-estar-mas-relacionada-con-la-falta-de-luz-que-con-las-pantallas#\" rel=\"nofollow noopener\" target=\"_blank\">Seg\u00fan informa el l\u00edder del trabajo,\u00a0<strong>Jos\u00e9 Manuel Alonso<\/strong>, \u201cnuestro hallazgo sugiere que un factor subyacente de la miop\u00eda podr\u00eda ser el volumen de luz recibido mientras se enfoca de cerca durante un tiempo prolongado\u201d.\u00a0<\/p>\n<p>Al mirar objetos cercanos en interiores como tel\u00e9fonos, tabletas o libros, la pupila se contrae para enfocar la imagen. El equipo se\u00f1ala que\u00a0esta costumbre podr\u00eda predisponer a la miop\u00eda, y recomiendan exponer los ojos a una cantidad suficiente de luz en entornos cerrados para que la pupila se regule adecuadamente gracias al brillo de la imagen.<\/p>\n<p>Acomodaci\u00f3n del cristalino<\/p>\n<p>El estudio demostr\u00f3 que las lentes negativas reducen la\u00a0<strong>iluminaci\u00f3n retinal<\/strong>\u00a0al contraer la pupila mediante un proceso de contracci\u00f3n denominado acomodaci\u00f3n. Dicha contracci\u00f3n se vuelve m\u00e1s fuerte al acortar la distancia de visi\u00f3n, durante periodos prolongados y cuando el ojo se vuelve miope.\u00a0<\/p>\n<p><a href=\"https:\/\/wa.me\/?text=https%3A%2F%2Fwww.agenciasinc.es%2FNoticias%2FLa-miopia-podria-estar-mas-relacionada-con-la-falta-de-luz-que-con-las-pantallas\" target=\"_blank\" rel=\"noreferrer noopener nofollow\"><a href=\"https:\/\/bsky.app\/intent\/compose?text=Esta%20contracci%C3%B3n%20pupilar%20podr%C3%ADa%20reducirse%20con%20lentes%20multifocales%2C%20mediante%20gotas%20de%20atropina%20o%20pasando%20tiempo%20al%20aire%20libre%C2%A0:+https%3A%2F%2Fwww.agenciasinc.es%2FNoticias%2FLa-miopia-podria-estar-mas-relacionada-con-la-falta-de-luz-que-con-las-pantallas\" target=\"_blank\" rel=\"noreferrer noopener nofollow\"><a href=\"https:\/\/x.com\/intent\/tweet?url=https%3A%2F%2Fwww.agenciasinc.es%2FNoticias%2FLa-miopia-podria-estar-mas-relacionada-con-la-falta-de-luz-que-con-las-pantallas&amp;via=agencia_sinc&amp;text=Esta%20contracci%C3%B3n%20pupilar%20podr%C3%ADa%20reducirse%20con%20lentes%20multifocales%2C%20mediante%20gotas%20de%20atropina%20o%20pasando%20tiempo%20al%20aire%20libre%C2%A0\" target=\"_blank\" rel=\"noreferrer noopener nofollow\"><a href=\"https:\/\/www.facebook.com\/sharer.php?u=https%3A%2F%2Fwww.agenciasinc.es%2FNoticias%2FLa-miopia-podria-estar-mas-relacionada-con-la-falta-de-luz-que-con-las-pantallas&amp;t=Esta%20contracci%C3%B3n%20pupilar%20podr%C3%ADa%20reducirse%20con%20lentes%20multifocales%2C%20mediante%20gotas%20de%20atropina%20o%20pasando%20tiempo%20al%20aire%20libre%C2%A0\" target=\"_blank\" rel=\"noreferrer noopener nofollow\"><a href=\"https:\/\/www.linkedin.com\/shareArticle?mini=true&amp;url=https%3A%2F%2Fwww.agenciasinc.es%2FNoticias%2FLa-miopia-podria-estar-mas-relacionada-con-la-falta-de-luz-que-con-las-pantallas&amp;title=Esta%20contracci%C3%B3n%20pupilar%20podr%C3%ADa%20reducirse%20con%20lentes%20multifocales%2C%20mediante%20gotas%20de%20atropina%20o%20pasando%20tiempo%20al%20aire%20libre%C2%A0&amp;summary=Esta%20contracci%C3%B3n%20pupilar%20podr%C3%ADa%20reducirse%20con%20lentes%20multifocales%2C%20mediante%20gotas%20de%20atropina%20o%20pasando%20tiempo%20al%20aire%20libre%C2%A0&amp;source=agencia_sinc\" target=\"_blank\" rel=\"noreferrer noopener nofollow\"><a href=\"https:\/\/www.agenciasinc.es\/Noticias\/La-miopia-podria-estar-mas-relacionada-con-la-falta-de-luz-que-con-las-pantallas#\" rel=\"nofollow noopener\" target=\"_blank\">Si se demuestra que es correcto, el mecanismo propuesto podr\u00eda conducir a un cambio de paradigma en la comprensi\u00f3n y el control de la\u00a0<strong>miop\u00eda<\/strong>, seg\u00fan expresan los investigadores. Esta contracci\u00f3n pupilar podr\u00eda reducirse con lentes multifocales, mediante gotas de atropina \u2013que bloquean los m\u00fasculos que contraen la pupila\u2013 o pasando tiempo al aire libre mientras se observan distancias lejanas.\u00a0<\/p>\n<p>Este mecanismo predice que cualquier estrategia para el control de la miop\u00eda fracasar\u00e1 si el ojo se expone a una acomodaci\u00f3n excesiva en interiores debido a la falta de luz durante per\u00edodos prolongados.<\/p>\n<p>\u201cNo es un resultado\u00a0<strong>definitivo<\/strong>\u201d, enfatiza Alonso. \u201cEs una hip\u00f3tesis demostrable basada en la fisiolog\u00eda del ojo que relaciona muchos factores diferentes\u201d.\u00a0<a\/><\/p>\n<p>Factores ambientales<\/p>\n<p>A su juicio,<a href=\"https:\/\/www.saludadiario.es\/profesionales\/como-prevenir-y-ralentizar-la-progresion-de-la-miopia\/\" target=\"_blank\" rel=\"noreferrer noopener nofollow\"> la miop\u00eda ha alcanzado niveles casi\u00a0<strong>epid\u00e9micos<\/strong><\/a>\u00a0en todo el mundo y todav\u00eda se desconoce la causa exacta de esta enfermedad oftalmol\u00f3gica. Concretamente, afecta al 50 % de los adultos j\u00f3venes en EE UU y Europa; y a cerca del 90 % en algunas regiones del este de Asia.\u00a0<\/p>\n<p>Si bien la\u00a0<strong>gen\u00e9tica<\/strong>\u00a0posee un papel importante en su desarrollo, el aumento r\u00e1pido de los casos en pocas generaciones sugiere que las caracter\u00edsticas ambientales tambi\u00e9n son relevantes. Esta investigaci\u00f3n ayuda a explicar por qu\u00e9 factores aparentemente diferentes parecen influir en la evoluci\u00f3n de la miop\u00eda.\u00a0<\/p>\n<p><strong>Referencia:\u00a0<\/strong><\/p>\n<p>Maharjan, U. et al. Human accommodative visuomotor function is driven by contrast through ON and OFF pathways and is enhanced in myopia.\u00a0Cell Report 2025<\/p>\n<p>Fuente:\u00a0<strong>SINC<\/strong><\/p>\n","protected":false},"excerpt":{"rendered":"Una investigaci\u00f3n publicada en\u00a0Cell Report\u00a0relaciona la miop\u00eda con el h\u00e1bito de vivir o trabajar en entornos de mucha&hellip;\n","protected":false},"author":2,"featured_media":404702,"comment_status":"","ping_status":"","sticky":false,"template":"","format":"standard","meta":{"footnotes":""},"categories":[92],"tags":[25,24,165,1875,29546,4646,166,23],"class_list":["post-404701","post","type-post","status-publish","format-standard","has-post-thumbnail","category-salud","tag-es","tag-espana","tag-health","tag-luz","tag-miopia","tag-pantallas","tag-salud","tag-spain"],"share_on_mastodon":{"url":"https:\/\/pubeurope.com\/@es\/116094102839267371","error":""},"_links":{"self":[{"href":"https:\/\/www.europesays.com\/es\/wp-json\/wp\/v2\/posts\/404701","targetHints":{"allow":["GET"]}}],"collection":[{"href":"https:\/\/www.europesays.com\/es\/wp-json\/wp\/v2\/posts"}],"about":[{"href":"https:\/\/www.europesays.com\/es\/wp-json\/wp\/v2\/types\/post"}],"author":[{"embeddable":true,"href":"https:\/\/www.europesays.com\/es\/wp-json\/wp\/v2\/users\/2"}],"replies":[{"embeddable":true,"href":"https:\/\/www.europesays.com\/es\/wp-json\/wp\/v2\/comments?post=404701"}],"version-history":[{"count":0,"href":"https:\/\/www.europesays.com\/es\/wp-json\/wp\/v2\/posts\/404701\/revisions"}],"wp:featuredmedia":[{"embeddable":true,"href":"https:\/\/www.europesays.com\/es\/wp-json\/wp\/v2\/media\/404702"}],"wp:attachment":[{"href":"https:\/\/www.europesays.com\/es\/wp-json\/wp\/v2\/media?parent=404701"}],"wp:term":[{"taxonomy":"category","embeddable":true,"href":"https:\/\/www.europesays.com\/es\/wp-json\/wp\/v2\/categories?post=404701"},{"taxonomy":"post_tag","embeddable":true,"href":"https:\/\/www.europesays.com\/es\/wp-json\/wp\/v2\/tags?post=404701"}],"curies":[{"name":"wp","href":"https:\/\/api.w.org\/{rel}","templated":true}]}}