{"id":40553,"date":"2025-08-11T14:48:07","date_gmt":"2025-08-11T14:48:07","guid":{"rendered":"https:\/\/www.europesays.com\/es\/40553\/"},"modified":"2025-08-11T14:48:07","modified_gmt":"2025-08-11T14:48:07","slug":"sofia-suescun-mas-aferrada-que-nunca-a-kiko-jimenez","status":"publish","type":"post","link":"https:\/\/www.europesays.com\/es\/40553\/","title":{"rendered":"Sof\u00eda Suescun m\u00e1s aferrada que nunca a Kiko Jim\u00e9nez"},"content":{"rendered":"<p class=\"voc-p\" style=\"\">La ganadora de &#8216;Supervivientes&#8217; ha expresado <a href=\"https:\/\/www.abc.es\/gente\/sofia-suescun-kiko-jimenez-encerrados-casa-tras-20250806114550-vi.html\" target=\"_self\" data-voc-vtm-id=\"in-text-traffic\" title=\"el amor que siente por su pareja\" data-mrf-link=\"www.abc.es\" rel=\"nofollow noopener\">el amor que siente por su pareja<\/a> a trav\u00e9s de un comunicado en Instagram en el que las palabras de agradecimiento y cari\u00f1o abundan. Un acto que esclarece todas las especulaciones que surgieron desde que <a href=\"https:\/\/www.abc.es\/gente\/ultimo-golpe-maite-galdeano-inesperado-plan-acercarse-20240923112420-nt.html\" target=\"_self\" data-voc-vtm-id=\"in-text-traffic\" title=\"la madre de Suescun\" data-mrf-link=\"www.abc.es\" rel=\"nofollow noopener\">la madre de Suescun<\/a> encendi\u00f3 la llama de un conflicto que gira en torno a las razones por las que ya no vive en la casa de la influencer. Ahora, su hermano <strong>Cristian<\/strong> ha salido en defensa de Maite Galdeano, afirmando que <strong>Kiko Jim\u00e9nez<\/strong> es culpable de la disputa en su familia.<\/p>\n<p class=\"voc-p\" style=\"\"><a href=\"https:\/\/www.abc.es\/gente\/contraste-familia-galdeano-maite-ingresada-urgencias-sofia-20241017114242-nt.html\" target=\"_self\" data-voc-vtm-id=\"in-text-traffic\" title=\"El conflicto familiar\" data-mrf-link=\"www.abc.es\" rel=\"nofollow noopener\">El conflicto familiar<\/a> se ha mantenido durante m\u00e1s de un a\u00f1o y Sof\u00eda lo ha dejado muy al margen del foco medi\u00e1tico. Su silencio ha creado una gran expectativa que se disip\u00f3 este domingo, cuando <strong>poste\u00f3 sus m\u00e1s sentidas palabras<\/strong> hacia el andaluz dejando claro que toda esta tormenta lo \u00fanico que ha hecho es fortalecer la relaci\u00f3n de seis a\u00f1os entre ellos.<\/p>\n<p class=\"voc-p\" style=\"\">\u00abEn medio de todo lo que est\u00e1 pasando, quiero que sepas que si hay algo que me mantiene en pie, eres t\u00fa\u00bb. As\u00ed empieza la carta en la que Suescun <strong>manifiesta abiertamente su amor<\/strong> por Kiko. En un contexto en el que, como ella misma ha manifestado en varias ocasiones, <a href=\"https:\/\/www.abc.es\/gente\/maite-galdeano-recurre-brujeria-acabar-guerra-sofia-20240826132706-vi.html\" target=\"_self\" data-voc-vtm-id=\"in-text-traffic\" title=\"se ha sentido traicionada por su familia\" data-mrf-link=\"www.abc.es\" rel=\"nofollow noopener\">se ha sentido traicionada por su familia<\/a>.<\/p>\n<p class=\"voc-p\" style=\"\">Kiko Jim\u00e9nez, por su parte, este s\u00e1bado <strong>se ausent\u00f3 en el programa<\/strong> &#8216;Fiesta&#8217;, donde es colaborador. Aparentemente la situaci\u00f3n est\u00e1 siendo cada vez m\u00e1s inc\u00f3moda, pues durante la \u00faltima semana, Cristian Suescun ha destapado una supuesta infidelidad que ocurri\u00f3 mientras Sof\u00eda concursaba en &#8216;Supervivientes All Stars&#8217;. <strong>C\u00e9sar Mu\u00f1oz<\/strong>, conductor del programa de Telecinco afirm\u00f3: \u00abHay un motivo de fuerza mayor que le ha impedido, como \u00e9l hubiese querido, estar aqu\u00ed con nosotros\u00bb. <\/p>\n<p class=\"voc-p\" style=\"\"><strong>La decepci\u00f3n<\/strong> de Sof\u00eda por el comportamiento de su familia se refleja en las palabras que dedica a su pareja: \u00abS\u00e9 que esa fortaleza tambi\u00e9n esconde un coraz\u00f3n que siente y sufre, al igual que tu maravillosa familia, a la que admiro y que, sinceramente, <strong>ojal\u00e1 tener yo en otra vida<\/strong>\u00bb.<\/p>\n<p class=\"voc-p\" style=\"\">Tambi\u00e9n agrega: \u00abLo nuestro se mide en respeto, en confianza y en amor del bueno. Y ese, por suerte, no nos lo puede quitar nadie&#8230; <strong>Tu capacidad de perd\u00f3n es impresionante<\/strong> y me ense\u00f1a cada d\u00eda lo fuerte que es nuestro amor. Te amo m\u00e1s de lo que estas palabras pueden decir, y aunque todo pase y cambie, <strong>lo \u00fanico que deseo es seguir caminando a tu lado<\/strong>.<\/p>\n<p class=\"voc-p\" style=\"\">La emotiva carta termina con la frase: \u00abSiempre tuya, Sof\u00eda\u00bb.<\/p>\n<p class=\"voc-p\" style=\"\">Esto sin duda dejar ver que la pareja ha elegido fortalecer el v\u00ednculo que les une, aunque la otra cara de la moneda muestra a una Sof\u00eda en fuerte conflicto con su madre y hermano.<\/p>\n<p class=\"voc-p\" style=\"\">\u00bfSe calmar\u00e1n las aguas o seguir\u00e1 la disputa familiar?<\/p>\n<p>Reportar un error<\/p>\n","protected":false},"excerpt":{"rendered":"La ganadora de &#8216;Supervivientes&#8217; ha expresado el amor que siente por su pareja a trav\u00e9s de un comunicado&hellip;\n","protected":false},"author":2,"featured_media":40554,"comment_status":"","ping_status":"","sticky":false,"template":"","format":"standard","meta":{"footnotes":""},"categories":[174],"tags":[19607,255,146,147,25,24,256,11672,3523,1050,11647,23,14074],"class_list":{"0":"post-40553","1":"post","2":"type-post","3":"status-publish","4":"format-standard","5":"has-post-thumbnail","7":"category-famosos","8":"tag-aferrada","9":"tag-celebrities","10":"tag-entertainment","11":"tag-entretenimiento","12":"tag-es","13":"tag-espana","14":"tag-famosos","15":"tag-jimenez","16":"tag-kiko","17":"tag-nunca","18":"tag-sofia","19":"tag-spain","20":"tag-suescun"},"share_on_mastodon":{"url":"","error":""},"_links":{"self":[{"href":"https:\/\/www.europesays.com\/es\/wp-json\/wp\/v2\/posts\/40553","targetHints":{"allow":["GET"]}}],"collection":[{"href":"https:\/\/www.europesays.com\/es\/wp-json\/wp\/v2\/posts"}],"about":[{"href":"https:\/\/www.europesays.com\/es\/wp-json\/wp\/v2\/types\/post"}],"author":[{"embeddable":true,"href":"https:\/\/www.europesays.com\/es\/wp-json\/wp\/v2\/users\/2"}],"replies":[{"embeddable":true,"href":"https:\/\/www.europesays.com\/es\/wp-json\/wp\/v2\/comments?post=40553"}],"version-history":[{"count":0,"href":"https:\/\/www.europesays.com\/es\/wp-json\/wp\/v2\/posts\/40553\/revisions"}],"wp:featuredmedia":[{"embeddable":true,"href":"https:\/\/www.europesays.com\/es\/wp-json\/wp\/v2\/media\/40554"}],"wp:attachment":[{"href":"https:\/\/www.europesays.com\/es\/wp-json\/wp\/v2\/media?parent=40553"}],"wp:term":[{"taxonomy":"category","embeddable":true,"href":"https:\/\/www.europesays.com\/es\/wp-json\/wp\/v2\/categories?post=40553"},{"taxonomy":"post_tag","embeddable":true,"href":"https:\/\/www.europesays.com\/es\/wp-json\/wp\/v2\/tags?post=40553"}],"curies":[{"name":"wp","href":"https:\/\/api.w.org\/{rel}","templated":true}]}}