{"id":405642,"date":"2026-02-19T12:36:11","date_gmt":"2026-02-19T12:36:11","guid":{"rendered":"https:\/\/www.europesays.com\/es\/405642\/"},"modified":"2026-02-19T12:36:11","modified_gmt":"2026-02-19T12:36:11","slug":"locura-en-gran-canaria-asi-se-vivio-el-triplazo-de-jaworski-sobre-la-bocina-desde-el-banquillo","status":"publish","type":"post","link":"https:\/\/www.europesays.com\/es\/405642\/","title":{"rendered":"\u00a1Locura en Gran Canaria! As\u00ed se vivi\u00f3 el triplazo de Jaworski sobre la bocina desde el banquillo"},"content":{"rendered":"<p>El Surne Bilbao culmin\u00f3 anoche <a href=\"https:\/\/www.elcorreo.com\/bilbaobasket\/gran-canaria-bilbao-basket-liga-endesa-jornada-19-20260218121548-nt.html\" target=\"_blank\" title=\"www.elcorreo.com\" data-voc-vtm-id=\"in-text-traffic\" data-mrf-link=\"www.elcorreo.com\" rel=\"nofollow noopener\">una remontada para la historia<\/a> en Gran Canaria con un triplazo sobre la bocina de Justin Jaworski que silenci\u00f3  &#8230; todo el pabell\u00f3n. Al contrario que los integrantes del cuerpo t\u00e9nico del Surne, que estallar\u00f3n de alegr\u00eda. Los jugadores elevaron a los cielos a su compa\u00f1ero, el gran protagonista de la noche. Las im\u00e1genes grabadas por el Surne a pie de pista demuestran c\u00f3mo se vivi\u00f3 el triplazo desde dentro.<\/p>\n<p class=\"v-p\">Despu\u00e9s de ir 22 abajo, los bilba\u00ednos forzaron la pr\u00f3rroga y ya en el tiempo extra, cuando el reloj apenas respiraba, el bal\u00f3n fue a parar a Justin Jaworski. Despu\u00e9s del mal partido ante el Baskonia, hab\u00eda vuelto a ser una noche discreta para \u00e9l. Un s\u00f3lo triple hasta entonces. Pero el deporte tiene memoria selectiva: recuerda el \u00faltimo gesto. Con tres segundos en el reloj, el escolta arm\u00f3 el tiro. Par\u00e1bola limpia. Silencio en la isla. Explosi\u00f3n en negro. De 22 puntos abajo a un triple eterno.<\/p>\n<p class=\"v-p\">Los vizca\u00ednos ven\u00edan de perder sus \u00faltimas siete pr\u00f3rrogas consecutivas hasta Granada. Pero este equipo est\u00e1 hecho de otra pasta. Este equipo ya lleva dos de dos en victorias en el tiempo a\u00f1adido. Un equipo que se niega a rendirse. Que transforma la adversidad en impulso. Y que convierte una noche que parec\u00eda perdida en un argumento m\u00e1s para seguir mirando hacia arriba.<\/p>\n","protected":false},"excerpt":{"rendered":"El Surne Bilbao culmin\u00f3 anoche una remontada para la historia en Gran Canaria con un triplazo sobre la&hellip;\n","protected":false},"author":2,"featured_media":405643,"comment_status":"","ping_status":"","sticky":false,"template":"","format":"standard","meta":{"footnotes":""},"categories":[269],"tags":[299,2953,1918,298,2601,32427,7221,168,25,24,3956,37052,1491,57,23,167,87307,19678],"class_list":["post-405642","post","type-post","status-publish","format-standard","has-post-thumbnail","category-baloncesto","tag-baloncesto","tag-banquillo","tag-basket","tag-basketball","tag-bilbao","tag-bocina","tag-canaria","tag-deportes","tag-es","tag-espana","tag-gran","tag-jaworski","tag-locura","tag-sobre","tag-spain","tag-sports","tag-triplazo","tag-vivio"],"share_on_mastodon":{"url":"https:\/\/pubeurope.com\/@es\/116097331578969140","error":""},"_links":{"self":[{"href":"https:\/\/www.europesays.com\/es\/wp-json\/wp\/v2\/posts\/405642","targetHints":{"allow":["GET"]}}],"collection":[{"href":"https:\/\/www.europesays.com\/es\/wp-json\/wp\/v2\/posts"}],"about":[{"href":"https:\/\/www.europesays.com\/es\/wp-json\/wp\/v2\/types\/post"}],"author":[{"embeddable":true,"href":"https:\/\/www.europesays.com\/es\/wp-json\/wp\/v2\/users\/2"}],"replies":[{"embeddable":true,"href":"https:\/\/www.europesays.com\/es\/wp-json\/wp\/v2\/comments?post=405642"}],"version-history":[{"count":0,"href":"https:\/\/www.europesays.com\/es\/wp-json\/wp\/v2\/posts\/405642\/revisions"}],"wp:featuredmedia":[{"embeddable":true,"href":"https:\/\/www.europesays.com\/es\/wp-json\/wp\/v2\/media\/405643"}],"wp:attachment":[{"href":"https:\/\/www.europesays.com\/es\/wp-json\/wp\/v2\/media?parent=405642"}],"wp:term":[{"taxonomy":"category","embeddable":true,"href":"https:\/\/www.europesays.com\/es\/wp-json\/wp\/v2\/categories?post=405642"},{"taxonomy":"post_tag","embeddable":true,"href":"https:\/\/www.europesays.com\/es\/wp-json\/wp\/v2\/tags?post=405642"}],"curies":[{"name":"wp","href":"https:\/\/api.w.org\/{rel}","templated":true}]}}