{"id":406024,"date":"2026-02-19T17:48:09","date_gmt":"2026-02-19T17:48:09","guid":{"rendered":"https:\/\/www.europesays.com\/es\/406024\/"},"modified":"2026-02-19T17:48:09","modified_gmt":"2026-02-19T17:48:09","slug":"rosalia-calvin-klein-tendencias-lo-mas-comentado","status":"publish","type":"post","link":"https:\/\/www.europesays.com\/es\/406024\/","title":{"rendered":"Rosal\u00eda, Calvin Klein, Tendencias, Lo M\u00e1s Comentado"},"content":{"rendered":"<p><strong>Por Alan Guillermo Falc\u00f3n\u00a0<\/strong><\/p>\n<p>\u00a0Imagina despertar y descubrir que el perfume que todos desean es una realidad de tu cantante favorita, y esto es realidad, ya que, Rosal\u00eda de la mano de <strong>Calvin Klein<\/strong> lanzan tres distintas fragancias de nombre <strong>\u201cEuphoria\u201d<\/strong>.En menos de 10 minutos, el perfume se agot\u00f3 en todo el mundo, un hito que pocas marcas logran. Pero, \u00bfqu\u00e9 hay detr\u00e1s de este fen\u00f3meno?\u00a0<\/p>\n<p><img decoding=\"async\" alt=\"calvin\" data-entity-type=\"file\" data-entity-uuid=\"e1cfd97e-3661-43d9-828f-945d024aadfd\" height=\"779\" src=\"https:\/\/www.europesays.com\/es\/wp-content\/uploads\/2026\/02\/636970498_18581622013002363_750830020118309849_n.jpg\" width=\"623\" loading=\"lazy\"\/>@calvinklein<\/p>\n<p>La demanda supero las expectativas con la viralidad de la cantante, ya que<strong> Rosal\u00eda<\/strong> hace meses lanzo su m\u00e1s reciente proyecto de nombre <strong>\u201cLUX\u201d<\/strong> con un fuerte impacto cultural, sobre todo por los fan\u00e1ticos que est\u00e1n extasiados con este m\u00e1s reciente lanzamiento de la cantante.\u00a0<\/p>\n<p>Guapa para Dios, me pongo guapa para Dios\u00a0<\/p>\n<p>\u00a0<\/p>\n<p>La campa\u00f1a global presenta una est\u00e9tica minimalista y poderosa, fiel al ADN visual de<strong> Calvin Klein<\/strong>, donde la artista proyecta seguridad, libertad y una feminidad moderna. Fuentes cercanas a la marca se\u00f1alan que esta estrategia responde a la intenci\u00f3n de acercar las fragancias a un p\u00fablico joven, sin perder el car\u00e1cter ic\u00f3nico que ha distinguido a la firma durante d\u00e9cadas.\u00a0<\/p>\n<blockquote class=\"instagram-media\" data-instgrm-captioned=\"\" data-instgrm-permalink=\"https:\/\/www.instagram.com\/reel\/DU8QZahjqZB\/?utm_source=ig_embed&amp;utm_campaign=loading\" data-instgrm-version=\"14\" style=\" background:#FFF; border:0; border-radius:3px; box-shadow:0 0 1px 0 rgba(0,0,0,0.5),0 1px 10px 0 rgba(0,0,0,0.15); margin: 1px; max-width:540px; min-width:326px; padding:0; width:99.375%; width:-webkit-calc(100% - 2px); width:calc(100% - 2px);\"\/>\n<p>En menos de 10 minutos las fragancias han agotado en su totalidad, con ello la marca ha utilizado t\u00e1cticas de marketing como teasers en redes sociales y ediciones limitadas, generando expectativa y urgencia en los consumidores.<\/p>\n<p>\u00a1El secreto que todos enloquecen! una combinaci\u00f3n m\u00e1gica la esencia de <strong>Rosal\u00eda<\/strong> audaz, sensual y rompedora, fusionada con las notas vibrantes de <strong>\u00abEuphoria\u00bb<\/strong>. Bergamota, jazm\u00edn y \u00e1mbar se entrelazan para crear una fragancia que no solo se huele, sino que se siente.<\/p>\n<p>Y el mundo o sinti\u00f3, desde Tokio hasta Nueva York, las redes ardieron con fotos de fans celebrando (o lamentando) no haber podido conseguir su botella. Demostr\u00e1ndonos nuevamente que su posicionamiento como \u00edcono cultural sigue vigente.<\/p>\n<p><strong>Rosal\u00eda<\/strong> nuevamente nos ha conquistado con este nuevo proyecto y sobre todo con su estilo inconfundible, le dio vida a esta fragancia como solo ella sabe hacerlo. Y <strong>Calvin Klein<\/strong>, una vez m\u00e1s, demostr\u00f3 que sabe c\u00f3mo hacernos caer rendidos. <strong>\u00abEuphoria\u00bb <\/strong>no es solo un perfume, es un fen\u00f3meno.<\/p>\n<blockquote class=\"instagram-media\" data-instgrm-captioned=\"\" data-instgrm-permalink=\"https:\/\/www.instagram.com\/reel\/DU8OobeDv9e\/?utm_source=ig_embed&amp;utm_campaign=loading\" data-instgrm-version=\"14\" style=\" background:#FFF; border:0; border-radius:3px; box-shadow:0 0 1px 0 rgba(0,0,0,0.5),0 1px 10px 0 rgba(0,0,0,0.15); margin: 1px; max-width:540px; min-width:326px; padding:0; width:99.375%; width:-webkit-calc(100% - 2px); width:calc(100% - 2px);\"\/>\n<p>\u00bfLograste conseguir el tuyo? Si no, no te preocupes: ya estamos contando los d\u00edas para el pr\u00f3ximo restock&#8230; \u00a1Porque esto no ha hecho m\u00e1s que empezar!<br \/>\u00a0<\/p>\n<p><script async src=\"\/\/www.instagram.com\/embed.js\"><\/script><\/p>\n","protected":false},"excerpt":{"rendered":"Por Alan Guillermo Falc\u00f3n\u00a0 \u00a0Imagina despertar y descubrir que el perfume que todos desean es una realidad de&hellip;\n","protected":false},"author":2,"featured_media":406025,"comment_status":"","ping_status":"","sticky":false,"template":"","format":"standard","meta":{"footnotes":""},"categories":[81],"tags":[47610,119,123,124,25,24,4147,117,121,122,23,118,120,2922],"class_list":["post-406024","post","type-post","status-publish","format-standard","has-post-thumbnail","category-ciencia-y-tecnologia","tag-calvin-klein","tag-ciencia","tag-ciencia-y-tecnologia","tag-cienciaytecnologia","tag-es","tag-espana","tag-rosalia","tag-science","tag-science-and-technology","tag-scienceandtechnology","tag-spain","tag-technology","tag-tecnologia","tag-tendencias"],"share_on_mastodon":{"url":"https:\/\/pubeurope.com\/@es\/116098557857161469","error":""},"_links":{"self":[{"href":"https:\/\/www.europesays.com\/es\/wp-json\/wp\/v2\/posts\/406024","targetHints":{"allow":["GET"]}}],"collection":[{"href":"https:\/\/www.europesays.com\/es\/wp-json\/wp\/v2\/posts"}],"about":[{"href":"https:\/\/www.europesays.com\/es\/wp-json\/wp\/v2\/types\/post"}],"author":[{"embeddable":true,"href":"https:\/\/www.europesays.com\/es\/wp-json\/wp\/v2\/users\/2"}],"replies":[{"embeddable":true,"href":"https:\/\/www.europesays.com\/es\/wp-json\/wp\/v2\/comments?post=406024"}],"version-history":[{"count":0,"href":"https:\/\/www.europesays.com\/es\/wp-json\/wp\/v2\/posts\/406024\/revisions"}],"wp:featuredmedia":[{"embeddable":true,"href":"https:\/\/www.europesays.com\/es\/wp-json\/wp\/v2\/media\/406025"}],"wp:attachment":[{"href":"https:\/\/www.europesays.com\/es\/wp-json\/wp\/v2\/media?parent=406024"}],"wp:term":[{"taxonomy":"category","embeddable":true,"href":"https:\/\/www.europesays.com\/es\/wp-json\/wp\/v2\/categories?post=406024"},{"taxonomy":"post_tag","embeddable":true,"href":"https:\/\/www.europesays.com\/es\/wp-json\/wp\/v2\/tags?post=406024"}],"curies":[{"name":"wp","href":"https:\/\/api.w.org\/{rel}","templated":true}]}}