{"id":406105,"date":"2026-02-19T18:54:09","date_gmt":"2026-02-19T18:54:09","guid":{"rendered":"https:\/\/www.europesays.com\/es\/406105\/"},"modified":"2026-02-19T18:54:09","modified_gmt":"2026-02-19T18:54:09","slug":"el-real-madrid-aporta-todas-las-pruebas-del-caso-vinicius-a-la-uefa","status":"publish","type":"post","link":"https:\/\/www.europesays.com\/es\/406105\/","title":{"rendered":"El Real Madrid aporta todas las pruebas del caso Vinicius a la UEFA"},"content":{"rendered":"<p>El caso Vinicius sigue estando en boca de todo el mundo. El Real Madrid ha trasladado este jueves a la UEFA los resultados de su  &#8230; investigaci\u00f3n sobre lo ocurrido el pasado martes en Da Luz, en la<a href=\"https:\/\/www.diariovasco.com\/deportes\/futbol\/liga-campeones\/cronica-benfica-realmadrid-champions-playoff-20260217190004-ntrc.html\" data-voc-vtm-id=\"in-text-traffic\" title=\" victoria del conjunto blanco\" rel=\"nofollow noopener\" target=\"_blank\"> victoria del conjunto blanco<\/a> ante el Benfica por la m\u00ednima. El duelo desat\u00f3 la pol\u00e9mica por los supuestos insultos racistas por parte de Gianluca <a href=\"https:\/\/www.diariovasco.com\/deportes\/futbol\/liga-campeones\/prestianni-niega-haber-insultado-forma-racista-vinicius-20260218092155-ntrc.html\" data-voc-vtm-id=\"in-text-traffic\" title=\"Prestianni\" rel=\"nofollow noopener\" target=\"_blank\">Prestianni<\/a> al jugador brasile\u00f1o, que desafortunadamente dejaron en segundo plano al f\u00fatbol.<\/p>\n<p class=\"v-p\">El Real Madrid ha recabado toda la informaci\u00f3n sobre los sucesos en el Est\u00e0dio Da Luz, despu\u00e9s de que Vinicius anotara el tanto de la victoria en el minuto 51 y festejara el gol bailando cerca del bander\u00edn. A partir de este momento se desat\u00f3 la tormenta. Empezaron a caer botellas y dem\u00e1s objetos, antes de la suspensi\u00f3n temporal del encuentro tras la activaci\u00f3n del <a href=\"https:\/\/www.diariovasco.com\/deportes\/futbol\/vinicius-ultimo-protagonista-protocolo-racismo-20260218134246-ntrc.html\" data-voc-vtm-id=\"in-text-traffic\" title=\"protocolo antirracista\" rel=\"nofollow noopener\" target=\"_blank\">protocolo antirracista<\/a> por parte del colegiado franc\u00e9s Fran\u00e7ois Lexetier, despu\u00e9s de que Vinicius denunciara insultos de Prestianni.<\/p>\n<p class=\"v-p\">El Real Madrid centr\u00f3 su investigaci\u00f3n sobre todo en lo ocurrido en las gradas de Da Luz, donde algunos aficionados locales realizaron gestos racistas hacia los jugadores madridistas, en especial Vinicius. \u00abNuestro club ha colaborado de manera activa con la investigaci\u00f3n abierta por la UEFA tras los inaceptables episodios de racismo vividos durante dicho partido\u00bb, reza el comunicado madridista.<\/p>\n<p class=\"v-p\">Al mismo tiempo ha \u00abagradecido\u00bb el apoyo y cari\u00f1o que ha recibido Vinicius desde todos los \u00e1mbitos del mundo del f\u00fatbol. \u00abEl Real Madrid seguir\u00e1 trabajando, en colaboraci\u00f3n con todas las instituciones, para erradicar el racismo, la violencia y el odio en el deporte y en la sociedad\u00bb, finaliz\u00f3.<\/p>\n<p>Investigaci\u00f3n de la UEFA<\/p>\n<p class=\"v-p\">Ante los hechos ocurridos, la UEFA ha abierto una investigaci\u00f3n, designando a un inspector de \u00c9tica y Disciplina para analizar el informe arbitral, los reportes del partido, las declaraciones de testigos y jugadores, y cualquier evidencia audiovisual o auditiva disponible que puedan aportar los equipos, como ha hecho este mi\u00e9rcoles el Real Madrid.<\/p>\n<p class=\"v-p\">Una investigaci\u00f3n que debe darse de la manera m\u00e1s r\u00e1pida puesto que la vuelta del playoff se jugar\u00e1 el mi\u00e9rcoles 25 de febrero en el Bernab\u00e9u. Y se espera que ya haya habido una respuesta antes de la disputa de dicho encuentro. En caso de confirmarse los hechos, la UEFA aplicar\u00eda sanciones seg\u00fan su c\u00f3digo disciplinario, que abarca multas, cierre de estadios y suspensiones de al menos diez partidos para el jugador implicado.<\/p>\n<p>Caso Web\u00f3<\/p>\n<p class=\"v-p\">Sin embargo, el precedente del camerun\u00e9s Pierre Web\u00f3 en un PSG-Basaksehir no termina de ayudar al Real Madrid y a Vinicius. El que fuera delantero de Osasuna denunci\u00f3 que el cuarto \u00e1rbitro hab\u00eda dicho al principal que \u00abamonestar\u00e1 al negro\u00bb, en referencia a \u00e9l.<\/p>\n<p class=\"v-p\">Sin embargo, la investigaci\u00f3n no pudo demostrar que efectivamente lo hubiera dicho y qued\u00f3 sin cargos, aunque la UEFA no design\u00f3 m\u00e1s al colegiado para partidos de \u00e9lite. Adem\u00e1s el hecho de que Prestianni utilizase la camiseta para taparse la boca dificulta la posibilidad de conocer en detalle lo sucedido.<\/p>\n<p class=\"v-p\">A pesar del final que vaya a tener esta historia desde hace unos a\u00f1os, tanto la UEFA como la FIFA son tremendamente estrictas en todo lo que tiene que ver con el racismo y llevan a cabo fuertes campa\u00f1as de concienciaci\u00f3n en las que han aprovechado la influencia de m\u00faltiples referentes del f\u00fatbol mundial.<\/p>\n","protected":false},"excerpt":{"rendered":"El caso Vinicius sigue estando en boca de todo el mundo. El Real Madrid ha trasladado este jueves&hellip;\n","protected":false},"author":2,"featured_media":406106,"comment_status":"","ping_status":"","sticky":false,"template":"","format":"standard","meta":{"footnotes":""},"categories":[93],"tags":[18595,168,25,24,205,677,798,23,167,6674,13334],"class_list":["post-406105","post","type-post","status-publish","format-standard","has-post-thumbnail","category-deportes","tag-aporta","tag-deportes","tag-es","tag-espana","tag-madrid","tag-pruebas","tag-real","tag-spain","tag-sports","tag-uefa","tag-vinicius"],"share_on_mastodon":{"url":"https:\/\/pubeurope.com\/@es\/116098817457693306","error":""},"_links":{"self":[{"href":"https:\/\/www.europesays.com\/es\/wp-json\/wp\/v2\/posts\/406105","targetHints":{"allow":["GET"]}}],"collection":[{"href":"https:\/\/www.europesays.com\/es\/wp-json\/wp\/v2\/posts"}],"about":[{"href":"https:\/\/www.europesays.com\/es\/wp-json\/wp\/v2\/types\/post"}],"author":[{"embeddable":true,"href":"https:\/\/www.europesays.com\/es\/wp-json\/wp\/v2\/users\/2"}],"replies":[{"embeddable":true,"href":"https:\/\/www.europesays.com\/es\/wp-json\/wp\/v2\/comments?post=406105"}],"version-history":[{"count":0,"href":"https:\/\/www.europesays.com\/es\/wp-json\/wp\/v2\/posts\/406105\/revisions"}],"wp:featuredmedia":[{"embeddable":true,"href":"https:\/\/www.europesays.com\/es\/wp-json\/wp\/v2\/media\/406106"}],"wp:attachment":[{"href":"https:\/\/www.europesays.com\/es\/wp-json\/wp\/v2\/media?parent=406105"}],"wp:term":[{"taxonomy":"category","embeddable":true,"href":"https:\/\/www.europesays.com\/es\/wp-json\/wp\/v2\/categories?post=406105"},{"taxonomy":"post_tag","embeddable":true,"href":"https:\/\/www.europesays.com\/es\/wp-json\/wp\/v2\/tags?post=406105"}],"curies":[{"name":"wp","href":"https:\/\/api.w.org\/{rel}","templated":true}]}}