{"id":40615,"date":"2025-08-11T15:27:09","date_gmt":"2025-08-11T15:27:09","guid":{"rendered":"https:\/\/www.europesays.com\/es\/40615\/"},"modified":"2025-08-11T15:27:09","modified_gmt":"2025-08-11T15:27:09","slug":"estaba-con-la-mentalidad-equivocada","status":"publish","type":"post","link":"https:\/\/www.europesays.com\/es\/40615\/","title":{"rendered":"Estaba con la mentalidad equivocada"},"content":{"rendered":"<p><b>Conor McGregor est\u00e1 en el centro de todas las miradas<\/b>. <a title=\"Su regreso a la UFC parece que puede convertirse en una realidad\" href=\"https:\/\/www.larazon.es\/deportes\/regreso-conor-mcgregor-ufc-realidad-vuelve-pruebas-antidopaje-compania_20250807689456068180495aa5101e7b.html\" target=\"_blank\" rel=\"nofollow noopener\">Su regreso a la UFC parece que puede convertirse en una realidad<\/a>, todo ello motivado por el evento anunciado para 2026 en la Casa Blanca. El irland\u00e9s se ha tomado en serio la propuesta de Dana White, presidente de la UFC, y <b>ya se prepara para su regreso a la jaula<\/b>.<\/p>\n<p>Y en medio de esta preparaci\u00f3n, un excompa\u00f1ero de McGregor ha querido pronunciarse acerca de la mayor pelea de MMA de la historia. Aquella que enfrent\u00f3 al irland\u00e9s contra <b>Khabib Nurmagomedov <\/b>y que tanta repercusi\u00f3n tuvo.<\/p>\n<p>Durante los meses previos,<b> Conor se encarg\u00f3 de calentar la pelea hasta tal punto que el ambiente se volvi\u00f3 insostenible<\/b>. Desde el lanzamiento de una silla al bus donde se encontraba el daguestan\u00ed hasta insultos despectivos que se pasaron de tono.<\/p>\n<p><b>McGregor trat\u00f3 de meterse en la cabeza de Khabib<\/b>, tal y como ya hab\u00eda hecho anteriormente, pero no lo consigui\u00f3. Y el resultado fue el que fue. Y ahora, siete a\u00f1os despu\u00e9s,<b> una persona que estaba muy ligada a Conor ha destapado la intrahistoria de aquel combate.<\/b><\/p>\n<p>Artem Lobov cr\u00edtica la pasiva de McGregor<\/p>\n<p>Siete a\u00f1os despu\u00e9s de aquella pelea, Artem Lobov, excompa\u00f1ero de Conor McGregor, ha destapado la verdad sobre lo que ocurri\u00f3 durante la preparaci\u00f3n del irland\u00e9s en ese combate. A pesar de haber intentado de todas las maneras posibles desestabilizar al ruso antes del pleito, lo cierto es que <b>&#8216;The Notorious&#8217; no lleg\u00f3 preparado<\/b>.<\/p>\n<p>Lobov asegura que Conor no dedic\u00f3 apenas tiempo para prepararse, criticando la mentalidad que tuvo. \u00abConor pr\u00e1cticamente no entren\u00f3 para su pelea con Khabib. <b>Solo iba al gimnasio un par de veces a la semana, y de manera muy liviana<\/b>. Estaba con la mentalidad equivocada. m\u00e1s enfocado en las fiestas que en el campamento\u00bb, afirmaba en el podcast de Ariel Helwani.<\/p>\n<p>Una pelea que McGregor podr\u00eda haber ganado<\/p>\n<p>Tras desvelar su rutina de entrenamientos, Lobov asegur\u00f3 que Conor podr\u00eda haber ganado ese combate de hab\u00e9rselo tomado en serio. \u00ab<b>Imaginen al Conor que pele\u00f3 contra Eddie \u00c1lvarez&#8230; si ese Conor hubiera enfrentado a Khabib, probablemente lo habr\u00eda vencido<\/b>. Siempre fue alguien especial\u00bb, declaraba.<\/p>\n<p>Lo cierto es que McGregor <b>perdi\u00f3 el rumbo de su carrera como profesional<\/b> puesto que meses antes hab\u00eda cambiado de deporte para pelear contra Floyd Mayweather en un combate de boxeo, todo ello durante lo que es considerado el &#8216;prime&#8217; de un peleador.<\/p>\n<p>En su regreso, el irland\u00e9s se vio bien durante el primer y segundo asalto, pero a medida que pasaban los minutos, <b>Khabib empez\u00f3 a dominar con sus derribos y acab\u00f3 con \u00e9l en el cuarto asalto.<\/b><\/p>\n<p>Khabib no guarda rencor a McGregor<\/p>\n<p>Al tiempo que han salido estas declaraciones, <a title=\"Khabib\" href=\"https:\/\/www.larazon.es\/deportes\/khabib-confirma-combate-islam-makhachev-jack-della-maddalena-pelea-topuria-paso-mas-cerca_202508046890ae52c5e9fd602f677e5e.html\" target=\"_blank\" rel=\"nofollow noopener\">Khabib<\/a> tambi\u00e9n se ha pronunciado sobre su &#8216;archienemigo&#8217;. Tal ha sido la repercusi\u00f3n del posible regreso de &#8216;The Notorious&#8217;, que el ruso le ha dedicado unas palabras. A pesar de que ambos poseen una relaci\u00f3n de enemistad de muchos a\u00f1os tras su combate en 2018,<b> parece que el daguestan\u00ed ha enterrado el hacha de guerra<\/b>.<\/p>\n<p>En unas recientes declaraciones, Khabib ha deseado que Conor pueda cambiar sus malos h\u00e1bitos para regresar a la UFC por todo lo alto. \u00ab<b>Creo que tiene una oportunidad y tiene que cambiar su forma de vivir<\/b>. Si \u00e9l va a cambiar, puede cambiar con \u00e9l muchas otras vidas tambi\u00e9n. Por eso deseo que cambie \u00e9l mismo\u00bb, aseguraba.<\/p>\n<p>McGregor, m\u00e1s cerca que nunca de su vuelta a la UFC<\/p>\n<p>Tanto el presidente de Estados Unidos, Donald Trump, como el presidente de la UFC, <a title=\"Dana White\" href=\"https:\/\/www.larazon.es\/deportes\/presidente-ufc-confirma-evento-casa-blanca-2026-sera-mejor-cartelera-todos-tiempos_202507146874afad525aa26f9a4bd12f.html\" target=\"_blank\" rel=\"nofollow noopener\">Dana White<\/a>, <b>han confirmado que para 2026 la compa\u00f1\u00eda de artes marciales mixtas desarrollar\u00e1 un evento numerado dentro de la Casa Blanca.<\/b><\/p>\n<p>Una noticia que ha dado la vuelta al mundo y que ha provocado la reacci\u00f3n de millones de personas. Y entre ellos, Conor McGregor fue uno. El irland\u00e9s qued\u00f3 sorprendido con la posibilidad de pelear dentro de la casa presidencial, y se ofreci\u00f3 a participar.<\/p>\n<p>Tanto es as\u00ed que el irland\u00e9s ya ha compartido en sus redes sociales como ha vuelto a entrar en los &#8216;<b>testing pools<\/b>&#8216; o pruebas antidopaje de la UFC. Unas pruebas que tendr\u00e1 que seguir pasando a lo largo de los meses hasta que se produzca el evento en junio de 2026.<\/p>\n<p>Hasta el momento, habr\u00e1 que esperar para ver si la UFC hace finalmente oficial <b>el regreso de una de las mayores leyendas de las artes marciales mixtas.<\/b><\/p>\n","protected":false},"excerpt":{"rendered":"Conor McGregor est\u00e1 en el centro de todas las miradas. Su regreso a la UFC parece que puede&hellip;\n","protected":false},"author":2,"featured_media":40616,"comment_status":"","ping_status":"","sticky":false,"template":"","format":"standard","meta":{"footnotes":""},"categories":[276],"tags":[168,25,24,23,167,343],"class_list":{"0":"post-40615","1":"post","2":"type-post","3":"status-publish","4":"format-standard","5":"has-post-thumbnail","7":"category-ufc","8":"tag-deportes","9":"tag-es","10":"tag-espana","11":"tag-spain","12":"tag-sports","13":"tag-ufc"},"share_on_mastodon":{"url":"","error":""},"_links":{"self":[{"href":"https:\/\/www.europesays.com\/es\/wp-json\/wp\/v2\/posts\/40615","targetHints":{"allow":["GET"]}}],"collection":[{"href":"https:\/\/www.europesays.com\/es\/wp-json\/wp\/v2\/posts"}],"about":[{"href":"https:\/\/www.europesays.com\/es\/wp-json\/wp\/v2\/types\/post"}],"author":[{"embeddable":true,"href":"https:\/\/www.europesays.com\/es\/wp-json\/wp\/v2\/users\/2"}],"replies":[{"embeddable":true,"href":"https:\/\/www.europesays.com\/es\/wp-json\/wp\/v2\/comments?post=40615"}],"version-history":[{"count":0,"href":"https:\/\/www.europesays.com\/es\/wp-json\/wp\/v2\/posts\/40615\/revisions"}],"wp:featuredmedia":[{"embeddable":true,"href":"https:\/\/www.europesays.com\/es\/wp-json\/wp\/v2\/media\/40616"}],"wp:attachment":[{"href":"https:\/\/www.europesays.com\/es\/wp-json\/wp\/v2\/media?parent=40615"}],"wp:term":[{"taxonomy":"category","embeddable":true,"href":"https:\/\/www.europesays.com\/es\/wp-json\/wp\/v2\/categories?post=40615"},{"taxonomy":"post_tag","embeddable":true,"href":"https:\/\/www.europesays.com\/es\/wp-json\/wp\/v2\/tags?post=40615"}],"curies":[{"name":"wp","href":"https:\/\/api.w.org\/{rel}","templated":true}]}}