{"id":406918,"date":"2026-02-20T05:41:08","date_gmt":"2026-02-20T05:41:08","guid":{"rendered":"https:\/\/www.europesays.com\/es\/406918\/"},"modified":"2026-02-20T05:41:08","modified_gmt":"2026-02-20T05:41:08","slug":"la-nasa-completa-con-exito-un-ensayo-de-lanzamiento-de-su-mision-lunar-artemis-2","status":"publish","type":"post","link":"https:\/\/www.europesays.com\/es\/406918\/","title":{"rendered":"La NASA completa con \u00e9xito un ensayo de lanzamiento de su misi\u00f3n lunar Artemis 2"},"content":{"rendered":"<p>    <img src=\"https:\/\/www.europesays.com\/es\/wp-content\/uploads\/2026\/02\/2026-02-19T233A193A05Z-90971032.jpg\" width=\"1024\" height=\"682\" alt=\"\" loading=\"eager\" decoding=\"sync\" fetchpriority=\"high\"\/><\/p>\n<p>            afp_tickers        <\/p>\n<p>        Este contenido fue publicado en    <\/p>\n<p>        20 febrero 2026 &#8211; 05:32\n<\/p>\n<p>La NASA inform\u00f3 el jueves que realiz\u00f3 con \u00e9xito el ensayo general del lanzamiento de su enorme cohete SLS, que enviar\u00e1 astronautas alrededor de la Luna por primera vez en m\u00e1s de 50 a\u00f1os.<\/p>\n<p>Esta es la segunda prueba realizada por la agencia espacial estadounidense para el despegue de su misi\u00f3n Artemis 2. La primera, a comienzos de febrero, tuvo que ser interrumpida por problemas t\u00e9cnicos.<\/p>\n<p>La NASA inform\u00f3 que todo transcurri\u00f3 seg\u00fan lo previsto. Ahora, se espera que fije este viernes una fecha definitiva para la misi\u00f3n.<\/p>\n<p>Los imprevistos ocurridos a inicios de febrero inclu\u00edan una fuga de hidr\u00f3geno l\u00edquido, que acabaron con las esperanzas de ver despegar la misi\u00f3n Artemis 2 ese mismo mes.<\/p>\n<p>Durante el simulacro, realizado en condiciones reales en Cabo Ca\u00f1averal, en Florida, los ingenieros repiten las maniobras que deber\u00e1n llevarse a cabo el d\u00eda del lanzamiento.<\/p>\n<p>El llenado de hidr\u00f3geno l\u00edquido se realiz\u00f3 el jueves sin contratiempos, indic\u00f3 m\u00e1s temprano la NASA, que lo celebr\u00f3 como un \u00abavance importante\u00bb.<\/p>\n<p>La misi\u00f3n Artemis 2 constituir\u00e1 el primer vuelo tripulado alrededor de la Luna en m\u00e1s de 50 a\u00f1os. Participar\u00e1n en ella tres estadounidenses y un canadiense.\u00a0<\/p>\n<p>\u00abLa seguridad sigue siendo nuestra m\u00e1xima prioridad\u00bb, dijo a comienzos de mes el director de la NASA, Jared Isaacman, en la red social X.<\/p>\n<p>cha\/eml\/cr\/dga\/arm<\/p>\n","protected":false},"excerpt":{"rendered":"afp_tickers Este contenido fue publicado en 20 febrero 2026 &#8211; 05:32 La NASA inform\u00f3 el jueves que realiz\u00f3&hellip;\n","protected":false},"author":2,"featured_media":406919,"comment_status":"","ping_status":"","sticky":false,"template":"","format":"standard","meta":{"footnotes":""},"categories":[81],"tags":[53216,82,119,123,124,25,24,14689,26431,20122,117,121,122,26432,26433,23,118,120,90],"class_list":["post-406918","post","type-post","status-publish","format-standard","has-post-thumbnail","category-ciencia-y-tecnologia","tag-aerospace","tag-business","tag-ciencia","tag-ciencia-y-tecnologia","tag-cienciaytecnologia","tag-es","tag-espana","tag-manufacturing-and-engineering","tag-research","tag-sci-tech","tag-science","tag-science-and-technology","tag-scienceandtechnology","tag-scientific-exploration","tag-space-programme","tag-spain","tag-technology","tag-tecnologia","tag-ticker"],"share_on_mastodon":{"url":"https:\/\/pubeurope.com\/@es\/116101361612380476","error":""},"_links":{"self":[{"href":"https:\/\/www.europesays.com\/es\/wp-json\/wp\/v2\/posts\/406918","targetHints":{"allow":["GET"]}}],"collection":[{"href":"https:\/\/www.europesays.com\/es\/wp-json\/wp\/v2\/posts"}],"about":[{"href":"https:\/\/www.europesays.com\/es\/wp-json\/wp\/v2\/types\/post"}],"author":[{"embeddable":true,"href":"https:\/\/www.europesays.com\/es\/wp-json\/wp\/v2\/users\/2"}],"replies":[{"embeddable":true,"href":"https:\/\/www.europesays.com\/es\/wp-json\/wp\/v2\/comments?post=406918"}],"version-history":[{"count":0,"href":"https:\/\/www.europesays.com\/es\/wp-json\/wp\/v2\/posts\/406918\/revisions"}],"wp:featuredmedia":[{"embeddable":true,"href":"https:\/\/www.europesays.com\/es\/wp-json\/wp\/v2\/media\/406919"}],"wp:attachment":[{"href":"https:\/\/www.europesays.com\/es\/wp-json\/wp\/v2\/media?parent=406918"}],"wp:term":[{"taxonomy":"category","embeddable":true,"href":"https:\/\/www.europesays.com\/es\/wp-json\/wp\/v2\/categories?post=406918"},{"taxonomy":"post_tag","embeddable":true,"href":"https:\/\/www.europesays.com\/es\/wp-json\/wp\/v2\/tags?post=406918"}],"curies":[{"name":"wp","href":"https:\/\/api.w.org\/{rel}","templated":true}]}}