{"id":407341,"date":"2026-02-20T11:21:06","date_gmt":"2026-02-20T11:21:06","guid":{"rendered":"https:\/\/www.europesays.com\/es\/407341\/"},"modified":"2026-02-20T11:21:06","modified_gmt":"2026-02-20T11:21:06","slug":"hilary-duff-leire-martinez-nebulossa-jenesaispop-com","status":"publish","type":"post","link":"https:\/\/www.europesays.com\/es\/407341\/","title":{"rendered":"Hilary Duff, Leire Mart\u00ednez, Nebulossa&#8230; \u2013 jenesaispop.com"},"content":{"rendered":"<p>Hoy 20 de febrero salen esperados discos de <a href=\"https:\/\/jenesaispop.com\/2026\/02\/17\/517029\/maria-arnal-podcast\/\" rel=\"nofollow noopener\" target=\"_blank\">Maria Arnal<\/a>, Hilary Duff, Leire Mart\u00ednez o Peaches. La sorpresa del d\u00eda la han dado <a href=\"https:\/\/jenesaispop.com\/2024\/02\/07\/470036\/nebulossa-podcast-edadismo-synthpop\/\" rel=\"nofollow noopener\" target=\"_blank\">Nebulossa<\/a> lanzando su disco sin previo aviso, dos a\u00f1os despu\u00e9s de presentar \u2018Zorra\u2019 en Eurovisi\u00f3n.<\/p>\n<p>Tambi\u00e9n tenemos entre manos nuevos discos de Meu (veinte a\u00f1os despu\u00e9s del \u00faltimo), Moby, Capros, paco te quiero, Leigh-Anne (ex integrante de Little Mix), Cora Yako y Sandra Delaporte en solitario.<\/p>\n<p>Al interesante single que ha publicado <a href=\"https:\/\/jenesaispop.com\/2026\/02\/17\/517039\/lana-del-rey-white-feather\/\" rel=\"nofollow noopener\" target=\"_blank\">Lana Del Rey<\/a> esta semana se suman suculentos lanzamientos de Jessie Ware, Jorja Smith o Foo Fighters. Entre los singles destacados de los \u00faltimos siete d\u00edas, el que presenta en solitario Julia Cumming de Sunflower Bean. Y entre los comebacks del d\u00eda, el de Mumford &amp; Sons de la mano de Gracie Abrams.<\/p>\n<p>El pop hispanoparlante deja interesantes novedades tambi\u00e9n por parte de Laaza, Tainy, Claudia Allmang, Ouineta, Carlangas o Maria Jaume. Hay que hablar asimismo de Ant\u00eda Mui\u00f1o, Ana Farelo, Cristalino, Ginebras o Bestia Beb\u00e9.<\/p>\n<p>Entre los artistas que lanzan m\u00fasica esta semana se encuentran tambi\u00e9n Snail Mail, Thundercat, floweroflove, Labi Siffre, Guille Toledano (OT2025) y Yaya Bey. Atenci\u00f3n, por otro lado, a las sugerentes propuestas de My New Band Believe, Absolutely, Tiwayo o Essosa.<\/p>\n","protected":false},"excerpt":{"rendered":"Hoy 20 de febrero salen esperados discos de Maria Arnal, Hilary Duff, Leire Mart\u00ednez o Peaches. La sorpresa&hellip;\n","protected":false},"author":2,"featured_media":402819,"comment_status":"","ping_status":"","sticky":false,"template":"","format":"standard","meta":{"footnotes":""},"categories":[170],"tags":[146,147,25,24,36485,36729,86843,184,185,86174,23],"class_list":["post-407341","post","type-post","status-publish","format-standard","has-post-thumbnail","category-musica","tag-entertainment","tag-entretenimiento","tag-es","tag-espana","tag-hilary-duff","tag-leire-martinez","tag-maria-arnal","tag-music","tag-musica","tag-nebulossa","tag-spain"],"share_on_mastodon":{"url":"https:\/\/pubeurope.com\/@es\/116102698340312415","error":""},"_links":{"self":[{"href":"https:\/\/www.europesays.com\/es\/wp-json\/wp\/v2\/posts\/407341","targetHints":{"allow":["GET"]}}],"collection":[{"href":"https:\/\/www.europesays.com\/es\/wp-json\/wp\/v2\/posts"}],"about":[{"href":"https:\/\/www.europesays.com\/es\/wp-json\/wp\/v2\/types\/post"}],"author":[{"embeddable":true,"href":"https:\/\/www.europesays.com\/es\/wp-json\/wp\/v2\/users\/2"}],"replies":[{"embeddable":true,"href":"https:\/\/www.europesays.com\/es\/wp-json\/wp\/v2\/comments?post=407341"}],"version-history":[{"count":0,"href":"https:\/\/www.europesays.com\/es\/wp-json\/wp\/v2\/posts\/407341\/revisions"}],"wp:featuredmedia":[{"embeddable":true,"href":"https:\/\/www.europesays.com\/es\/wp-json\/wp\/v2\/media\/402819"}],"wp:attachment":[{"href":"https:\/\/www.europesays.com\/es\/wp-json\/wp\/v2\/media?parent=407341"}],"wp:term":[{"taxonomy":"category","embeddable":true,"href":"https:\/\/www.europesays.com\/es\/wp-json\/wp\/v2\/categories?post=407341"},{"taxonomy":"post_tag","embeddable":true,"href":"https:\/\/www.europesays.com\/es\/wp-json\/wp\/v2\/tags?post=407341"}],"curies":[{"name":"wp","href":"https:\/\/api.w.org\/{rel}","templated":true}]}}