{"id":407420,"date":"2026-02-20T12:26:13","date_gmt":"2026-02-20T12:26:13","guid":{"rendered":"https:\/\/www.europesays.com\/es\/407420\/"},"modified":"2026-02-20T12:26:13","modified_gmt":"2026-02-20T12:26:13","slug":"muere-a-los-53-anos-eric-dane-actor-de-anatomia-de-grey-tras-padecer-ela-3","status":"publish","type":"post","link":"https:\/\/www.europesays.com\/es\/407420\/","title":{"rendered":"Muere a los 53 a\u00f1os Eric Dane, actor de &#8216;Anatom\u00eda de Grey&#8217;, tras padecer ELA"},"content":{"rendered":"<p><a class=\"v-mdl-ath__fig-a\" href=\"https:\/\/www.eldiariomontanes.es\/autor\/oskar-belategui-102.html\" title=\"Oskar Belategui\" rel=\"nofollow noopener\" target=\"_blank\"><br \/>\n<img decoding=\"async\" class=\"v-mdl-ath__img\" src=\"https:\/\/www.europesays.com\/es\/wp-content\/uploads\/2026\/02\/autor-102-foto-2.jpeg\" alt=\"Oskar Belategui\"\/><br \/>\n<\/a><\/p>\n<p class=\"v-mdl-ath__p v-mdl-ath__p--6\">\nViernes, 20 de febrero 2026, 07:49<\/p>\n<p class=\"v-p\">La vida de Eric Dane dio un vuelco en abril del a\u00f1o pasado, cuando le diagnosticaron esclerosis lateral amiotr\u00f3fica (ELA). El r\u00e1pido deterioro en el habla y la paralizaci\u00f3n de la mitad de su cuerpo termin\u00f3 alejando de los plat\u00f3s al actor, que logr\u00f3 la popularidad gracias a su papel del doctor Mark Sloan en &#8216;Anatom\u00eda de Gray&#8217;. Dane ha fallecido este jueves en un hospital de Los \u00c1ngeles a los 53 a\u00f1os a causa de la enfermedad.<\/p>\n<p class=\"v-p\">As\u00ed lo ha comunicado la familia en un comunicado. \u00abPas\u00f3 sus \u00faltimos d\u00edas rodeado de sus queridos amigos, su devota esposa y sus dos hermosas hijas, Billie y Georgia, que eran el centro de su mundo. A lo largo de su lucha contra la ELA, Eric se convirti\u00f3 en un apasionado defensor de la concienciaci\u00f3n y la investigaci\u00f3n\u00bb. <\/p>\n<p class=\"v-p\">Tras el diagn\u00f3stico, Dane intent\u00f3 seguir con su trabajo. Regres\u00f3 al rodaje de la tercera temporada de &#8216;Euphoria&#8217;, donde encarna al padre del personaje de Jacob Elordi, y realiz\u00f3 un cameo en la serie &#8216;Mentes brillantes&#8217;, dando vida a un bombero que luchaba por decirle a su esposa que le hab\u00edan diagnosticado ELA.<\/p>\n<p class=\"v-p\">&#8216;Anatom\u00eda de Gray&#8217;, una de las series de m\u00e9dicos m\u00e1s longevas de la peque\u00f1a pantalla con 21 temporadas y m\u00e1s de 440 cap\u00edtulos, ha sido un trampol\u00edn para muchos de los actores que se han vestido la bata blanca en el hospital de Seattle. Eric Dane particip\u00f3 en 139 episodios entre 2006 y 2021. Al cansancio por interpretar el mismo personaje se uni\u00f3 su adicci\u00f3n a las drogas y el alcohol, que le llev\u00f3 a ingresar en una cl\u00ednica de rehabilitaci\u00f3n. Su popularidad se tradujo asimismo en un nuevo cach\u00e9 que los ejecutivos de la ABC de la serie creada por Shonda Rhimes no estaban dispuestos a pagar. \u00abNo me fui, sino que creo que me dejaron ir\u00bb, resumi\u00f3 el actor.<\/p>\n<p class=\"v-p\">Nacido en San Francisco en 1972, Eric Dane era hijo de un arquitecto y una ama de casa. Fue el prototipo de capit\u00e1n del equipo del instituto, rubio y atl\u00e9tico, compitiendo en waterpolo. Hasta que una funci\u00f3n teatral de &#8216;Todos mis hijos&#8217; de Arthur Miller hizo que le picara el gusanillo de la actuaci\u00f3n. Sus primeras apariciones se produjeron en populares series de comienzos de los 90: &#8216;Salvados por la campana&#8217;, &#8216;Aquellos maravillosos a\u00f1os&#8217;, &#8216;Matrimonio con hijos&#8217; y &#8216;Roseanne&#8217;.<\/p>\n<p class=\"v-p\">&#8216;X-Men: La decisi\u00f3n final&#8217; y las series &#8216;Embrujadas&#8217; y &#8216;Las Vegas&#8217; tambi\u00e9n se cuentan en la filmograf\u00eda de Eric Dane, que en 2004 se cas\u00f3 con la actriz Rebecca Gayheart, con quien tuvo a sus dos hijas, hoy adolescentes. Aunque la pareja atraves\u00f3 una crisis e iniciaron el proceso de divorcio en 2018, finalmente decidieron seguir juntos y el a\u00f1o pasado retir\u00f3 la solicitud de separaci\u00f3n, poco antes de dar a conocer su diagn\u00f3stico de ELA. Mantener su estatus de matrimonio legal facilitar\u00eda los tr\u00e1mites de la herencia del actor.<\/p>\n<p>Reporta un error<\/p>\n","protected":false},"excerpt":{"rendered":"Viernes, 20 de febrero 2026, 07:49 La vida de Eric Dane dio un vuelco en abril del a\u00f1o&hellip;\n","protected":false},"author":2,"featured_media":407241,"comment_status":"","ping_status":"","sticky":false,"template":"","format":"standard","meta":{"footnotes":""},"categories":[174],"tags":[1339,44076,988,255,74383,1813,146,147,22613,25,24,22164,256,31231,8938,18127,23,575],"class_list":["post-407420","post","type-post","status-publish","format-standard","has-post-thumbnail","category-famosos","tag-actor","tag-anatomia","tag-anos","tag-celebrities","tag-dane","tag-ela","tag-entertainment","tag-entretenimiento","tag-eric","tag-es","tag-espana","tag-euphoria","tag-famosos","tag-grey","tag-muere","tag-padecer","tag-spain","tag-tras"],"share_on_mastodon":{"url":"https:\/\/pubeurope.com\/@es\/116102953920124386","error":""},"_links":{"self":[{"href":"https:\/\/www.europesays.com\/es\/wp-json\/wp\/v2\/posts\/407420","targetHints":{"allow":["GET"]}}],"collection":[{"href":"https:\/\/www.europesays.com\/es\/wp-json\/wp\/v2\/posts"}],"about":[{"href":"https:\/\/www.europesays.com\/es\/wp-json\/wp\/v2\/types\/post"}],"author":[{"embeddable":true,"href":"https:\/\/www.europesays.com\/es\/wp-json\/wp\/v2\/users\/2"}],"replies":[{"embeddable":true,"href":"https:\/\/www.europesays.com\/es\/wp-json\/wp\/v2\/comments?post=407420"}],"version-history":[{"count":0,"href":"https:\/\/www.europesays.com\/es\/wp-json\/wp\/v2\/posts\/407420\/revisions"}],"wp:featuredmedia":[{"embeddable":true,"href":"https:\/\/www.europesays.com\/es\/wp-json\/wp\/v2\/media\/407241"}],"wp:attachment":[{"href":"https:\/\/www.europesays.com\/es\/wp-json\/wp\/v2\/media?parent=407420"}],"wp:term":[{"taxonomy":"category","embeddable":true,"href":"https:\/\/www.europesays.com\/es\/wp-json\/wp\/v2\/categories?post=407420"},{"taxonomy":"post_tag","embeddable":true,"href":"https:\/\/www.europesays.com\/es\/wp-json\/wp\/v2\/tags?post=407420"}],"curies":[{"name":"wp","href":"https:\/\/api.w.org\/{rel}","templated":true}]}}