{"id":407691,"date":"2026-02-20T16:14:11","date_gmt":"2026-02-20T16:14:11","guid":{"rendered":"https:\/\/www.europesays.com\/es\/407691\/"},"modified":"2026-02-20T16:14:11","modified_gmt":"2026-02-20T16:14:11","slug":"cuando-debutara-joan-plaza-como-entrenador-del-casademont-zaragoza-fecha-y-rival","status":"publish","type":"post","link":"https:\/\/www.europesays.com\/es\/407691\/","title":{"rendered":"Cu\u00e1ndo debutar\u00e1 Joan Plaza como entrenador del Casademont Zaragoza: fecha y rival"},"content":{"rendered":"<p class=\"paragraph\">El t\u00e9cnico catal\u00e1n <a href=\"https:\/\/www.heraldo.es\/noticias\/deportes\/baloncesto\/2026\/02\/19\/carinoso-recuerdo-joan-plaza-jose-luis-abos-zaragoza-1895673.html\" title=\"El cari\u00f1oso recuerdo de Joan Plaza a Jos\u00e9 Luis Ab\u00f3s: &quot;Hab\u00eda v\u00ednculo m\u00e1s all\u00e1 de ser entrenador en Zaragoza&quot;\" rel=\"nofollow noopener\" target=\"_blank\">Joan Plaza debutar\u00e1 oficialmente como nuevo entrenador del Casademont Zaragoza<\/a> el pr\u00f3ximo 7 de marzo, en el encuentro que enfrentar\u00e1 al conjunto aragon\u00e9s ante el MoraBanc Andorra en la Liga Endesa. Ser\u00e1 el <b>primer partido del preparador al frente del banquillo aragon\u00e9s\u00a0<\/b>tras su reciente incorporaci\u00f3n al club.<\/p>\n<p class=\"paragraph\"><a href=\"https:\/\/www.heraldo.es\/noticias\/deportes\/baloncesto\/2026\/02\/19\/joan-plaza-es-necesario-que-la-aficion-venga-arremangada-y-hagamos-de-zaragoza-un-fortin-1895641.html\" title=\"Joan Plaza, entrenador del Casademont: &quot;Es necesario que la afici\u00f3n venga arremangada y hagamos de Zaragoza un fort\u00edn&quot;\" rel=\"nofollow noopener\" target=\"_blank\">Plaza fue presentado este jueves<\/a> como nuevo m\u00e1ximo responsable t\u00e9cnico del equipo zaragozano, en <b>una apuesta clara de la entidad por la experiencia y el liderazgo<\/b> en un momento clave de la temporada. Con una dilatada trayectoria en el baloncesto nacional e internacional, el entrenador asume el reto de reconducir la situaci\u00f3n deportiva y dotar al equipo de mayor solidez competitiva en el tramo decisivo del curso.<\/p>\n<p class=\"paragraph\">Desde su llegada, el t\u00e9cnico ha comenzado a trabajar intensamente con la plantilla en <b>sesiones de entrenamiento enfocadas en reforzar los conceptos defensivos<\/b> y mejorar la consistencia en ataque. El par\u00f3n competitivo previo a su estreno le permitir\u00e1 disponer de varias semanas para implementar sus primeras ideas y adaptar el equipo a su filosof\u00eda de juego.<\/p>\n<p class=\"paragraph\"><b>El debut en Andorra no ser\u00e1 sencillo<\/b>. El conjunto andorrano se ha mostrado competitivo en su pista y exigir\u00e1 la mejor versi\u00f3n del Casademont Zaragoza para poder sumar una victoria que impulse en esta nueva etapa. M\u00e1s all\u00e1 del resultado, el encuentro servir\u00e1 como primera toma de contacto para evaluar la respuesta del equipo bajo la direcci\u00f3n de Plaza.<\/p>\n<p class=\"paragraph\">La afici\u00f3n zaragozana espera que este nuevo ciclo aporte estabilidad, ambici\u00f3n y resultados. El 7 de marzo marcar\u00e1 el inicio de una etapa que el club conf\u00eda en que sea ilusionante y determinante para sus objetivos en la presente temporada.<\/p>\n","protected":false},"excerpt":{"rendered":"El t\u00e9cnico catal\u00e1n Joan Plaza debutar\u00e1 oficialmente como nuevo entrenador del Casademont Zaragoza el pr\u00f3ximo 7 de marzo,&hellip;\n","protected":false},"author":2,"featured_media":407692,"comment_status":"","ping_status":"","sticky":false,"template":"","format":"standard","meta":{"footnotes":""},"categories":[269],"tags":[299,298,2511,15880,12692,168,2226,25,24,23,167,491],"class_list":["post-407691","post","type-post","status-publish","format-standard","has-post-thumbnail","category-baloncesto","tag-baloncesto","tag-basketball","tag-casademont","tag-cuando","tag-debutara","tag-deportes","tag-entrenador","tag-es","tag-espana","tag-spain","tag-sports","tag-zaragoza"],"share_on_mastodon":{"url":"https:\/\/pubeurope.com\/@es\/116103850529140227","error":""},"_links":{"self":[{"href":"https:\/\/www.europesays.com\/es\/wp-json\/wp\/v2\/posts\/407691","targetHints":{"allow":["GET"]}}],"collection":[{"href":"https:\/\/www.europesays.com\/es\/wp-json\/wp\/v2\/posts"}],"about":[{"href":"https:\/\/www.europesays.com\/es\/wp-json\/wp\/v2\/types\/post"}],"author":[{"embeddable":true,"href":"https:\/\/www.europesays.com\/es\/wp-json\/wp\/v2\/users\/2"}],"replies":[{"embeddable":true,"href":"https:\/\/www.europesays.com\/es\/wp-json\/wp\/v2\/comments?post=407691"}],"version-history":[{"count":0,"href":"https:\/\/www.europesays.com\/es\/wp-json\/wp\/v2\/posts\/407691\/revisions"}],"wp:featuredmedia":[{"embeddable":true,"href":"https:\/\/www.europesays.com\/es\/wp-json\/wp\/v2\/media\/407692"}],"wp:attachment":[{"href":"https:\/\/www.europesays.com\/es\/wp-json\/wp\/v2\/media?parent=407691"}],"wp:term":[{"taxonomy":"category","embeddable":true,"href":"https:\/\/www.europesays.com\/es\/wp-json\/wp\/v2\/categories?post=407691"},{"taxonomy":"post_tag","embeddable":true,"href":"https:\/\/www.europesays.com\/es\/wp-json\/wp\/v2\/tags?post=407691"}],"curies":[{"name":"wp","href":"https:\/\/api.w.org\/{rel}","templated":true}]}}