{"id":40789,"date":"2025-08-11T17:12:31","date_gmt":"2025-08-11T17:12:31","guid":{"rendered":"https:\/\/www.europesays.com\/es\/40789\/"},"modified":"2025-08-11T17:12:31","modified_gmt":"2025-08-11T17:12:31","slug":"rodrygo-deja-el-real-madrid-por-manchester-city-esto-es-lo-que-se-sabe-tudn-la-liga","status":"publish","type":"post","link":"https:\/\/www.europesays.com\/es\/40789\/","title":{"rendered":"\u00bfRodrygo deja el Real Madrid por Manchester City? Esto es lo que se sabe | TUDN La Liga"},"content":{"rendered":"<p>El futuro de <b>Rodrygo<\/b> con el <b>Real Madrid<\/b> no est\u00e1 claro y una oferta del <b>Manchester City<\/b> podr\u00eda estar en camino en este mercado de transferencias.<\/p>\n<p>Seg\u00fan Fabrizio Romano, el club de la <b> Premier League <\/b>est\u00e1 considerando lanzar una propuesta por el extremo brasile\u00f1o de 24 a\u00f1os, del que es fan <b>Pep Guardiola<\/b>.<\/p>\n<p>Incluso, el City ya le estar\u00eda haciendo cabida a Rodrygo en su plantilla, pues tiene tres salidas en fila: la de <b>Jack Grealish<\/b>, <b>James McAtee<\/b> y <b>Savinho<\/b>.<\/p>\n<p>El mismo Romano reporta que Grealish pasar\u00e1 a ser nuevo jugador del <b>Everton<\/b> con un pr\u00e9stamo con opci\u00f3n de compra de 50 millones de euros.<\/p>\n<p>Mientras que el City ya negocia con <b>Nottingham Forest<\/b> por McAtee, transferencia que se dar\u00eda en unos 20 millones de euros. Por su parte, los Sky Blues ya recibieron una oferta de 50 millones del <b>Tottenham<\/b> por Savinho, pero quieren m\u00e1s.<\/p>\n<p>El <b>Real Madrid <\/b>est\u00e1 a dispuesto a vender a <b>Rodrygo<\/b> si el jugador quiere, pero solo lo dejar\u00e1 irse si llega una buena oferta.<\/p>\n<p>Romano se\u00f1ala que el conjunto merengue pedir\u00eda cerca de <b>100 millones de euros<\/b>.<\/p>\n<p>Rodrygo est\u00e1 valuado en 90 millones y lleg\u00f3 al Real Madrid en 2019 por 45 millones procedente del Santos.<\/p>\n<p>El brasile\u00f1o suma 68 goles y 51 asistencias en 270 partidos disputados con el equipo blanco.<\/p>\n","protected":false},"excerpt":{"rendered":"El futuro de Rodrygo con el Real Madrid no est\u00e1 claro y una oferta del Manchester City podr\u00eda&hellip;\n","protected":false},"author":2,"featured_media":40790,"comment_status":"","ping_status":"","sticky":false,"template":"","format":"standard","meta":{"footnotes":""},"categories":[93],"tags":[168,25,24,288,2013,1240,3048,19677,23,167],"class_list":{"0":"post-40789","1":"post","2":"type-post","3":"status-publish","4":"format-standard","5":"has-post-thumbnail","7":"category-deportes","8":"tag-deportes","9":"tag-es","10":"tag-espana","11":"tag-laliga","12":"tag-manchester-city","13":"tag-premier-league","14":"tag-real-madrid","15":"tag-rodrygo","16":"tag-spain","17":"tag-sports"},"share_on_mastodon":{"url":"","error":""},"_links":{"self":[{"href":"https:\/\/www.europesays.com\/es\/wp-json\/wp\/v2\/posts\/40789","targetHints":{"allow":["GET"]}}],"collection":[{"href":"https:\/\/www.europesays.com\/es\/wp-json\/wp\/v2\/posts"}],"about":[{"href":"https:\/\/www.europesays.com\/es\/wp-json\/wp\/v2\/types\/post"}],"author":[{"embeddable":true,"href":"https:\/\/www.europesays.com\/es\/wp-json\/wp\/v2\/users\/2"}],"replies":[{"embeddable":true,"href":"https:\/\/www.europesays.com\/es\/wp-json\/wp\/v2\/comments?post=40789"}],"version-history":[{"count":0,"href":"https:\/\/www.europesays.com\/es\/wp-json\/wp\/v2\/posts\/40789\/revisions"}],"wp:featuredmedia":[{"embeddable":true,"href":"https:\/\/www.europesays.com\/es\/wp-json\/wp\/v2\/media\/40790"}],"wp:attachment":[{"href":"https:\/\/www.europesays.com\/es\/wp-json\/wp\/v2\/media?parent=40789"}],"wp:term":[{"taxonomy":"category","embeddable":true,"href":"https:\/\/www.europesays.com\/es\/wp-json\/wp\/v2\/categories?post=40789"},{"taxonomy":"post_tag","embeddable":true,"href":"https:\/\/www.europesays.com\/es\/wp-json\/wp\/v2\/tags?post=40789"}],"curies":[{"name":"wp","href":"https:\/\/api.w.org\/{rel}","templated":true}]}}