{"id":40793,"date":"2025-08-11T17:14:08","date_gmt":"2025-08-11T17:14:08","guid":{"rendered":"https:\/\/www.europesays.com\/es\/40793\/"},"modified":"2025-08-11T17:14:08","modified_gmt":"2025-08-11T17:14:08","slug":"valle-salvaje-vivio-el-si-quiero-de-victoria-y-jose-luis-en-una-boda-con-dos-bombazos-y-una-amenaza","status":"publish","type":"post","link":"https:\/\/www.europesays.com\/es\/40793\/","title":{"rendered":"&#8216;Valle Salvaje&#8217; vivi\u00f3 el &#8216;s\u00ed, quiero&#8217; de Victoria y Jos\u00e9 Luis, en una boda con dos bombazos y una amenaza"},"content":{"rendered":"<p class=\"article-text\">\n        El pasado viernes, 8 de agosto, <strong>Valle Salvaje<\/strong> dej\u00f3 la esperada <strong>boda de Victoria y Jos\u00e9 Luis<\/strong> en el aire, por el <a href=\"https:\/\/www.eldiario.es\/vertele\/series\/valle-salvaje-sufrio-boda-ridiculo-espantoso-novios-pagaran-cara-humillacion_1_12523805.html\" target=\"_blank\" data-mrf-recirculation=\"links-noticia\" class=\"link\" rel=\"nofollow noopener\">retraso de los testigos<\/a>. Un gesto que para la futura esposa supuso una humillaci\u00f3n que \u201c<strong>bien sabe Dios que pagar\u00e1n\u201d<\/strong>, asegur\u00f3 zanjando ese cap\u00edtulo 229.\n    <\/p>\n<p>    <a href=\"https:\/\/www.eldiario.es\/series\/valle-salvaje-sufrio-boda-ridiculo-espantoso-novios-pagaran-cara-humillacion_1_12523805.html\" data-mrf-recirculation=\"saber-mas\" data-dl-event=\"saber-mas\" rel=\"nofollow noopener\" target=\"_blank\"><\/p>\n<p class=\"know-more__title\">&#8216;Valle Salvaje&#8217; sufri\u00f3 su boda con un \u00abrid\u00edculo espantoso\u00bb para los novios: \u00abPagar\u00e1n cara esta humillaci\u00f3n\u00bb<\/p>\n<p>            <img decoding=\"async\" class=\"lazy\" loading=\"lazy\" data-src=\"https:\/\/static.eldiario.es\/clip\/dacf3234-c044-4cc7-9f36-18ff8cce6d85_16-9-aspect-ratio_default_0.jpg\" src=\"data:image\/svg+xml,%3Csvg xmlns=\" http:=\"\" viewbox=\"0 0 880 495\" alt=\"'Valle Salvaje' sufri\u00f3 su boda con un &quot;rid\u00edculo espantoso&quot; para los novios: &quot;Pagar\u00e1n cara esta humillaci\u00f3n&quot;\"\/><\/p>\n<p>                        <\/a><\/p>\n<p class=\"article-text\">\n        Este lunes, el nuevo episodio arrancaba en ese mismo instante, en el que Victoria y Jos\u00e9 Luis decid\u00edan acudir al altar para no hacer esperar m\u00e1s a los invitados, a pesar de no tener presentes a sus testigos.\n    <\/p>\n<p class=\"article-text\">\n        Atenci\u00f3n, esta noticia puede contener spoilers del cap\u00edtulo 230 de &#8216;Valle Salvaje&#8217;, lea bajo su responsabilidad\n    <\/p>\n<p class=\"article-text\">\n        Al sentarse en el altar, el cura empez\u00f3 el discurso para frenar cuando vio llegar a una pareja a lo lejos. Los novios se giraban y el semblante de sus rostros cambiaba por completo: eran <strong>Mercedes y Bernardo.<\/strong> A pesar de que ella hab\u00eda decidido no acudir al enlace de su cu\u00f1ado con la asesina de su hermana, finalmente apareci\u00f3.\n    <\/p>\n<blockquote class=\"twitter-tweet\" data-lang=\"es\"><p><a href=\"https:\/\/twitter.com\/X\/status\/1954928954848268782?ref_src=twsrc%5Etfw\" rel=\"nofollow noopener\" target=\"_blank\"><\/p><\/blockquote>\n<p class=\"article-text\">\n        Lejos de generar tranquilidad su llegada, la tensi\u00f3n creci\u00f3 cuando el cura pregunt\u00f3 a ambos si estaban de acuerdo con el matrimonio que se hac\u00eda \u201cde manera libre y sin impedimento alguno\u201d. Bernardo titube\u00f3 unos segundos, pero acab\u00f3 afirmando. \u201c<strong>No conozco impedimento para que se desposen lo que se disponen a hacer libremente<\/strong>\u201d, asegur\u00f3.\n    <\/p>\n<p class=\"article-text\">\n        Seguidamente, lleg\u00f3 el turno de que Mercedes respondiera a la misma pregunta. Tras secarse las l\u00e1grimas y tragar saliva, acab\u00f3 haci\u00e9ndolo: \u201c<strong>Afirmo lo mismo que mi esposo\u201d<\/strong>, zanj\u00f3 y se sent\u00f3 entristecida.\n    <\/p>\n<p class=\"article-text\">\n        Victoria y Jos\u00e9 Luis unieron sus manos y se dieron el \u201cs\u00ed, quiero\u201d, con emoci\u00f3n en ambos rostros y un beso, sellaron su uni\u00f3n: <strong>\u201cEnhorabuena, excelent\u00edsima duquesa<\/strong>\u201d, le susurr\u00f3 \u00e9l.\n    <\/p>\n<blockquote class=\"twitter-tweet\" data-lang=\"es\"><p><a href=\"https:\/\/twitter.com\/X\/status\/1954931664896897478?ref_src=twsrc%5Etfw\" rel=\"nofollow noopener\" target=\"_blank\"><\/p><\/blockquote>\n<p class=\"article-text\">\n        Convertidos ya en marido y mujer, en el convite, Victoria se acerc\u00f3 a Mercedes y se sincer\u00f3: \u201cPor un momento tem\u00ed que no se presentaran\u201d. A lo que su ahora cu\u00f1ada respond\u00eda: \u201c\u00bfPor qu\u00e9 \u00cdbamos a hacer tal cosa? Somos los testigos. No hab\u00eda motivo alguno para faltar a nuestra palabra.<strong> Ahora somos la dos duquesas, Victoria, espero que las cosas entre ambas puedan cambiar<\/strong>\u201d.\n    <\/p>\n<p class=\"article-text\">\n        A lo que la nueva mujer casa le respondi\u00f3 con un tono amenazante: \u201c<strong>Seguro, de hecho, han cambiado, para siempre\u201d. <\/strong>\n    <\/p>\n<blockquote class=\"twitter-tweet\" data-lang=\"es\"><p><a href=\"https:\/\/twitter.com\/X\/status\/1954937100731830634?ref_src=twsrc%5Etfw\" rel=\"nofollow noopener\" target=\"_blank\"><\/p><\/blockquote>\n<p class=\"article-text\">\n        Acabada la boda, Mercedes se arrepent\u00eda de su acto ante Bernardo: \u201cHe dado mi benepl\u00e1cito a esa monstruosa boda, s\u00e9 que era necesaria para nuestra supervivencia, pero no s\u00e9 si voy a poder perdonarme. He permitido que mi hermana, que est\u00e1 en el cielo, fuese testigo de c\u00f3mo el \u00fanico hombre al que am\u00f3 desposaba con la mujer que le quit\u00f3 la vida. <strong>He cometido el mayor error de mi vida\u201d<\/strong>, repet\u00eda ante su esposo.\n    <\/p>\n<p>    Las dos bombas del cap\u00edtulo: las tierras y un amor secreto<\/p>\n<p class=\"article-text\">\n        M\u00e1s all\u00e1 de la boda, varios de los protagonistas descubr\u00edan que \u201clas tierras no pertenecen al duque\u201d. Al confes\u00e1rselo unos a otros, daban m\u00e1s detalles: <strong>\u201cValle Salvaje siempre fue de Don Evaristo de la Cruz<\/strong>, y ahora como heredero son de su hermano, Pedrito\u201d, desvelaban en una informaci\u00f3n que puede cambiarlo todo.\n    <\/p>\n<blockquote class=\"twitter-tweet\" data-lang=\"es\"><p><a href=\"https:\/\/twitter.com\/X\/status\/1954942763096473957?ref_src=twsrc%5Etfw\" rel=\"nofollow noopener\" target=\"_blank\"><\/p><\/blockquote>\n<p class=\"article-text\">\n        Paralelamente, Victoria y Jos\u00e9 Luis se encontraban en su primera noche de bodas, y \u00e9l le confesaba sus ganas de dormir juntos. \u201cRecuerdo el d\u00eda que en que te conoc\u00ed, te desee desde ese momento y no he dejado de hacerlo. <strong>Y hoy voy a amar a la duquesa, la mujer que junto a m\u00ed regir\u00e1 el destino de estas tierras<\/strong>\u201d.\n    <\/p>\n<p>    <a href=\"https:\/\/www.eldiario.es\/vertele\/series\/la-promesa-anuncia-avance-semanal-capitulo-especial-centrado-protagonistas_1_12527453.html\" data-mrf-recirculation=\"saber-mas-abajo\" data-dl-event=\"saber-mas-abajo\" rel=\"nofollow noopener\" target=\"_blank\"><\/p>\n<p class=\"know-more__title\">&#8216;La Promesa&#8217; anuncia en su avance semanal un cap\u00edtulo especial centrado en uno de sus protagonistas<\/p>\n<p>            <img decoding=\"async\" class=\"lazy\" loading=\"lazy\" data-src=\"https:\/\/static.eldiario.es\/clip\/6f5e5b92-c075-4550-a402-704fdcc93edb_16-9-aspect-ratio_default_0.jpg\" src=\"data:image\/svg+xml,%3Csvg xmlns=\" http:=\"\" viewbox=\"0 0 880 495\" alt=\"'La Promesa' anuncia en su avance semanal un cap\u00edtulo especial centrado en uno de sus protagonistas\"\/><\/p>\n<p>                        <\/a><\/p>\n<p class=\"article-text\">\n        Sin embargo, ella le solt\u00f3 una informaci\u00f3n que le dej\u00f3 sin ganas de culminar nada: \u201cNo est\u00e1 en mi \u00e1nimo negarte nuestra noche de bodas, llevo todo el d\u00eda cargando con este peso y debes saberlo: tu hijo, <strong>Rafael, \u00e9l y mi sobrina est\u00e1n juntos. Se aman\u201d,<\/strong> solt\u00f3 ante los ojos asombrados de su marido.\n    <\/p>\n<blockquote class=\"twitter-tweet\" data-lang=\"es\"><p><a href=\"https:\/\/twitter.com\/X\/status\/1954942636751802459?ref_src=twsrc%5Etfw\" rel=\"nofollow noopener\" target=\"_blank\"><\/p><\/blockquote>\n<p>                                    <script async src=\"https:\/\/platform.twitter.com\/widgets.js\" charset=\"utf-8\"><\/script><\/p>\n","protected":false},"excerpt":{"rendered":"El pasado viernes, 8 de agosto, Valle Salvaje dej\u00f3 la esperada boda de Victoria y Jos\u00e9 Luis en&hellip;\n","protected":false},"author":2,"featured_media":40794,"comment_status":"","ping_status":"","sticky":false,"template":"","format":"standard","meta":{"footnotes":""},"categories":[91],"tags":[4213,3158,19679,146,147,25,24,2467,7820,10474,10527,688,23,2123,1261,19678],"class_list":{"0":"post-40793","1":"post","2":"type-post","3":"status-publish","4":"format-standard","5":"has-post-thumbnail","7":"category-entretenimiento","8":"tag-amenaza","9":"tag-boda","10":"tag-bombazos","11":"tag-entertainment","12":"tag-entretenimiento","13":"tag-es","14":"tag-espana","15":"tag-jose","16":"tag-luis","17":"tag-quiero","18":"tag-salvaje","19":"tag-si","20":"tag-spain","21":"tag-valle","22":"tag-victoria","23":"tag-vivio"},"share_on_mastodon":{"url":"","error":""},"_links":{"self":[{"href":"https:\/\/www.europesays.com\/es\/wp-json\/wp\/v2\/posts\/40793","targetHints":{"allow":["GET"]}}],"collection":[{"href":"https:\/\/www.europesays.com\/es\/wp-json\/wp\/v2\/posts"}],"about":[{"href":"https:\/\/www.europesays.com\/es\/wp-json\/wp\/v2\/types\/post"}],"author":[{"embeddable":true,"href":"https:\/\/www.europesays.com\/es\/wp-json\/wp\/v2\/users\/2"}],"replies":[{"embeddable":true,"href":"https:\/\/www.europesays.com\/es\/wp-json\/wp\/v2\/comments?post=40793"}],"version-history":[{"count":0,"href":"https:\/\/www.europesays.com\/es\/wp-json\/wp\/v2\/posts\/40793\/revisions"}],"wp:featuredmedia":[{"embeddable":true,"href":"https:\/\/www.europesays.com\/es\/wp-json\/wp\/v2\/media\/40794"}],"wp:attachment":[{"href":"https:\/\/www.europesays.com\/es\/wp-json\/wp\/v2\/media?parent=40793"}],"wp:term":[{"taxonomy":"category","embeddable":true,"href":"https:\/\/www.europesays.com\/es\/wp-json\/wp\/v2\/categories?post=40793"},{"taxonomy":"post_tag","embeddable":true,"href":"https:\/\/www.europesays.com\/es\/wp-json\/wp\/v2\/tags?post=40793"}],"curies":[{"name":"wp","href":"https:\/\/api.w.org\/{rel}","templated":true}]}}