{"id":408229,"date":"2026-02-20T23:37:13","date_gmt":"2026-02-20T23:37:13","guid":{"rendered":"https:\/\/www.europesays.com\/es\/408229\/"},"modified":"2026-02-20T23:37:13","modified_gmt":"2026-02-20T23:37:13","slug":"sorpresa-de-cumpleanos-en-la-cancha-para-galbiati","status":"publish","type":"post","link":"https:\/\/www.europesays.com\/es\/408229\/","title":{"rendered":"Sorpresa de cumplea\u00f1os en la cancha para Galbiati"},"content":{"rendered":"<p>\n        <strong>El Kosner Baskonia ya estaba en semifinales <\/strong>de la Copa del Rey tras tumbar a CB 1939 Canarias cuando lleg\u00f3 la escena m\u00e1s inesperada de la noche. Paolo Galbiati comparec\u00eda<strong> ante los micr\u00f3fonos de DAZN <\/strong>sobre el parqu\u00e9, a\u00fan con la adrenalina del triunfo latiendo, cuando<strong> la entrevista se convirti\u00f3 en celebraci\u00f3n.<\/strong>\n<\/p>\n<p class=\"article-body__text \">\n        El t\u00e9cnico italiano, que este jueves<strong> cumpl\u00eda 42 a\u00f1os,<\/strong> analizaba la victoria cuando <strong>apareci\u00f3 Rodions Kurucs con una tarta entre las manos. <\/strong>El let\u00f3n, protagonista del partido tras una semana complicada por su esguince de tobillo, irrumpi\u00f3 en plano y sorprendi\u00f3 a su entrenador con un abrazo que desat\u00f3 las risas en la cancha.\n<\/p>\n<p>            <a href=\"https:\/\/www.noticiasdealava.eus\/baskonia\/2026\/02\/20\/baskonia-regresa-cinco-anos-despues-tenerife-copa-del-rey-10728057.html\" title=\"El Baskonia regresa cinco a\u00f1os despu\u00e9s a una semifinal de Copa\" class=\"new__media\" rel=\"nofollow noopener\" target=\"_blank\"><\/p>\n<p>                <img alt=\"El Baskonia regresa cinco a\u00f1os despu\u00e9s a una semifinal de Copa\" data-src=\"https:\/\/www.europesays.com\/es\/wp-content\/uploads\/2026\/02\/0227ca64-16eb-4bfd-b1c6-f32c3ed9e0d7_16-9-aspect-ratio_default_0.jpg\" class=\"lozad\"\/><\/p>\n<p>        <\/a><\/p>\n<p>        <a href=\"https:\/\/www.noticiasdealava.eus\/baskonia\/2026\/02\/20\/baskonia-regresa-cinco-anos-despues-tenerife-copa-del-rey-10728057.html\" title=\"El Baskonia regresa cinco a\u00f1os despu\u00e9s a una semifinal de Copa\" class=\"new__headline\" rel=\"nofollow noopener\" target=\"_blank\"><br \/>\n            El Baskonia regresa cinco a\u00f1os despu\u00e9s a una semifinal de Copa<br \/>\n        <\/a><\/p>\n<blockquote class=\"twitter-tweet\" data-lang=\"es\" wp_automatic_readability=\"2.9017857142857\">\n<p lang=\"es\" dir=\"ltr\">Titula est\u00e1s fotos \ud83d\udcf8\ud83d\udc47\ud83c\udffc <a href=\"https:\/\/t.co\/tpI5Nehstw\" rel=\"nofollow\">pic.twitter.com\/tpI5Nehstw<\/a><\/p>\n<p>\u2014 Kosner Baskonia (@Baskonia) <a href=\"https:\/\/twitter.com\/Baskonia\/status\/2024936083801157696?ref_src=twsrc%5Etfw\" rel=\"nofollow noopener\" target=\"_blank\">20 de febrero de 2026<\/a><\/p><\/blockquote>\n<p>            <a href=\"https:\/\/www.noticiasdealava.eus\/baskonia\/2026\/02\/20\/forrest-lidera-baskonia-copa-del-rey-acb-valencia-tenerife-roig-arena-trent-forrest-10728231.html\" title=\"Trent Forrest lidera al Baskonia\" class=\"new__media\" rel=\"nofollow noopener\" target=\"_blank\"><\/p>\n<p>                <img alt=\"Trent Forrest lidera al Baskonia\" data-src=\"https:\/\/www.europesays.com\/es\/wp-content\/uploads\/2026\/02\/4a6cf82f-4e07-40b5-a7cc-742a0d593a56_16-9-aspect-ratio_default_0.jpg\" class=\"lozad\"\/><\/p>\n<p>        <\/a><\/p>\n<p>        <a href=\"https:\/\/www.noticiasdealava.eus\/baskonia\/2026\/02\/20\/forrest-lidera-baskonia-copa-del-rey-acb-valencia-tenerife-roig-arena-trent-forrest-10728231.html\" title=\"Trent Forrest lidera al Baskonia\" class=\"new__headline\" rel=\"nofollow noopener\" target=\"_blank\"><br \/>\n            Trent Forrest lidera al Baskonia<br \/>\n        <\/a><\/p>\n<p class=\"article-body__text \">\n        Minutos despu\u00e9s,<strong> el propio t\u00e9cnico pon\u00eda en valor el esfuerzo del alero let\u00f3n<\/strong>. \u201cEl lunes y martes Kurucs no caminaba y el mi\u00e9rcoles iba con muletas\u201d, record\u00f3 en rueda de prensa. Su recuperaci\u00f3n expr\u00e9s, gracias \u2014subray\u00f3\u2014 al \u201cincre\u00edble trabajo del m\u00e9dico y de los fisios\u201d, result\u00f3 decisiva en un partido que el Baskonia supo madurar.\n<\/p>\n<blockquote class=\"twitter-tweet\" data-media-max-width=\"560\" wp_automatic_readability=\"4.9798657718121\">\n<p lang=\"es\" dir=\"ltr\">Hoy Paolo pidi\u00f3 un deseo\u2026 y se lo hemos concedido<\/p>\n<p>Estamos en semis \ud83d\udd25 <a href=\"https:\/\/t.co\/MC0dJFDwz4\" rel=\"nofollow\">pic.twitter.com\/MC0dJFDwz4<\/a><\/p>\n<p>\u2014 Kosner Baskonia (@Baskonia) <a href=\"https:\/\/twitter.com\/Baskonia\/status\/2024926578929483940?ref_src=twsrc%5Etfw\" rel=\"nofollow noopener\" target=\"_blank\">February 20, 2026<\/a><\/p><\/blockquote>\n<p class=\"article-body__text \">\n        Adem\u00e1s de Kurucs, el divertido momento con las c\u00e1maras y pcomentaristas de DAZN como testigos, <strong>se sumaron tambi\u00e9n Sidi Diakit\u00e9 y Markus Howard, <\/strong>completando una estampa de vestuario unido que arranc\u00f3 la sonrisa de Galbiati y tambi\u00e9n la de la periodista que entrevistaba al t\u00e9cnico italiano.\n<\/p>\n<p class=\"article-body__text \">\n        M\u00e1s all\u00e1 del triunfo,<strong> la an\u00e9cdota dej\u00f3 ver la buena sinton\u00eda del vestuario baskonista.<\/strong>\n<\/p>\n<p>            <script async src=\"https:\/\/platform.twitter.com\/widgets.js\" charset=\"utf-8\"><\/script><\/p>\n","protected":false},"excerpt":{"rendered":"El Kosner Baskonia ya estaba en semifinales de la Copa del Rey tras tumbar a CB 1939 Canarias&hellip;\n","protected":false},"author":2,"featured_media":408230,"comment_status":"","ping_status":"","sticky":false,"template":"","format":"standard","meta":{"footnotes":""},"categories":[269],"tags":[299,298,1679,6996,168,25,24,17490,5785,23,167],"class_list":["post-408229","post","type-post","status-publish","format-standard","has-post-thumbnail","category-baloncesto","tag-baloncesto","tag-basketball","tag-cancha","tag-cumpleanos","tag-deportes","tag-es","tag-espana","tag-galbiati","tag-sorpresa","tag-spain","tag-sports"],"share_on_mastodon":{"url":"https:\/\/pubeurope.com\/@es\/116105592671499254","error":""},"_links":{"self":[{"href":"https:\/\/www.europesays.com\/es\/wp-json\/wp\/v2\/posts\/408229","targetHints":{"allow":["GET"]}}],"collection":[{"href":"https:\/\/www.europesays.com\/es\/wp-json\/wp\/v2\/posts"}],"about":[{"href":"https:\/\/www.europesays.com\/es\/wp-json\/wp\/v2\/types\/post"}],"author":[{"embeddable":true,"href":"https:\/\/www.europesays.com\/es\/wp-json\/wp\/v2\/users\/2"}],"replies":[{"embeddable":true,"href":"https:\/\/www.europesays.com\/es\/wp-json\/wp\/v2\/comments?post=408229"}],"version-history":[{"count":0,"href":"https:\/\/www.europesays.com\/es\/wp-json\/wp\/v2\/posts\/408229\/revisions"}],"wp:featuredmedia":[{"embeddable":true,"href":"https:\/\/www.europesays.com\/es\/wp-json\/wp\/v2\/media\/408230"}],"wp:attachment":[{"href":"https:\/\/www.europesays.com\/es\/wp-json\/wp\/v2\/media?parent=408229"}],"wp:term":[{"taxonomy":"category","embeddable":true,"href":"https:\/\/www.europesays.com\/es\/wp-json\/wp\/v2\/categories?post=408229"},{"taxonomy":"post_tag","embeddable":true,"href":"https:\/\/www.europesays.com\/es\/wp-json\/wp\/v2\/tags?post=408229"}],"curies":[{"name":"wp","href":"https:\/\/api.w.org\/{rel}","templated":true}]}}