{"id":40882,"date":"2025-08-11T18:03:08","date_gmt":"2025-08-11T18:03:08","guid":{"rendered":"https:\/\/www.europesays.com\/es\/40882\/"},"modified":"2025-08-11T18:03:08","modified_gmt":"2025-08-11T18:03:08","slug":"el-fondo-soberano-de-noruega-el-mayor-inversor-estatal-del-mundo-reduce-su-presencia-en-empresas-israelies","status":"publish","type":"post","link":"https:\/\/www.europesays.com\/es\/40882\/","title":{"rendered":"El fondo soberano de Noruega, el mayor inversor estatal del mundo, reduce su presencia en empresas israel\u00edes"},"content":{"rendered":"<p class=\"article-text\">\n        El <a href=\"https:\/\/www.eldiario.es\/economia\/mayor-fondo-soberano-mundo-fija-tecnologicas-abordar-ciclo-economico-inteligencia-artificial_1_10891108.html\" data-mrf-recirculation=\"links-noticia\" class=\"link\" rel=\"nofollow noopener\" target=\"_blank\">Fondo Global de Pensiones del Gobierno de Noruega, el mayor fondo soberano mundial<\/a>, ha comenzado a reducir su exposici\u00f3n a Israel, incluyendo la desinversi\u00f3n de varias empresas de ese pa\u00eds y la rescisi\u00f3n de contratos con gestores externos israel\u00edes, \u201cen respuesta a circunstancias extraordinarias\u201d, seg\u00fan recoge Europa Press.\n    <\/p>\n<p>    <a href=\"https:\/\/www.eldiario.es\/internacional\/enfrentamiento-primos-activista-ministro-clima-extraccion-petroleo-noruega_1_12516346.html\" data-mrf-recirculation=\"saber-mas\" data-dl-event=\"saber-mas\" rel=\"nofollow noopener\" target=\"_blank\"><\/p>\n<p class=\"know-more__title\">Enfrentamiento entre primos (uno activista y otro ministro del Clima) por la extracci\u00f3n de petr\u00f3leo en Noruega<\/p>\n<p>            <img decoding=\"async\" class=\"lazy\" loading=\"lazy\" data-src=\"https:\/\/static.eldiario.es\/clip\/53009963-153c-44d4-867b-6e02d6291fb1_16-9-aspect-ratio_default_0.jpg\" src=\"data:image\/svg+xml,%3Csvg xmlns=\" http:=\"\" viewbox=\"0 0 880 495\" alt=\"Enfrentamiento entre primos (uno activista y otro ministro del Clima) por la extracci\u00f3n de petr\u00f3leo en Noruega\"\/><\/p>\n<p>                        <\/a><\/p>\n<p class=\"article-text\">\n        La entidad escandinava, que invierte en el exterior los ingresos procedentes del gas y el petr\u00f3leo de Noruega, ha anunciado este lunes la simplificaci\u00f3n de la gesti\u00f3n de sus inversiones en Israel, mediante la reducci\u00f3n del n\u00famero de empresas israel\u00edes en las que invierte y la internalizaci\u00f3n de todas las inversiones.\n    <\/p>\n<p class=\"article-text\">\n        En este sentido, el Ministerio de Finanzas ha solicitado a Norges Bank, el banco central noruego responsable de la gesti\u00f3n del veh\u00edculo inversor, que revise la implementaci\u00f3n del mandato de gesti\u00f3n del fondo y sus inversiones en empresas israel\u00edes, y que proponga las nuevas medidas que considere necesarias.\n    <\/p>\n<p class=\"article-text\">\n        \u201cHemos iniciado la revisi\u00f3n y mantenemos un estrecho di\u00e1logo con el Consejo de \u00c9tica y reuniones con el Ministerio de Finanzas. Responderemos formalmente a la carta del Ministerio lo antes posible y antes de la fecha l\u00edmite del 20 de agosto\u201d, ha indicado el fondo noruego.\n    <\/p>\n<p class=\"article-text\">\n        En concreto, si al final del primer semestre del a\u00f1o, el fondo invert\u00eda en 61 empresas israel\u00edes, incluyendo 11 compa\u00f1\u00edas que no figuraban en el \u00edndice de referencia burs\u00e1til correspondiente, a principios de la semana pasada, Norges Bank Investment Management (NBIM) decidi\u00f3 vender lo antes posible todas las inversiones en empresas israel\u00edes que no figuran en el \u00edndice de referencia burs\u00e1til.\n    <\/p>\n<p class=\"article-text\">\n        \u201cEn los \u00faltimos d\u00edas, hemos vendido todas nuestras inversiones en empresas israel\u00edes que no figuran en el \u00edndice de referencia de renta variable. Ya hemos liquidado por completo estas posiciones\u201d, ha comunicado.\n    <\/p>\n<p class=\"article-text\">\n        Asimismo, la entidad ha anunciado que todas las inversiones en empresas israel\u00edes gestionadas por gestores externos se trasladar\u00e1n y gestionar\u00e1n internamente. \u201cEstamos rescindiendo contratos con gestores externos en Israel\u201d, ha a\u00f1adido.\n    <\/p>\n<p class=\"article-text\">\n        Como resultado, las inversiones del fondo en Israel se limitar\u00e1n ahora a empresas que figuran en el \u00edndice de referencia de renta variable, aunque ha precisado que no invertir\u00e1 en todas las empresas israel\u00edes incluidas en dicho \u00edndice.\n    <\/p>\n<p>    <a href=\"https:\/\/www.eldiario.es\/economia\/mayor-fondo-soberano-mundo-fija-tecnologicas-abordar-ciclo-economico-inteligencia-artificial_1_10891108.html\" data-mrf-recirculation=\"saber-mas-abajo\" data-dl-event=\"saber-mas-abajo\" rel=\"nofollow noopener\" target=\"_blank\"><\/p>\n<p class=\"know-more__title\">El mayor fondo soberano del mundo se fija en tecnol\u00f3gicas para abordar el ciclo econ\u00f3mico de la inteligencia artificial<\/p>\n<p>            <img decoding=\"async\" class=\"lazy\" loading=\"lazy\" data-src=\"https:\/\/static.eldiario.es\/clip\/f71069c1-cc40-4bb5-9a1e-41534eb9ccc5_16-9-aspect-ratio_default_0.jpg\" src=\"data:image\/svg+xml,%3Csvg xmlns=\" http:=\"\" viewbox=\"0 0 880 495\" alt=\"El mayor fondo soberano del mundo se fija en tecnol\u00f3gicas para abordar el ciclo econ\u00f3mico de la inteligencia artificial\"\/><\/p>\n<p>                        <\/a><\/p>\n<p class=\"article-text\">\n        \u201cEstas medidas se tomaron en respuesta a circunstancias extraordinarias. La situaci\u00f3n en Gaza es una grave crisis humanitaria\u201d, ha afirmado Nicolai Tangen, consejero delegado de NBIM. Noruega reconoci\u00f3 al Estado de Palestina en mayo del a\u00f1o pasado, junto con Espa\u00f1a e Irlanda.\n    <\/p>\n","protected":false},"excerpt":{"rendered":"El Fondo Global de Pensiones del Gobierno de Noruega, el mayor fondo soberano mundial, ha comenzado a reducir&hellip;\n","protected":false},"author":2,"featured_media":40883,"comment_status":"","ping_status":"","sticky":false,"template":"","format":"standard","meta":{"footnotes":""},"categories":[42],"tags":[17,18,2308,19697,13,14,11657,11,61,62,63,64,4341,8526,19,20,31,3013,9,4907,10,15,16,2682,3385,13915,12,21,22,65,66,67],"class_list":{"0":"post-40882","1":"post","2":"type-post","3":"status-publish","4":"format-standard","5":"has-post-thumbnail","7":"category-internacional","8":"tag-breaking-news","9":"tag-breakingnews","10":"tag-empresas","11":"tag-estatal","12":"tag-featured-news","13":"tag-featurednews","14":"tag-fondo","15":"tag-headlines","16":"tag-internacional","17":"tag-international","18":"tag-international-news","19":"tag-internationalnews","20":"tag-inversor","21":"tag-israelies","22":"tag-latest-news","23":"tag-latestnews","24":"tag-mayor","25":"tag-mundo","26":"tag-news","27":"tag-noruega","28":"tag-noticias","29":"tag-noticias-destacadas","30":"tag-noticiasdestacadas","31":"tag-presencia","32":"tag-reduce","33":"tag-soberano","34":"tag-titulares","35":"tag-ultimas-noticias","36":"tag-ultimasnoticias","37":"tag-world","38":"tag-world-news","39":"tag-worldnews"},"share_on_mastodon":{"url":"","error":""},"_links":{"self":[{"href":"https:\/\/www.europesays.com\/es\/wp-json\/wp\/v2\/posts\/40882","targetHints":{"allow":["GET"]}}],"collection":[{"href":"https:\/\/www.europesays.com\/es\/wp-json\/wp\/v2\/posts"}],"about":[{"href":"https:\/\/www.europesays.com\/es\/wp-json\/wp\/v2\/types\/post"}],"author":[{"embeddable":true,"href":"https:\/\/www.europesays.com\/es\/wp-json\/wp\/v2\/users\/2"}],"replies":[{"embeddable":true,"href":"https:\/\/www.europesays.com\/es\/wp-json\/wp\/v2\/comments?post=40882"}],"version-history":[{"count":0,"href":"https:\/\/www.europesays.com\/es\/wp-json\/wp\/v2\/posts\/40882\/revisions"}],"wp:featuredmedia":[{"embeddable":true,"href":"https:\/\/www.europesays.com\/es\/wp-json\/wp\/v2\/media\/40883"}],"wp:attachment":[{"href":"https:\/\/www.europesays.com\/es\/wp-json\/wp\/v2\/media?parent=40882"}],"wp:term":[{"taxonomy":"category","embeddable":true,"href":"https:\/\/www.europesays.com\/es\/wp-json\/wp\/v2\/categories?post=40882"},{"taxonomy":"post_tag","embeddable":true,"href":"https:\/\/www.europesays.com\/es\/wp-json\/wp\/v2\/tags?post=40882"}],"curies":[{"name":"wp","href":"https:\/\/api.w.org\/{rel}","templated":true}]}}