{"id":408973,"date":"2026-02-21T11:21:12","date_gmt":"2026-02-21T11:21:12","guid":{"rendered":"https:\/\/www.europesays.com\/es\/408973\/"},"modified":"2026-02-21T11:21:12","modified_gmt":"2026-02-21T11:21:12","slug":"elpuerto-de-santa-maria-el-puerto-vive-el-sabado-de-carnaval-con-fiestas-infantiles-la-cabalgata-numerosas-actuaciones-en-la-plaza-de-la-herreria-y-un-carrusel-de-coros","status":"publish","type":"post","link":"https:\/\/www.europesays.com\/es\/408973\/","title":{"rendered":"#ElPuerto de Santa Mar\u00eda &#8211; El Puerto vive el s\u00e1bado de carnaval con fiestas infantiles, la cabalgata, numerosas actuaciones en la Plaza de la Herrer\u00eda y un carrusel de coros"},"content":{"rendered":"<p>El Puerto de Santa Mar\u00eda se prepara para vivir hoy un gran s\u00e1bado de carnaval. La concejal\u00eda de Fiestas, que dirige David Calleja, ha preparado un amplio programa que incluye las franjas de ma\u00f1ana, tarde y noche, para que la diversi\u00f3n contin\u00fae durante toda la jornada.<\/p>\n<p>Por su parte, la ciudad disfrut\u00f3 ayer en la Plaza del Castillo de la actuaci\u00f3n de las dos agrupaciones de la cantera portuense, la comparsa \u00abLos granujas\u00bb y el cuarteto \u00abLas vecinas de Do\u00f1a Blanca\u00bb. Posteriormente el alcalde, Germ\u00e1n Beardo, impuso las bandas a los coquineros y coquineras 2026 elegidos la semana pasada en el Monasterio de la Victoria: la Coquinera Mayor Infantil, Berta L\u00f3pez Berciano, de 11 a\u00f1os, que se present\u00f3 por libre, el Coquinero Mayor Infantil, Cristian Mora Vega, de 7 a\u00f1os, que representaba a la Academia de Baile de Jos\u00e9 Leiva (ambos fueron elegidos por sorteo), la Coquinera Mayor Juvenil, Daniela Niebla Sicre, de 17 a\u00f1os (por libre), el Coquinero Mayor Juvenil, Ezequiel Albaiceta Nevado, de 14 a\u00f1os (por libre), la Coquinera Mayor Adulta, Celeste D\u00edaz Llopis, de 19 a\u00f1os, que representa a la Pe\u00f1a La Mezquita, y el Coquinero Mayor Adulto, Carlos Javier Gallardo Berm\u00fadez, de 33 a\u00f1os, presentado por la Academia de Baile de Jos\u00e9 Leiva. Germ\u00e1n Beardo les ha deseado un reinado lleno de ilusi\u00f3n, diversi\u00f3n y momentos inolvidables.<\/p>\n<p>Azahara Zayn Alburquerque recib\u00eda anoche tambi\u00e9n el t\u00edtulo de Personaje Entra\u00f1able, escuchando los elogios de David Calleja por su implicaci\u00f3n con la cantera, y llegaba el preg\u00f3n, a cargo de Jes\u00fas Manuel Selma, \u00abEl Melli\u00bb. En el papel de Su Majestad El Melli de El Puerto, que adquiri\u00f3 el castillo de San Marcos al rey Alfonso X el Sabio y que a\u00fan est\u00e1 pagando las letras, el pregonero trenz\u00f3 un texto lleno de referencias locales. Este rey que sale de su castillo, mal vestido, para tirar la basura bajo mazas, que ped\u00eda pizzas a Carusso y lavaba la ropa en el r\u00edo Guadalete, se adereza finalmente, gracias a los sastres reales de la corte y confecci\u00f3n, y, bajo una corona con gaviota, invita a todo El Puerto a una fiesta de carnaval. Compuesto como corresponde, el monarca cuenta sus sue\u00f1os sobre lo que ocurrir\u00e1 en El Puerto varios siglos despu\u00e9s: habr\u00e1 un barco llamado Vaporcito, y bodegas, y casas \u2013 palacios, y el Parque de la Victoria y zambombas navide\u00f1as\u2026<\/p>\n<p>Como defini\u00f3 el teniente de alcalde de Fiestas, el Melli hizo un preg\u00f3n \u00abmade in El Puerto\u00bb, muy trabajado, por el que desfilaron su hermano Ale, su chirigota \u00abLos que la tienen de m\u00e1rmol\u00bb, Jos\u00e9 Antonio Pomares, Juan Antonio Mu\u00f1oz \u00abel Morta\u00bb (en el papel de Calleja), Manuel Albaiceta, la cantaora Ver\u00f3nica Reyes, Juan Antonio \u00abel sopa\u00bb, Candela la bailaora, Peca, el guitarrista David Cruz, la comparsa de \u00abLos granujas\u00bb, la Academia de Araceli Arias\u2026 El Melli, que agradeci\u00f3 al alcalde, Germ\u00e1n Beardo, y al edil de Fiestas, David Calleja, permitirle \u00abcumplir el sue\u00f1o de ser pregonero\u00bb, finaliz\u00f3 cantando con su hermano una loa a la chirigota e interpretando con quienes hab\u00edan subido al escenario anteriormente lo que defini\u00f3 como \u00abel himno del carnaval de nuestra ciudad\u00bb: la copla de Paco Alba \u00abEl vaporcito de El Puerto\u00bb.<\/p>\n<p>Tras el preg\u00f3n, el escenario lo ocup\u00f3 la actuaci\u00f3n de la chirigota del pregonero, \u00abLos que la tienen de m\u00e1rmol\u00bb, para despu\u00e9s sucederse \u00abEl Cuarteto Inclusivo\u00bb, \u00abLa palabra de C\u00e1diz\u00bb, \u00abLas manos de C\u00e1diz\u00bb, \u00abSalud, gaditanismo y libertad\u00bb y la comparsa de Madrid \u00abLos Desalmaos\u00bb.<\/p>\n<p>El s\u00e1bado de carnaval llega repleto de propuestas, con una intensa programaci\u00f3n. A las 12:00 horas la Plaza del Castillo acoger\u00e1 un \u00abTributo K- Pop\u00bb y una Fiesta Infantil.<\/p>\n<p>A las 17:00 horas comenzar\u00e1 la Cabalgata de Carnaval, compuesta por ocho carrozas, que partir\u00e1n de la Plaza de Toros para recorrer Vald\u00e9s, Pagador, Los Moros, Santa Luc\u00eda, Plaza de Espa\u00f1a, Plaza de Juan Gavala, Luna, Larga, Luja y Ribera del Marisco, finalizando en Micaela Aramburu. Con los sones de la Agrupaci\u00f3n Musical Santa Mar\u00eda de la Esperanza abriendo el cortejo, el p\u00fablico podr\u00e1 disfrutar de la carroza de la Diosa del Mar, con decoraci\u00f3n de unicornios, un pasacalles de Ilusionando (aves f\u00e9nix con carro de m\u00fasica), la carroza de Peter Pan (a cargo del Grupo de Baile de Jos\u00e9 Leiva), la del Rey Le\u00f3n, un pasacalles de Ilusionando con motivos de gorilas y otros mu\u00f1ecos, la carroza de las coquineras, acompa\u00f1ada por el baile del Grupo de Andrea y un pasacalles, la carroza de m\u00e1scaras de carnaval, seguida por un pasacalles, una carroza DJ, pasacalles de zancudos, la carroza de Frozen, con el grupo Bailacuentos, y la carroza del Castillo. Todo ir\u00e1 aderezado, adem\u00e1s, de numerosas sorpresas.<\/p>\n<p>El programa seguir\u00e1 en la Plaza del Castillo:<\/p>\n<ul>\n<li>19:30 horas Los DJ Los Calvizos<\/li>\n<li>22:00 h. DJ Akosta<\/li>\n<\/ul>\n<p>Y en la Plaza de la Herrer\u00eda:<\/p>\n<ul>\n<li>19:30 horas Las actuaciones de \u00abEl Cuarteto Inclusivo\u00bb, \u00abLa palabra de C\u00e1diz\u00bb, \u00abLas manos de C\u00e1diz\u00bb y \u00abSalud, gaditanismo y libertad\u00bb<\/li>\n<li>21:00 Carrusel de Coros, con salida desde Plaza de Espa\u00f1a, con el Coro de Luis Rivero y el Coro de Los Estudiantes.<\/li>\n<\/ul>\n<p>La programaci\u00f3n contempla para el domingo, a partir de las 12:30 horas, la Ga\u00f1ot\u00e1, con la actuaci\u00f3n de varias agrupaciones en la Plaza del Castillo.<\/p>\n<p>El teniente de alcalde de Fiestas, David Calleja, anima a portuenses y visitantes a \u00abparticipar en cada una de las propuestas, salir a la calle y vivir un Carnaval que combina tradici\u00f3n, cantera, figuras consagradas e iniciativas para todas las edades\u00bb.<\/p>\n<p>El Puerto avanza con sus fiestas, su cultura y su gente.<\/p>\n","protected":false},"excerpt":{"rendered":"El Puerto de Santa Mar\u00eda se prepara para vivir hoy un gran s\u00e1bado de carnaval. La concejal\u00eda de&hellip;\n","protected":false},"author":2,"featured_media":408974,"comment_status":"","ping_status":"","sticky":false,"template":"","format":"standard","meta":{"footnotes":""},"categories":[8],"tags":[13384,17,18,46974,87832,5446,25,24,13,14,87830,11,19,20,9,10,15,16,87831,87829,23,12,21,22],"class_list":["post-408973","post","type-post","status-publish","format-standard","has-post-thumbnail","category-espana","tag-actuaciones","tag-breaking-news","tag-breakingnews","tag-cabalgata","tag-carrusel-de-coros","tag-el-puerto","tag-es","tag-espana","tag-featured-news","tag-featurednews","tag-fiestas-infantiles","tag-headlines","tag-latest-news","tag-latestnews","tag-news","tag-noticias","tag-noticias-destacadas","tag-noticiasdestacadas","tag-plaza-de-la-herreria","tag-sabado-de-carnaval","tag-spain","tag-titulares","tag-ultimas-noticias","tag-ultimasnoticias"],"share_on_mastodon":{"url":"","error":""},"_links":{"self":[{"href":"https:\/\/www.europesays.com\/es\/wp-json\/wp\/v2\/posts\/408973","targetHints":{"allow":["GET"]}}],"collection":[{"href":"https:\/\/www.europesays.com\/es\/wp-json\/wp\/v2\/posts"}],"about":[{"href":"https:\/\/www.europesays.com\/es\/wp-json\/wp\/v2\/types\/post"}],"author":[{"embeddable":true,"href":"https:\/\/www.europesays.com\/es\/wp-json\/wp\/v2\/users\/2"}],"replies":[{"embeddable":true,"href":"https:\/\/www.europesays.com\/es\/wp-json\/wp\/v2\/comments?post=408973"}],"version-history":[{"count":0,"href":"https:\/\/www.europesays.com\/es\/wp-json\/wp\/v2\/posts\/408973\/revisions"}],"wp:featuredmedia":[{"embeddable":true,"href":"https:\/\/www.europesays.com\/es\/wp-json\/wp\/v2\/media\/408974"}],"wp:attachment":[{"href":"https:\/\/www.europesays.com\/es\/wp-json\/wp\/v2\/media?parent=408973"}],"wp:term":[{"taxonomy":"category","embeddable":true,"href":"https:\/\/www.europesays.com\/es\/wp-json\/wp\/v2\/categories?post=408973"},{"taxonomy":"post_tag","embeddable":true,"href":"https:\/\/www.europesays.com\/es\/wp-json\/wp\/v2\/tags?post=408973"}],"curies":[{"name":"wp","href":"https:\/\/api.w.org\/{rel}","templated":true}]}}