{"id":409049,"date":"2026-02-21T12:23:09","date_gmt":"2026-02-21T12:23:09","guid":{"rendered":"https:\/\/www.europesays.com\/es\/409049\/"},"modified":"2026-02-21T12:23:09","modified_gmt":"2026-02-21T12:23:09","slug":"en-su-estreno-fracaso-pero-incluso-christopher-nolan-es-fan-de-esta-pelicula-con-asesino-en-serie","status":"publish","type":"post","link":"https:\/\/www.europesays.com\/es\/409049\/","title":{"rendered":"En su estreno fracas\u00f3, pero incluso Christopher Nolan es fan de esta pel\u00edcula con asesino en serie"},"content":{"rendered":"<p class=\"c-paragraph\">Hace 40 a\u00f1os, el 21 de febrero de 1986, llegaba a los cines de Estados Unidos y Canad\u00e1 <b>Carretera al infierno<\/b> (The Hitcher), un thriller con asesino en serie en formato de road movie. En ella, un joven, Jim Halsey (<b>C. Thomas Howell<\/b>), en su encargo por dinero de llevar un Cadillac de Chicago a San Diego <b>se apiadaba por el camino de un autoestopista bajo la lluvia<\/b>. Haciendo caso omiso de los sabios consejos de su madre de que \u00abnunca hiciera eso\u00bb, paraba y lo sub\u00eda a su auto. El tipo en cuesti\u00f3n (<b>Rutger Hauer<\/b>) ni demasiado agradable ni hombre de muchas palabras, no tardaba en presentarse,<b> y como psic\u00f3pata al que lo \u00fanico que parece darle sentido a su vida es quit\u00e1rsela a los dem\u00e1s,<\/b> dejando un reguero de cad\u00e1veres a lo largo y ancho de las \u00e1ridas tierras del Oeste de Texas.<\/p>\n<p class=\"c-paragraph\">A los art\u00edfices de la pel\u00edcula, de las productoras <b>Silver Screen Partners<\/b> y <b>HBO Films<\/b>, y con <b>TriStar <\/b>encargada de la distribuci\u00f3n, les encantaba el guion escrito por <b>Eric Red<\/b>, con el inconveniente de que habr\u00eda durado tres horas largas y hab\u00eda que recortarlo, <b>alegando que invocaba al mism\u00edsimo Hitchcock <\/b>y poniendo sus mejores intenciones y empe\u00f1o en realizar una pel\u00edcula de calidad y con estilo <b>que la diferenciara de los slashers del mont\u00f3n<\/b> que proliferaban a ra\u00edz de t\u00edtulos como La noche de Halloween o Viernes 13. Incluso, para evitar ser demasiado truculentos o expl\u00edcitos, fuera del rodaje se quedaron escenas del guion <b>como el asesinato a sangre fr\u00eda de una familia entera o la aparici\u00f3n de un ojo en una hamburguesa<\/b> (sustituido en la pel\u00edcula por un dedo en un plato de patatas fritas). <b>Pero el batacazo en taquilla fue may\u00fasculo<\/b>. Basta citar que con un presupuesto de 7,9 millones de d\u00f3lares, en los cines estadounidenses apenas recaud\u00f3 5,8, y su carrera internacional tampoco fue mejor.\u00a0<\/p>\n<p class=\"c-paragraph\">Obtuvo cr\u00edticas mixtas. Un poco de todo, sobre todo malas. No ayudaron nada rese\u00f1as como las del a\u00f1orado <b>Rogert Ebert<\/b> escribiendo <b>\u00abEsta pel\u00edcula es repugnante y corrupta\u00bb<\/b> encasquet\u00e1ndole un rotundo cero estrellas del total de m\u00e1ximo cuatro con las que acostumbraba a puntuar. Tampoco el enfado de uno de los productores<b> se\u00f1alando precisamente la falta de m\u00e1s violencia y sangre<\/b>, y adem\u00e1s escamoteando el asesinato m\u00e1s importante, en el cl\u00edmax final, como causa de su fracaso comercial.<\/p>\n<p class=\"c-paragraph\">Se hab\u00eda dictado sentencia y finiquitado el asunto<b> hasta que lleg\u00f3 al v\u00eddeo dom\u00e9stico de la \u00e9poca<\/b>, sobre todo el de las cintas VHS. Afortunadamente, c\u00f3mo ocurri\u00f3 con tantas otras pel\u00edculas, en esa ventana encontr\u00f3 tambi\u00e9n a su p\u00fablico, entre ellos a <a href=\"https:\/\/www.20minutos.es\/tags\/temas\/christopher-nolan.html\" title=\"\u00daltimas noticias de Christopher Nolan\" rel=\"nofollow noopener\" target=\"_blank\">Christopher Nolan<\/a>. El director brit\u00e1nico la cit\u00f3 en una entrevista para <a href=\"https:\/\/www.filmcomment.com\/article\/dark-knight-trilogy-christopher-nolan-introduction\/\" rel=\"nofollow noreferrer noopener\" target=\"_blank\" title=\"The Dark Knight Rises Trilogy\">Film Comment<\/a> como uno de<b> \u00absus placeres culpables\u00bb<\/b> favoritos. \u00abDe adolescente, nunca cuestion\u00e9 la l\u00f3gica de esta pel\u00edcula de terror de los 80, pero ahora su trama me parece desquiciada y arbitraria. Sin embargo, presenta al criminalmente infravalorado Rutger Hauer en su mejor y m\u00e1s influyente interpretaci\u00f3n de psic\u00f3pata europeo, despu\u00e9s de Blade Runner\u00bb.<b\/><\/p>\n<p>Infravalorada y uno de los mejores &#8216;serial killers&#8217;<\/p>\n<p class=\"c-paragraph\">Nunca veremos los asesinatos del diab\u00f3lico autoestopista en pantalla. As\u00ed que una propuesta con vocaci\u00f3n de slasher <b>acab\u00f3 por hacer de la elipsis un arte <\/b>con una historia, personajes y montaje de los que enganchan. tambi\u00e9n con un villano de los que ejercen esa morbosa y retorcida fascinaci\u00f3n. Y aqu\u00ed es donde entra en juego Rutger Hauer, en un reparto el que tambi\u00e9n le acompa\u00f1\u00f3 <b>Jennifer Jason Leigh<\/b>, feliz de reencontrarse con el actor tras trabajar juntos en <b>Los se\u00f1ores del acero<\/b> de<b> Paul Verhoeven<\/b>, interpretando a una camarera que ayudar\u00e1 a Jim.<\/p>\n<p class=\"c-paragraph\">Pero el neerland\u00e9s no fue la primera opci\u00f3n. Cuando en un principio el guion describ\u00eda al villano como un personaje esquel\u00e9tico se lleg\u00f3 a pensar en nombres como <b>David Bowie<\/b>, <b>Sting<\/b> o <b>Terence Stamp<\/b>. Luego el elegido fue Sam Elliott quien, seg\u00fan cont\u00f3 Rutger Hauer, <b>en el casting dio tanto miedo<\/b> que al parecer uno de los productores, <b>Edward S. Feldman<\/b>, no se atrevi\u00f3 a salir y meterse en el coche. Finalmente, por problemas de agenda, Elliott no pudo estar all\u00ed.<\/p>\n<p class=\"c-paragraph\">Sin embargo,\u00a0Hauer debi\u00f3 de tomar nota y se entreg\u00f3 con la misma firmeza al rol de malvado. Unos buenos ejemplos son que \u00e9l mismo hizo algunas de las escenas de mayor riesgo o que, en otra de las escenas,<b> C. Thomas Howell lleg\u00f3 a pasarlo realmente mal <\/b>con el buenazo de Hauer amenaz\u00e1ndolo cuchillo en mano cerca del ojo. No cab\u00eda duda, era perfecto para ser el autoestopista. <b>Ese asesino en serie de origen enigm\u00e1tico, quiz\u00e1s sobrenatural<\/b>, al que el joven protagonista bautiza como <b>John Ryder<\/b>, y con el don de estar en donde desee en el momento que quiera.\u00a0<\/p>\n<p class=\"c-paragraph\">Adem\u00e1s, no sabemos si debido a su parte m\u00e1s humana,<b> llegaba a entablar una especie de relaci\u00f3n paterno-filial con Jim<\/b>, ret\u00e1ndolo a que intente detenerlo o quiz\u00e1s, en lo m\u00e1s parecido que pod\u00eda desarrollar semejante a una amistad, <b>le atra\u00eda la posibilidad de corromper su inocencia<\/b> y convertirlo en alguien como \u00e9l. A\u00fan as\u00ed, en su cierto aprecio por el joven, no dudaba tampoco en ir incrimin\u00e1ndolo como principal sospechoso de los cr\u00edmenes a ojos de la polic\u00eda.<\/p>\n<p>Tras los pasos de John Ryder<\/p>\n<p class=\"c-paragraph\">\u00bfQui\u00e9n era John Ryder? Es uno de los misterios que la pel\u00edcula deja sin resolver, y tampoco daba muchas pistas el que su guionista <b>hubiera dicho haberse inspirado en la canci\u00f3n<\/b>\u00a0Riders on the Storm de The Doors. En cambio, Hauer lleg\u00f3 a mostrarse m\u00e1s expl\u00edcito. <b>John Ryder representaba simplemente el Mal.\u00a0<\/b><\/p>\n<p class=\"c-paragraph\">Acabando, y todav\u00eda no hemos hablado del director. Los productores confiaron el proyecto a un joven debutante, <b>Robert Harmon<\/b>, sobre el que algunos pensamos que hizo un pelicul\u00f3n, pero vista la decepci\u00f3n comercial y que con sus siguientes trabajos la cosa no remontaba, un drama familiar con<b> John Travolta<\/b> (De pura raza) o un filme de acci\u00f3n con <b>Van Damme<\/b> (Sin escape), resolvi\u00f3 que lo mejor era pasarse a la televisi\u00f3n.<\/p>\n<p class=\"c-paragraph\">All\u00ed encontr\u00f3 su medio y entre lo m\u00e1s reciente que ha realizado est\u00e1n varios episodiospara la serie de \u00e9xito <b>Familia de polic\u00edas<\/b> (Bue Bloods). En cuanto a la secuela de Carretera al infierno de 2003 lanzada directamente a v\u00eddeo o el intento de reinicio de 2007 con <b>Sean Bean<\/b>, mejor corramos un tupido velo <b>que no manche el recuerdo del original<\/b>. John Ryder, como personaje cinematogr\u00e1fico, naci\u00f3 y muri\u00f3 en el filme de 1986.<\/p>\n","protected":false},"excerpt":{"rendered":"Hace 40 a\u00f1os, el 21 de febrero de 1986, llegaba a los cines de Estados Unidos y Canad\u00e1&hellip;\n","protected":false},"author":2,"featured_media":409050,"comment_status":"","ping_status":"","sticky":false,"template":"","format":"standard","meta":{"footnotes":""},"categories":[169],"tags":[49526,87848,43999,177,87850,146,147,25,24,176,175,87849,23,6668],"class_list":["post-409049","post","type-post","status-publish","format-standard","has-post-thumbnail","category-cine","tag-asesino-en-serie","tag-carretera-al-infierno","tag-christopher-nolan","tag-cine","tag-cine-de-los-80","tag-entertainment","tag-entretenimiento","tag-es","tag-espana","tag-film","tag-movies","tag-rutger-hauer","tag-spain","tag-thriller"],"share_on_mastodon":{"url":"https:\/\/pubeurope.com\/@es\/116108604484446457","error":""},"_links":{"self":[{"href":"https:\/\/www.europesays.com\/es\/wp-json\/wp\/v2\/posts\/409049","targetHints":{"allow":["GET"]}}],"collection":[{"href":"https:\/\/www.europesays.com\/es\/wp-json\/wp\/v2\/posts"}],"about":[{"href":"https:\/\/www.europesays.com\/es\/wp-json\/wp\/v2\/types\/post"}],"author":[{"embeddable":true,"href":"https:\/\/www.europesays.com\/es\/wp-json\/wp\/v2\/users\/2"}],"replies":[{"embeddable":true,"href":"https:\/\/www.europesays.com\/es\/wp-json\/wp\/v2\/comments?post=409049"}],"version-history":[{"count":0,"href":"https:\/\/www.europesays.com\/es\/wp-json\/wp\/v2\/posts\/409049\/revisions"}],"wp:featuredmedia":[{"embeddable":true,"href":"https:\/\/www.europesays.com\/es\/wp-json\/wp\/v2\/media\/409050"}],"wp:attachment":[{"href":"https:\/\/www.europesays.com\/es\/wp-json\/wp\/v2\/media?parent=409049"}],"wp:term":[{"taxonomy":"category","embeddable":true,"href":"https:\/\/www.europesays.com\/es\/wp-json\/wp\/v2\/categories?post=409049"},{"taxonomy":"post_tag","embeddable":true,"href":"https:\/\/www.europesays.com\/es\/wp-json\/wp\/v2\/tags?post=409049"}],"curies":[{"name":"wp","href":"https:\/\/api.w.org\/{rel}","templated":true}]}}