{"id":409468,"date":"2026-02-21T17:43:13","date_gmt":"2026-02-21T17:43:13","guid":{"rendered":"https:\/\/www.europesays.com\/es\/409468\/"},"modified":"2026-02-21T17:43:13","modified_gmt":"2026-02-21T17:43:13","slug":"paula-echevarria-daniel-grao-y-michel-noher-protagonizan-a-la-deriva-el-melodrama-de-epoca-rodado-en-agaete","status":"publish","type":"post","link":"https:\/\/www.europesays.com\/es\/409468\/","title":{"rendered":"Paula Echevarr\u00eda, Daniel Grao y Michel Noher protagonizan \u2018A la deriva\u2019, el melodrama de \u00e9poca rodado en Agaete"},"content":{"rendered":"<p class=\"ft-text\">El viento azota el <strong>rodaje en Agaete<\/strong> mientras el equipo de <strong>A la deriva serie<\/strong> trabaja entre redes y cajas de pescado en el puerto grancanario. En esta <strong>serie ambientada en Canarias<\/strong>, el mar no es un simple fondo, sino el eje del destino que marca a sus personajes. Durante toda la jornada acompa\u00f1o al reparto, encabezado por <strong>Paula Echevarr\u00eda serie<\/strong>, en este intenso <strong>melodrama a\u00f1os 70<\/strong> que prepara Atresmedia.<\/p>\n<p class=\"ft-text\">La serie, producida por Buend\u00eda Estudios Canarias y Boomerang TV, parte de un naufragio que marc\u00f3 para siempre a un peque\u00f1o pueblo pesquero ficticio. Dos a\u00f1os despu\u00e9s de dar por muertos a varios hombres del lugar, cinco de ellos regresan inesperadamente. La alegr\u00eda inicial pronto deja paso a preguntas inc\u00f3modas, heridas mal cerradas y secretos que el mar no logr\u00f3 borrar.<\/p>\n<p>El d\u00eda en que los muertos regresaron<\/p>\n<p class=\"ft-text\">En ese punto de partida se cruzan las vidas de Luc\u00eda, H\u00e9ctor y Trist\u00e1n, el tri\u00e1ngulo central de la historia. Paula Echevarr\u00eda encarna a una mujer que aprendi\u00f3 a sobrevivir en un limbo emocional y legal tras la desaparici\u00f3n de su marido. Daniel Grao da vida a ese esposo que vuelve cuando ya nada es como lo dej\u00f3. Y Michel Noher interpreta al amigo de la infancia que ocup\u00f3 el vac\u00edo sin pretenderlo.<\/p>\n<p><img decoding=\"async\" src=\"https:\/\/www.europesays.com\/es\/wp-content\/uploads\/2026\/02\/0442a70c-65ce-4d1b-b042-8f24063997cf_alta-libre-aspect-ratio_default_0_x605y233.jpg\" width=\"1200\" height=\"695\" alt=\"El periodista Adolfo Rodr\u00edguez como figurante de 'A la deriva'\" class=\"ft-helper-img-rd\" loading=\"lazy\"\/><\/p>\n<p class=\"ft-helper-fontColor-quaternary ft-helper-fontSize-body-S ft-helper-spacer-t-xxs\">El periodista Adolfo Rodr\u00edguez como figurante de &#8216;A la deriva&#8217;  \/ La Provincia<\/p>\n<p class=\"ft-text\">\u201cEs un drama de los gordos\u201d, resume Echevarr\u00eda entre toma y toma, a\u00fan con el salitre pegado a la piel. La actriz describe una historia que habla de p\u00e9rdidas, de mujeres obligadas a rehacerse y de una comunidad que convirti\u00f3 el duelo en rutina. El regreso rompe ese equilibrio precario y obliga a todos a recolocarse.<\/p>\n<p>Un tri\u00e1ngulo atravesado por la culpa<\/p>\n<p class=\"ft-text\">Noher explica que su personaje regresa al pueblo movido por la lealtad hacia la familia de su mejor amigo. Se cri\u00f3 all\u00ed, aunque la vida lo llev\u00f3 lejos, y vuelve cuando cree que ya no hay esperanza. En ese contexto nace una relaci\u00f3n inesperada con Luc\u00eda, marcada por la culpa y el respeto al ausente. \u201cTodo se complica cuando descubre que ella no es tan viuda como pensaba\u201d, desliza el actor argentino.<\/p>\n<p class=\"ft-text\">Para Grao, el inter\u00e9s est\u00e1 en la ambig\u00fcedad. H\u00e9ctor no retorna convertido en h\u00e9roe luminoso. \u201cEs un personaje oscuro, con mucha pelea interior\u201d, afirma. Quiere recuperar su lugar, pero arrastra impulsos contradictorios que tensan cada escena. En el c\u00f3digo del melodrama, reconoce, abrazar esa sombra resulta liberador.<\/p>\n<p>Rodar donde el mar respira<\/p>\n<p class=\"ft-text\">La elecci\u00f3n de Agaete no es casual. El puerto, las casas encaladas y la luz cambiante del norte grancanario aportan una textura dif\u00edcil de replicar. Aunque buena parte del drama se ha rodado en plat\u00f3 en Madrid, donde tecnolog\u00eda de \u00faltima generaci\u00f3n reproduce el horizonte isle\u00f1o en pantallas gigantes, la vuelta a la costa se siente casi f\u00edsica.<\/p>\n<p><img decoding=\"async\" src=\"https:\/\/www.europesays.com\/es\/wp-content\/uploads\/2026\/02\/95c4b9e4-03d9-4626-9762-0d2c4bc18bf0_alta-libre-aspect-ratio_default_0_x605y233.jpg\" width=\"1200\" height=\"695\" alt=\"El periodista Adolfo Rodr\u00edguez entrevista a la actriz Paula Echevarr\u00eda en Agaete\" class=\"ft-helper-img-rd\" loading=\"lazy\"\/><\/p>\n<p class=\"ft-helper-fontColor-quaternary ft-helper-fontSize-body-S ft-helper-spacer-t-xxs\">El periodista Adolfo Rodr\u00edguez entrevista a la actriz Paula Echevarr\u00eda en Agaete  \/ La Provincia<\/p>\n<p class=\"ft-text\">\u201cVolver aqu\u00ed ha sido como volver a coger aire\u201d, confiesa Paula Echevarr\u00eda. Tras semanas de interiores intensos, reencontrarse con el oc\u00e9ano renueva la energ\u00eda del equipo. Daniel Grao coincide: trabajar en un entorno real facilita la inmersi\u00f3n, incluso cuando el viento complica el sonido y obliga a repetir planos.<\/p>\n<p>Un equipo que navega unido<\/p>\n<p class=\"ft-text\">Si algo repiten los tres protagonistas es la importancia del ambiente en el set. Empezar el rodaje en Canarias, conviviendo lejos de casa, consolid\u00f3 una complicidad que despu\u00e9s se traslad\u00f3 al trabajo. \u201cNos hicimos muy pi\u00f1a\u201d, recuerda Echevarr\u00eda. Esa cohesi\u00f3n permite arriesgar en escenas emocionalmente extremas sin miedo a invadir al compa\u00f1ero.<\/p>\n<p class=\"ft-text\">Grao subraya el clima de respeto: ausencia de gritos, direcciones claras y una sensaci\u00f3n de familia que se percibe en todos los departamentos. Muchos t\u00e9cnicos llevan a\u00f1os coincidiendo en proyectos de la productora, lo que genera una estructura engrasada. Para los actores, integrarse en esa din\u00e1mica resulta un privilegio.<\/p>\n<p><img decoding=\"async\" src=\"https:\/\/www.europesays.com\/es\/wp-content\/uploads\/2026\/02\/1ff72ad5-99aa-47e3-bbb6-a83e27c1acd2_alta-libre-aspect-ratio_default_0_x605y233.jpg\" width=\"1200\" height=\"695\" alt=\"El actor Daniel Grao concede una entrevista a Adolfo Rodr\u00edguez\" class=\"ft-helper-img-rd\" loading=\"lazy\"\/><\/p>\n<p class=\"ft-helper-fontColor-quaternary ft-helper-fontSize-body-S ft-helper-spacer-t-xxs\">El actor Daniel Grao concede una entrevista a Adolfo Rodr\u00edguez  \/ La Provincia<\/p>\n<p>El desgaste de llorar ocho horas<\/p>\n<p class=\"ft-text\">Porque si el paisaje es sereno, las tramas no lo son. Echevarr\u00eda admite que ha habido jornadas de enorme exigencia. \u201cD\u00edas de ocho horas llorando, gritando, asustada\u201d, relata. Ese nivel de intensidad pasa factura energ\u00e9tica, aunque el dolor sea prestado. La ficci\u00f3n obliga a atravesar emociones densas y sostenerlas durante semanas.<\/p>\n<p class=\"ft-text\">Grao, desde el otro lado del conflicto, observa con cierta iron\u00eda ese desgaste. Mientras algunos compa\u00f1eros encadenan escenas de sufrimiento continuo, \u00e9l disfruta explorando la deriva moral de H\u00e9ctor. \u201cSer el villano es refrescante\u201d, comenta. Incluso cuando su personaje tambi\u00e9n sufre, la progresi\u00f3n hacia la oscuridad tiene algo de juego interpretativo.<\/p>\n<p>Aprender a hacer una gaza<\/p>\n<p class=\"ft-text\">M\u00e1s all\u00e1 de la tensi\u00f3n dram\u00e1tica, el rodaje ha dejado aprendizajes pr\u00e1cticos. Michel Noher muestra con orgullo la gaza \u2014un nudo marinero\u2014 que aprendi\u00f3 bajo la supervisi\u00f3n del asesor n\u00e1utico del equipo. Puede parecer un detalle menor, pero para \u00e9l simboliza la esencia del oficio: cada proyecto suma una habilidad inesperada.<\/p>\n<p class=\"ft-text\">Ese entrenamiento no solo aporta veracidad a los gestos en cubierta. Tambi\u00e9n ayuda a comprender la l\u00f3gica de un barco, la jerarqu\u00eda y el compa\u00f1erismo que se genera en alta mar. En <strong>A la deriva<\/strong>, el oc\u00e9ano no es fondo azul, sino detonante de todo lo que ocurre.<\/p>\n<p>Canarias, memoria y descubrimiento<\/p>\n<p class=\"ft-text\">La experiencia en Gran Canaria ha dejado huella personal. Echevarr\u00eda conoc\u00eda el sur de la isla, pero el norte ha sido un descubrimiento. El puerto de Agaete le evoca recuerdos de su Asturias natal, una conexi\u00f3n \u00edntima que se cuela en su mirada cuando la c\u00e1mara rueda. \u201cEste pueblo nos da paz\u201d, comenta en un descanso.<\/p>\n<p class=\"ft-text\">Noher, por su parte, ha aprovechado para explorar otras islas y saborear la gastronom\u00eda local. Habla con entusiasmo de las papas arrugadas, del mojo y de peque\u00f1os restaurantes donde el caf\u00e9 se convierte en ritual. Incluso el carnaval cercano al rodaje se col\u00f3 en la experiencia, record\u00e1ndole que cada territorio imprime car\u00e1cter.<\/p>\n<p><img decoding=\"async\" src=\"https:\/\/www.europesays.com\/es\/wp-content\/uploads\/2026\/02\/7e46469b-d812-4424-b998-8fcb4407cae9_alta-libre-aspect-ratio_default_0_x605y233.jpg\" width=\"1200\" height=\"695\" alt=\"Rodaje de 'A la deriva' en Agaete\" class=\"ft-helper-img-rd\" loading=\"lazy\"\/><\/p>\n<p class=\"ft-helper-fontColor-quaternary ft-helper-fontSize-body-S ft-helper-spacer-t-xxs\">Rodaje de &#8216;A la deriva&#8217; en Agaete  \/ La Provincia<\/p>\n<p>Entre la oscuridad y la comedia pendiente<\/p>\n<p class=\"ft-text\">En sus trayectorias recientes, tanto Grao como Noher han transitado por personajes complejos. El primero reconoce que, tras varios papeles intensos, no le importar\u00eda cambiar de registro y probar la comedia. El segundo alterna h\u00e9roes nobles con figuras m\u00e1s turbias y no descarta volver a encarnar a un antagonista puro.<\/p>\n<p class=\"ft-text\">Ambos coinciden en que el criterio fundamental para aceptar un proyecto es el reto. Si el guion despierta v\u00e9rtigo y promete territorios desconocidos, merece la pena lanzarse. En ese sentido, <strong>A la deriva<\/strong> ofrece capas suficientes: melodrama cl\u00e1sico, misterio soterrado y conflictos morales que evolucionan cap\u00edtulo a cap\u00edtulo.<\/p>\n<p>Un regreso que lo cambia todo<\/p>\n<p class=\"ft-text\">La serie se articula en torno a una pregunta inc\u00f3moda: \u00bfqu\u00e9 ocurre cuando el duelo ya ha cicatrizado y el muerto llama a la puerta? Luc\u00eda ha reconstruido su vida; Trist\u00e1n ha encontrado un lugar inesperado a su lado; H\u00e9ctor reclama lo que considera suyo. Ninguno es el mismo que hace dos a\u00f1os.<\/p>\n<p class=\"ft-text\">Mientras cae la tarde en Agaete y el equipo recoge cables y aparejos, el figurante improvisado \u2014marinero por un d\u00eda\u2014 comprende que la fuerza de esta historia reside en esa tensi\u00f3n entre pasado y presente. El mar devuelve cuerpos, pero no garantiza finales felices. Y en ese oleaje emocional navegan Echevarr\u00eda, Grao y Noher, sostenidos por un equipo que rema en la misma direcci\u00f3n.<\/p>\n","protected":false},"excerpt":{"rendered":"El viento azota el rodaje en Agaete mientras el equipo de A la deriva serie trabaja entre redes&hellip;\n","protected":false},"author":2,"featured_media":409469,"comment_status":"","ping_status":"","sticky":false,"template":"","format":"standard","meta":{"footnotes":""},"categories":[171],"tags":[10605,12016,4040,151,43077,1896,29512,2943,13296,4482,23388,146,147,25,24,4349,87896,448,1783,195,27192,152,87898,87897,8464,15640,4032,13833,13698,7206,17909,72936,805,23,214],"class_list":["post-409468","post","type-post","status-publish","format-standard","has-post-thumbnail","category-tv","tag-a","tag-agaete","tag-antena-3","tag-atresmedia","tag-atresplayer-premium","tag-canarias","tag-cinema","tag-daniel","tag-deriva","tag-dv","tag-echevarria","tag-entertainment","tag-entretenimiento","tag-es","tag-espana","tag-grabacion","tag-grao","tag-historia","tag-la","tag-mar","tag-michel","tag-netflix","tag-netflix-espana","tag-noher","tag-paula","tag-paula-echevarria","tag-puerto","tag-puertos","tag-reportaje","tag-rodaje","tag-rodajes","tag-rodajes-en-canarias","tag-series","tag-spain","tag-tv"],"share_on_mastodon":{"url":"https:\/\/pubeurope.com\/@es\/116109862904006310","error":""},"_links":{"self":[{"href":"https:\/\/www.europesays.com\/es\/wp-json\/wp\/v2\/posts\/409468","targetHints":{"allow":["GET"]}}],"collection":[{"href":"https:\/\/www.europesays.com\/es\/wp-json\/wp\/v2\/posts"}],"about":[{"href":"https:\/\/www.europesays.com\/es\/wp-json\/wp\/v2\/types\/post"}],"author":[{"embeddable":true,"href":"https:\/\/www.europesays.com\/es\/wp-json\/wp\/v2\/users\/2"}],"replies":[{"embeddable":true,"href":"https:\/\/www.europesays.com\/es\/wp-json\/wp\/v2\/comments?post=409468"}],"version-history":[{"count":0,"href":"https:\/\/www.europesays.com\/es\/wp-json\/wp\/v2\/posts\/409468\/revisions"}],"wp:featuredmedia":[{"embeddable":true,"href":"https:\/\/www.europesays.com\/es\/wp-json\/wp\/v2\/media\/409469"}],"wp:attachment":[{"href":"https:\/\/www.europesays.com\/es\/wp-json\/wp\/v2\/media?parent=409468"}],"wp:term":[{"taxonomy":"category","embeddable":true,"href":"https:\/\/www.europesays.com\/es\/wp-json\/wp\/v2\/categories?post=409468"},{"taxonomy":"post_tag","embeddable":true,"href":"https:\/\/www.europesays.com\/es\/wp-json\/wp\/v2\/tags?post=409468"}],"curies":[{"name":"wp","href":"https:\/\/api.w.org\/{rel}","templated":true}]}}