{"id":41020,"date":"2025-08-11T19:27:14","date_gmt":"2025-08-11T19:27:14","guid":{"rendered":"https:\/\/www.europesays.com\/es\/41020\/"},"modified":"2025-08-11T19:27:14","modified_gmt":"2025-08-11T19:27:14","slug":"dua-lipa-acaparo-todas-las-miradas-en-microbikini-a-lunares-descansando-antes-de-bailar-por-mis-30%e2%80%b3","status":"publish","type":"post","link":"https:\/\/www.europesays.com\/es\/41020\/","title":{"rendered":"Dua Lipa acapar\u00f3 todas las miradas en microbikini a lunares: \u201cDescansando antes de bailar por mis 30\u2033"},"content":{"rendered":"<p class=\"paragraph font__body-regular\"><a href=\"https:\/\/tn.com.ar\/estilo\/celebridades\/2025\/07\/07\/desde-el-verano-europeo-dua-lipa-se-robo-las-miradas-en-microbikini-animal-print-underboob\/\" target=\"_blank\" rel=\"noreferrer nofollow noopener\" title=\"https:\/\/tn.com.ar\/estilo\/celebridades\/2025\/07\/07\/desde-el-verano-europeo-dua-lipa-se-robo-las-miradas-en-microbikini-animal-print-underboob\/\"><b>Dua Lipa<\/b><\/a> volvi\u00f3 a encender las redes sociales con una postal desde una paradis\u00edaca playa europea. La cantante brit\u00e1nica comparti\u00f3 im\u00e1genes disfrutando del sol junto a una imponente formaci\u00f3n rocosa y un mar turquesa de fondo, dejando en primer plano su <b>elecci\u00f3n de moda<\/b> para el d\u00eda: una<b> microbikini estampada a lunares blancos y negros<\/b>.<\/p>\n<p class=\"paragraph font__body-regular\">El traje de ba\u00f1o, de dos piezas, tiene <b>corpi\u00f1o triangular<\/b> de<b> breteles finos <\/b>que se atan detr\u00e1s del cuello y la espalda, y una diminuta<b> bombacha de tiritas regulables<\/b>. El dise\u00f1o anuncia que <b>los lunares ser\u00e1n un boom el pr\u00f3ximo verano<\/b> en el hemisferio sur, ya que lo fueron en el norte en estos meses.<\/p>\n<p class=\"paragraph font__body-regular\"><b>Le\u00e9 tambi\u00e9n: <\/b><a href=\"https:\/\/tn.com.ar\/estilo\/celebridades\/2025\/08\/10\/alien-bechara-encendio-las-playas-de-miami-en-microbikini-strapless-con-detalle-metalico-dorado\/\" target=\"_blank\" rel=\"noreferrer nofollow noopener\" title=\"https:\/\/tn.com.ar\/estilo\/celebridades\/2025\/08\/10\/alien-bechara-encendio-las-playas-de-miami-en-microbikini-strapless-con-detalle-metalico-dorado\/\"><b>Ali\u00e9n Bechara encendi\u00f3 las playas de Miami en microbikini strapless con detalle met\u00e1lico dorado<\/b><\/a><\/p>\n<p><img decoding=\"async\" loading=\"lazy\" fetchpriority=\"low\" data-testid=\"loading-testid\" class=\"image content-image image_placeholder\" alt=\"Dua Lipa en bikini a lunares. (Foto: Instagram\/@dualipa).\" width=\"767\" height=\"767\" src=\"https:\/\/www.europesays.com\/es\/wp-content\/uploads\/2025\/08\/dua-lipa-en-bikini-a-lunares-foto-instagramdualipa-P6Y5Z4SNXFC3RE4Y36B6E5OPOY.jpg\"\/><\/p>\n<p>Dua Lipa en bikini a lunares. (Foto: Instagram\/@dualipa).<\/p>\n<p class=\"paragraph font__body-regular\">Para completar el look playero, Dua Lipa opt\u00f3 por un par de<b> gafas de sol negras<\/b> de armaz\u00f3n grueso y<b> formato <\/b><b>cat eye<\/b>, que aportan un <b>toque <\/b><b>vintage<\/b> a su outfit. <\/p>\n<p><img decoding=\"async\" loading=\"lazy\" fetchpriority=\"low\" data-testid=\"loading-testid\" class=\"image content-image image_placeholder\" alt=\"Dua Lipa en el verano europeo. (Foto: Instagram\/@dualipa).\" width=\"767\" height=\"766\" src=\"https:\/\/www.europesays.com\/es\/wp-content\/uploads\/2025\/08\/dua-lipa-en-el-verano-europeo-foto-instagramdualipa-RH2SZ3ZAMBDYZAUO54DUDRLJ2M.jpg\"\/><\/p>\n<p>Dua Lipa en el verano europeo. (Foto: Instagram\/@dualipa).<\/p>\n<p class=\"paragraph font__body-regular\">En cuanto al make up, la artista eligi\u00f3 una propuesta ligera y 100% al natural: piel fresca con<b> acabado luminoso<\/b>, <b>labios <\/b><b>nude<\/b><b> <\/b>y cejas bien definidas, realzando su expresi\u00f3n sin recargar el rostro. \u00bfEl pelo? Mojado y peinado hacia atr\u00e1s, post chapuz\u00f3n en el mar.<\/p>\n<p class=\"paragraph font__body-regular\">\u201cDescansando mis huesos antes de que empiece a bailar para <b>celebrar mis 30<\/b>\u2033, escribi\u00f3 la cantante que cambiar\u00e1 de d\u00e9cada el pr\u00f3ximo 22 de agosto.<\/p>\n<p><img decoding=\"async\" loading=\"lazy\" fetchpriority=\"low\" data-testid=\"loading-testid\" class=\"image content-image image_placeholder\" alt=\"Dua Lipa arras\u00f3 con su look. (Foto: Instagram\/@dualipa).\" width=\"767\" height=\"767\" src=\"https:\/\/www.europesays.com\/es\/wp-content\/uploads\/2025\/08\/dua-lipa-arraso-con-su-look-foto-instagramdualipa-OKIKXK3TLZG3FAGB6T3UIYZACQ.jpg\"\/><\/p>\n<p>Dua Lipa arras\u00f3 con su look. (Foto: Instagram\/@dualipa).<\/p>\n<p class=\"paragraph font__body-regular\"><b>Le\u00e9 tambi\u00e9n: <\/b><a href=\"https:\/\/tn.com.ar\/estilo\/celebridades\/2025\/08\/10\/a-orillas-del-mar-noelia-marzol-poso-con-una-enteriza-escotadisima-y-recibio-un-mensaje-de-alto-voltaje\/\" target=\"_blank\" rel=\"noreferrer nofollow noopener\" title=\"https:\/\/tn.com.ar\/estilo\/celebridades\/2025\/08\/10\/a-orillas-del-mar-noelia-marzol-poso-con-una-enteriza-escotadisima-y-recibio-un-mensaje-de-alto-voltaje\/\"><b>A orillas del mar, Noelia Marzol pos\u00f3 con una enteriza escotad\u00edsima y recibi\u00f3 un mensaje de alto voltaje<\/b><\/a><\/p>\n<p>Dua Lipa en microbikini animal print <\/p>\n<p class=\"paragraph font__body-regular\">Semanas atr\u00e1s, Dua Lipa deslumbr\u00f3 con otra propuesta de moda veraniega para el recuerdo. La cantante eligi\u00f3 una <b>microbikini con estampa animal print en tonos marrones y negros <\/b>y fue furor. El corpi\u00f1o es <b>triangular<\/b>, con <b>breteles finos <\/b>que se atan detr\u00e1s del cuello y la espalda, y presenta un <b>dise\u00f1o<\/b><b> underboob <\/b>que deja ver la parte inferior del busto. <\/p>\n<p><img decoding=\"async\" loading=\"lazy\" fetchpriority=\"low\" data-testid=\"loading-testid\" class=\"image content-image image_placeholder\" alt=\"Dua Lipa en microbikini animal print. (Foto: Instagram\/@dualipa).\" width=\"767\" height=\"1023\" src=\"https:\/\/www.europesays.com\/es\/wp-content\/uploads\/2025\/08\/dua-lipa-en-microbikini-animal-print-foto-instagramdualipa-VYB55CTLRNEJBLMKLI4GNFQ57U.jpg\"\/><\/p>\n<p>Dua Lipa en microbikini animal print. (Foto: Instagram\/@dualipa).<\/p>\n<p class=\"paragraph font__body-regular\">La bombacha, en tanto, es<b> diminuta y cavada<\/b> y tiene tiras laterales finas al tono que se atan en forma de mo\u00f1o.<\/p>\n<p><img decoding=\"async\" loading=\"lazy\" fetchpriority=\"low\" data-testid=\"loading-testid\" class=\"image content-image image_placeholder\" alt=\"Dua Lipa caus\u00f3 sensaci\u00f3n con su look. (Foto: Instagram\/@dualipa).\" width=\"767\" height=\"1023\" src=\"https:\/\/www.europesays.com\/es\/wp-content\/uploads\/2025\/08\/dua-lipa-causo-sensacion-con-su-look-foto-instagramdualipa-MVU5LLNNRRGALP7U5PEQYJFSXQ.jpg\"\/><\/p>\n<p>Dua Lipa caus\u00f3 sensaci\u00f3n con su look. (Foto: Instagram\/@dualipa).<\/p>\n<p class=\"paragraph font__body-regular\">Complement\u00f3 la apuesta de moda de alto verano con <b>accesorios dorados<\/b>: un brazalete ancho en una mu\u00f1eca, <b>collares finos superpuestos <\/b>y aros peque\u00f1os. Con el pelo mojado peinado hacia atr\u00e1s y un beauty look natural con foco en la <b>piel luminosa<\/b>, se mostr\u00f3 relajada y disfrutando de la playa.<\/p>\n<p><img decoding=\"async\" loading=\"lazy\" fetchpriority=\"low\" data-testid=\"loading-testid\" class=\"image content-image image_placeholder\" alt=\"Dua Lipa en el verano europeo. (Foto: Instagram\/@dualipa).\" width=\"767\" height=\"1018\" src=\"https:\/\/www.europesays.com\/es\/wp-content\/uploads\/2025\/08\/dua-lipa-en-el-verano-europeo-foto-instagramdualipa-CHNMA5PWZFBDXOTF4MITS42WKQ.jpg\"\/><\/p>\n<p>Dua Lipa en el verano europeo. (Foto: Instagram\/@dualipa).<\/p>\n<p class=\"paragraph font__body-regular\">En tan solo cuesti\u00f3n de horas, el posteo lleg\u00f3 a coleccionar poco m\u00e1s de <b>2 millones de \u201cMe gusta\u201d <\/b>y cerca de <b>7 mil comentarios<\/b>.<\/p>\n<p><img decoding=\"async\" loading=\"lazy\" fetchpriority=\"low\" data-testid=\"loading-testid\" class=\"image content-image image_placeholder\" alt=\"Dua Lipa arras\u00f3 con su look. (Foto: Instagram\/@dualipa).\" width=\"767\" height=\"1023\" src=\"https:\/\/www.europesays.com\/es\/wp-content\/uploads\/2025\/08\/dua-lipa-arraso-con-su-look-foto-instagramdualipa-UXAEY7NAGJE5ZOTDTHGCRIHWPI.jpg\"\/><\/p>\n<p>Dua Lipa arras\u00f3 con su look. (Foto: Instagram\/@dualipa).<\/p>\n<p class=\"paragraph font__body-regular\"><b>Seguinos en @estilotn y enterate de todo lo nuevo en moda y belleza.<\/b><\/p>\n","protected":false},"excerpt":{"rendered":"Dua Lipa volvi\u00f3 a encender las redes sociales con una postal desde una paradis\u00edaca playa europea. La cantante&hellip;\n","protected":false},"author":2,"featured_media":41021,"comment_status":"","ping_status":"","sticky":false,"template":"","format":"standard","meta":{"footnotes":""},"categories":[174],"tags":[255,14008,146,147,25,24,256,7486,19729,23],"class_list":{"0":"post-41020","1":"post","2":"type-post","3":"status-publish","4":"format-standard","5":"has-post-thumbnail","7":"category-famosos","8":"tag-celebrities","9":"tag-dua-lipa","10":"tag-entertainment","11":"tag-entretenimiento","12":"tag-es","13":"tag-espana","14":"tag-famosos","15":"tag-look","16":"tag-microbikini","17":"tag-spain"},"share_on_mastodon":{"url":"","error":""},"_links":{"self":[{"href":"https:\/\/www.europesays.com\/es\/wp-json\/wp\/v2\/posts\/41020","targetHints":{"allow":["GET"]}}],"collection":[{"href":"https:\/\/www.europesays.com\/es\/wp-json\/wp\/v2\/posts"}],"about":[{"href":"https:\/\/www.europesays.com\/es\/wp-json\/wp\/v2\/types\/post"}],"author":[{"embeddable":true,"href":"https:\/\/www.europesays.com\/es\/wp-json\/wp\/v2\/users\/2"}],"replies":[{"embeddable":true,"href":"https:\/\/www.europesays.com\/es\/wp-json\/wp\/v2\/comments?post=41020"}],"version-history":[{"count":0,"href":"https:\/\/www.europesays.com\/es\/wp-json\/wp\/v2\/posts\/41020\/revisions"}],"wp:featuredmedia":[{"embeddable":true,"href":"https:\/\/www.europesays.com\/es\/wp-json\/wp\/v2\/media\/41021"}],"wp:attachment":[{"href":"https:\/\/www.europesays.com\/es\/wp-json\/wp\/v2\/media?parent=41020"}],"wp:term":[{"taxonomy":"category","embeddable":true,"href":"https:\/\/www.europesays.com\/es\/wp-json\/wp\/v2\/categories?post=41020"},{"taxonomy":"post_tag","embeddable":true,"href":"https:\/\/www.europesays.com\/es\/wp-json\/wp\/v2\/tags?post=41020"}],"curies":[{"name":"wp","href":"https:\/\/api.w.org\/{rel}","templated":true}]}}