{"id":41026,"date":"2025-08-11T19:31:09","date_gmt":"2025-08-11T19:31:09","guid":{"rendered":"https:\/\/www.europesays.com\/es\/41026\/"},"modified":"2025-08-11T19:31:09","modified_gmt":"2025-08-11T19:31:09","slug":"bunbury-contra-los-zombis-telefonicos-jesus-fernandez-ubeda-libertad-digital","status":"publish","type":"post","link":"https:\/\/www.europesays.com\/es\/41026\/","title":{"rendered":"Bunbury contra los zombis &#8216;telef\u00f3nicos&#8217; &#8211; Jes\u00fas Fern\u00e1ndez \u00dabeda &#8211; Libertad Digital"},"content":{"rendered":"<p>El aforismo tiene m\u00e1s huellas que una comisar\u00eda, pero se me ocurren pocas definiciones m\u00e1s eficaces del oficio nuestro: si un perro muerde a un hombre, no hay noticia; si un hombre muerde a un perro, s\u00ed. <strong>Stephen King<\/strong> plasma esta estampa, literalmente, en una de sus novelas m\u00e1s infravaloradas: la entretenid\u00edsima <strong>Cell<\/strong>, de 2006, que en Espa\u00f1a public\u00f3 Plaza y Jan\u00e9s. Cuando el mundo estalla en mil pedazos, <strong>un fulano trajeado muerde la oreja de un labrador <\/strong>en el parque Boston Common. \u00abAl cabo de un instante\u00bb, detalla el escritor, \u00abel perro aull\u00f3 de nuevo e intent\u00f3 zafarse, pero el hombre del traje lo sujetaba con fuerza, y s\u00ed, era la oreja del perro lo que ten\u00eda en la boca y, ante la mirada de Clay, <strong>se la arranc\u00f3 de cuajo<\/strong>\u00ab.<\/p>\n<p>Cell es un trasunto macabro e hiperb\u00f3lico del \u00abLos Simpson ya lo predijeron\u00bb: las personas que utilizan el m\u00f3vil se convierten en una especie de <strong>zombis can\u00edbales hiperactivos<\/strong> que se desplazan como las bandadas de aves migratorias y que conforman una <strong>mente colmena<\/strong> implacable y tel\u00e9pata. Telef\u00f3nicos, llama King a esta muchachada. La s\u00e1tira, manifiesta y nada sutil, fabula sobre una realidad tenebrosa que, desde entonces, se ha ido perfeccionando y que ha desplegado <strong>todo un abanico de problemas psicol\u00f3gicos y psiqui\u00e1tricos<\/strong>, como la nomofobia, diversos tipos de ansiedad, depresi\u00f3n, alteraciones del sue\u00f1o, problemas cognitivos y derivados.<\/p>\n<p>Uno de los h\u00e1bitats naturales de estos telef\u00f3nicos no antrop\u00f3fagos \u2013\u00a1aunque, tiempo al tiempo!\u2013 son <strong>los conciertos<\/strong>. Sus retratos ilustran, en m\u00e1s de un diccionario, el vocablo \u00ab<strong>co\u00f1azo<\/strong>\u00ab: t\u00fa vas a un recital de Fulano y te encuentras con un frondoso <strong>bosque de brazos coronados por un telefonito luminoso<\/strong> que te impide disfrutar del espect\u00e1culo en condiciones. La cosa, con moderaci\u00f3n, no molesta; en exceso, no es que toque los huevos a los cofrades anal\u00f3gicos pollaviejas, como aqu\u00ed el menda, sino que puede irritar, descentrar y hacer estallar al frontman, y, por ende, decretar que <strong>el show se vaya a tomar por saco<\/strong>.<\/p>\n<p>&#13;<br \/>\n    Del autor&#13;<br \/>\n    &#13;<\/p>\n<p>Algunos artistas, como <strong>Lola \u00cdndigo<\/strong>, fomentan esta perversa costumbre: \u00ab\u00a1Grabad, compartid y viralizad, malditos, hasta que el mundo se acabe!\u00bb. Soy m\u00e1s del equipo de <strong>Robe Iniesta<\/strong>, a quien yo mismo he visto dirigirse a \u00ablos de los m\u00f3viles\u00bb en estos t\u00e9rminos: \u00abVeo que algunos est\u00e1is emepa\u00f1dos en grabar. S\u00f3lo os pido que no molest\u00e9is a nadie y que no me enfoqu\u00e9is a m\u00ed, como antes he visto a hacer a uno, porque <strong>me voy a la calle, <a href=\"https:\/\/www.zendalibros.com\/robe-iniesta-madrid-la-mejor-manera-renunciar-al-mundo\/\" rel=\"nofollow noopener\" target=\"_blank\">cojo un saco de piedras y a alguno le doy<\/a><\/strong>\u00ab. En su \u00faltima gira, <strong>Nick Cave<\/strong> le dijo a alg\u00fan que otro plasta telef\u00f3nico: \u00abHagamos una cosa, grabadme durante treinta segundos, pero luego guardad los putos tel\u00e9fonos\u00bb.<\/p>\n<p>El 2 de julio, <strong>Enrique Bunbury <\/strong>interrumpi\u00f3 el concierto que celebraba en el Coliseo General Rumi\u00f1ahui de Quito porque un t\u00edo, desde la primera fila, <a href=\"https:\/\/www.libertaddigital.com\/cultura\/musica\/2025-07-04\/bunbury-estalla-contra-un-espectador-en-pleno-concierto-hay-mucha-gente-a-la-que-le-gustaria-estar-en-primera-fila-7272884\/\" rel=\"nofollow noopener\" target=\"_blank\">no se despeg\u00f3 de su \u00ab<strong>puto ap\u00e9ndice tecnol\u00f3gico<\/strong>\u00ab<\/a>. \u00abUstedes dejan de participar por el hecho de tener un tel\u00e9fono\u00bb, le dijo al individuo cojonero, \u00abustedes incomodan y hacen que el concierto sea peor\u00bb. Previamente, el 7 de junio, en el Aut\u00f3dromo de Quer\u00e9taro, les quit\u00f3 el dichoso aparatito a un par de espectadores, devolvi\u00e9ndolos al poco. <strong>En mi opini\u00f3n, demasiado educado fue <\/strong>con una tropa que se pas\u00f3 por el forro \u00abuna petici\u00f3n, un ruego\u00bb difundido el 26 de mayo: \u00abSi hace falta, se lo pedimos de rodillas: <strong>limiten al m\u00ednimo el uso de celulares<\/strong> y vivan la experiencia, no se arrepentir\u00e1n\u00bb.<\/p>\n<p>Quiz\u00e1, al amigo Bunbury, <a href=\"https:\/\/www.heraldo.es\/noticias\/ocio-y-cultura\/2025\/08\/07\/grammy-latinos-rinden-bunbury-estrella-visionaria-premio-2025-1845315.html\" rel=\"nofollow noopener\" target=\"_blank\">Grammy Latino a la Excelencia Musical 2025<\/a>, que este lunes cumple 58 palos de calendario, s\u00f3lo le quede ejecutar el modo <strong>Dylan<\/strong>: <a href=\"https:\/\/elpais.com\/cultura\/2023-06-07\/conciertos-sin-moviles-bob-dylan-da-un-paso-mas-en-su-batalla-contra-el-uso-de-telefonos-durante-su-gira-por-espana.html\" rel=\"nofollow noopener\" target=\"_blank\">contratar a una empresa como Yondr<\/a> y <strong>obligar a todo cristo a guardar su cacharrito en una funda<\/strong> de neopreno que no se pueda abrir hasta el final del concierto. La letra con sangre entra \u2013y con la l\u00f3gica subida de precio de la entrada, supongo\u2013. \u00abCuentan de <strong>Alejandro<\/strong>\u00ab, recitaba <strong>Escohotado<\/strong> al final de la canci\u00f3n \u00abNunca es igual\u00bb, de <strong>Calamaro<\/strong>, \u00abque una vez se meti\u00f3 en un rio tumultuoso de la India, todo con barro, persiguiendo al ej\u00e9rcito que peleaba con \u00e9l, y que, cuando iba en mitad, los caballeros perdieron pie, aquellas aguas estaban heladas, y se volvi\u00f3 a sus compa\u00f1eros y dijo: &#8216;Me cago en la leche, \u00bfos dais cuenta de las cosas que tengo que hacer para que me teng\u00e1is respeto?&#8217;. <strong>Eso pasa poco ahora. Respeto<\/strong>\u00ab.<\/p>\n<p>Esperemos que el 13 de septiembre, en el concierto de Madrid, los telef\u00f3nicos guarden las formas. Por el bien de todos.<\/p>\n<p><a class=\"promotional_video\" href=\"https:\/\/www.libertaddigital.com\/colabora\/\" target=\"_blank\" rel=\"noopener noreferrer nofollow\">Con tu apoyo hay m\u00e1s Libertad: Hazte socio<\/a><\/p>\n<p class=\"promotional_video\">S\u00e1nchez ya ha dejado claro que un medio cr\u00edtico como este es un obst\u00e1culo. Nos halaga pero necesitamos tu ayuda para &#13;<br \/>\ndemostrarle que lo que dice es cierto. Hazte socio del <a href=\"https:\/\/www.libertaddigital.com\/colabora\/\" rel=\"nofollow noopener\" target=\"_blank\">Club LD<\/a>.<\/p>\n<ul class=\"social\">&#13;<\/p>\n<li class=\"facebook\" data-text=\"Bunbury contra los zombis 'telef\u00f3nicos'\">Compartir<\/li>\n<p>&#13;<\/p>\n<li class=\"twitter\" data-text=\"Bunbury contra los zombis 'telef\u00f3nicos', por @jfubeda89\" data-via=\"LoDeCultura\" data-related=\"jfubeda89\">Tuitear<\/li>\n<p>&#13;<\/p>\n<li class=\"whatsapp\" data-text=\"Bunbury contra los zombis 'telef\u00f3nicos'\">Enviar<\/li>\n<p>&#13;<\/p>\n<li class=\"email\" data-text=\"Bunbury contra los zombis 'telef\u00f3nicos'\">Enviar<\/li>\n<p>&#13;\n<\/ul>\n","protected":false},"excerpt":{"rendered":"El aforismo tiene m\u00e1s huellas que una comisar\u00eda, pero se me ocurren pocas definiciones m\u00e1s eficaces del oficio&hellip;\n","protected":false},"author":2,"featured_media":41027,"comment_status":"","ping_status":"","sticky":false,"template":"","format":"standard","meta":{"footnotes":""},"categories":[170],"tags":[11139,17833,146,147,25,24,184,185,23,19732],"class_list":{"0":"post-41026","1":"post","2":"type-post","3":"status-publish","4":"format-standard","5":"has-post-thumbnail","7":"category-musica","8":"tag-cell","9":"tag-enrique-bunbury","10":"tag-entertainment","11":"tag-entretenimiento","12":"tag-es","13":"tag-espana","14":"tag-music","15":"tag-musica","16":"tag-spain","17":"tag-stephen-king"},"share_on_mastodon":{"url":"","error":""},"_links":{"self":[{"href":"https:\/\/www.europesays.com\/es\/wp-json\/wp\/v2\/posts\/41026","targetHints":{"allow":["GET"]}}],"collection":[{"href":"https:\/\/www.europesays.com\/es\/wp-json\/wp\/v2\/posts"}],"about":[{"href":"https:\/\/www.europesays.com\/es\/wp-json\/wp\/v2\/types\/post"}],"author":[{"embeddable":true,"href":"https:\/\/www.europesays.com\/es\/wp-json\/wp\/v2\/users\/2"}],"replies":[{"embeddable":true,"href":"https:\/\/www.europesays.com\/es\/wp-json\/wp\/v2\/comments?post=41026"}],"version-history":[{"count":0,"href":"https:\/\/www.europesays.com\/es\/wp-json\/wp\/v2\/posts\/41026\/revisions"}],"wp:featuredmedia":[{"embeddable":true,"href":"https:\/\/www.europesays.com\/es\/wp-json\/wp\/v2\/media\/41027"}],"wp:attachment":[{"href":"https:\/\/www.europesays.com\/es\/wp-json\/wp\/v2\/media?parent=41026"}],"wp:term":[{"taxonomy":"category","embeddable":true,"href":"https:\/\/www.europesays.com\/es\/wp-json\/wp\/v2\/categories?post=41026"},{"taxonomy":"post_tag","embeddable":true,"href":"https:\/\/www.europesays.com\/es\/wp-json\/wp\/v2\/tags?post=41026"}],"curies":[{"name":"wp","href":"https:\/\/api.w.org\/{rel}","templated":true}]}}