{"id":41032,"date":"2025-08-11T19:34:07","date_gmt":"2025-08-11T19:34:07","guid":{"rendered":"https:\/\/www.europesays.com\/es\/41032\/"},"modified":"2025-08-11T19:34:07","modified_gmt":"2025-08-11T19:34:07","slug":"la-proteina-il-11-clave-en-la-progresion-del-subtipo-mas-comun-de-cancer-de-pulmon","status":"publish","type":"post","link":"https:\/\/www.europesays.com\/es\/41032\/","title":{"rendered":"La prote\u00edna IL-11, clave en la progresi\u00f3n del subtipo m\u00e1s com\u00fan de c\u00e1ncer de pulm\u00f3n"},"content":{"rendered":"<p><strong>P.M.S<br \/><\/strong>Un grupo de investigadores ha identificado la <strong>prote\u00edna<\/strong> interleucina-11 (<strong>IL-11<\/strong>) como un <strong>elemento clave en la progresi\u00f3n del adenocarcinoma de pulm\u00f3n<\/strong>, el subtipo m\u00e1s com\u00fan de <strong>c\u00e1ncer de pulm\u00f3n<\/strong>. El estudio, <a href=\"https:\/\/onlinelibrary.wiley.com\/doi\/epdf\/10.1002\/ctm2.70374\" target=\"_blank\" rel=\"noopener nofollow\">publicado<\/a> en Clinical and Translational Medicine, revela que esta mol\u00e9cula adem\u00e1s de <strong>modificar el entorno del tumor para reducir en \u00e9l la respuesta inmune, promueve tambi\u00e9n el crecimiento tumoral<\/strong>, lo que abre una nueva v\u00eda para el tratamiento personalizado.<\/p>\n<p>El equipo multidisciplinar ha estado liderado por <strong>Irene Ferrer <\/strong>y <strong>Luis Paz-Ares<\/strong>, investigadores del Ciberonc en el Instituto de Investigaci\u00f3n Hospital 12 de Octubre (i+12) y Centro Nacional de Investigaciones Oncol\u00f3gicas (CNIO). Tambi\u00e9n han participado los grupos del Ciberoncc de Mariano Barbacid y Amancio Carnero. La <a href=\"https:\/\/www.contraelcancer.es\/es\/investigacion\" rel=\"nofollow noopener\" target=\"_blank\"><strong>Asociaci\u00f3n Espa\u00f1ola Contra el C\u00e1ncer<\/strong><\/a> y el Instituto de Salud Carlos III, entre otros organismos, han financiado el trabajo.<\/p>\n<p>El personal investigador utiliz\u00f3\u00a0<strong>tecnolog\u00edas avanzadas de perfil transcript\u00f3mico y espacial digital,\u00a0<\/strong>junto con datos cl\u00ednicos de dos cohortes de pacientes, para analizar el papel del eje IL-11\/IL-11RA (interleucina-11 \/receptor A de la interleucina-11). Adem\u00e1s, realizaron ensayos con modelos animales, incluyendo ratones expuestos al tabaco, modelos gen\u00e9ticamente modificados y xenoinjertos derivados de\u00a0tumores de\u00a0pacientes (PDX).<\/p>\n<p>\u00abLos pacientes con niveles elevados de IL-11 podr\u00edan beneficiarse de tratamientos dirigidos contra la v\u00eda IL-11\/IL-11RA\u00bb, explican los autores<\/p>\n<p>Los resultados muestran que la <strong>IL-11 est\u00e1 relacionada con\u00a0peores resultados cl\u00ednicos<\/strong>\u00a0en pacientes con\u00a0adenocarcinoma de pulm\u00f3n. El equipo de investigaci\u00f3n ha desarrollado\u00a0un <strong>anticuerpo monoclonal que bloquea su receptor<\/strong> (IL-11RA) cuya\u00a0aplicaci\u00f3n demostr\u00f3 una notable eficacia antitumoral en el modelo PDX, lo que posiciona a este eje molecular como una\u00a0<strong>nueva\u00a0diana terap\u00e9utica prometedora<\/strong>.<\/p>\n<p>\u00abLos pacientes con<strong> niveles elevados de IL-11 podr\u00edan beneficiarse de tratamientos dirigidos contra la v\u00eda IL-11\/IL-11RA\u00bb<\/strong>, se\u00f1alan los autores. Este hallazgo podr\u00eda tener implicaciones importantes para el dise\u00f1o de nuevos f\u00e1rmacos y estrategias terap\u00e9uticas en c\u00e1ncer de pulm\u00f3n, especialmente en aquellos casos que presentan un peor pron\u00f3stico.<\/p>\n","protected":false},"excerpt":{"rendered":"P.M.SUn grupo de investigadores ha identificado la prote\u00edna interleucina-11 (IL-11) como un elemento clave en la progresi\u00f3n del&hellip;\n","protected":false},"author":2,"featured_media":41033,"comment_status":"","ping_status":"","sticky":false,"template":"","format":"standard","meta":{"footnotes":""},"categories":[92],"tags":[3297,19733,19734,25,24,165,1294,166,23],"class_list":{"0":"post-41032","1":"post","2":"type-post","3":"status-publish","4":"format-standard","5":"has-post-thumbnail","7":"category-salud","8":"tag-a1","9":"tag-cancer-de-pulmon","10":"tag-ciberonc","11":"tag-es","12":"tag-espana","13":"tag-health","14":"tag-investigacion","15":"tag-salud","16":"tag-spain"},"share_on_mastodon":{"url":"","error":""},"_links":{"self":[{"href":"https:\/\/www.europesays.com\/es\/wp-json\/wp\/v2\/posts\/41032","targetHints":{"allow":["GET"]}}],"collection":[{"href":"https:\/\/www.europesays.com\/es\/wp-json\/wp\/v2\/posts"}],"about":[{"href":"https:\/\/www.europesays.com\/es\/wp-json\/wp\/v2\/types\/post"}],"author":[{"embeddable":true,"href":"https:\/\/www.europesays.com\/es\/wp-json\/wp\/v2\/users\/2"}],"replies":[{"embeddable":true,"href":"https:\/\/www.europesays.com\/es\/wp-json\/wp\/v2\/comments?post=41032"}],"version-history":[{"count":0,"href":"https:\/\/www.europesays.com\/es\/wp-json\/wp\/v2\/posts\/41032\/revisions"}],"wp:featuredmedia":[{"embeddable":true,"href":"https:\/\/www.europesays.com\/es\/wp-json\/wp\/v2\/media\/41033"}],"wp:attachment":[{"href":"https:\/\/www.europesays.com\/es\/wp-json\/wp\/v2\/media?parent=41032"}],"wp:term":[{"taxonomy":"category","embeddable":true,"href":"https:\/\/www.europesays.com\/es\/wp-json\/wp\/v2\/categories?post=41032"},{"taxonomy":"post_tag","embeddable":true,"href":"https:\/\/www.europesays.com\/es\/wp-json\/wp\/v2\/tags?post=41032"}],"curies":[{"name":"wp","href":"https:\/\/api.w.org\/{rel}","templated":true}]}}