{"id":41034,"date":"2025-08-11T19:35:07","date_gmt":"2025-08-11T19:35:07","guid":{"rendered":"https:\/\/www.europesays.com\/es\/41034\/"},"modified":"2025-08-11T19:35:07","modified_gmt":"2025-08-11T19:35:07","slug":"sancionan-con-6-001-euros-a-la-productora-que-grabo-el-videoclip-de-katy-perry-en-formentera","status":"publish","type":"post","link":"https:\/\/www.europesays.com\/es\/41034\/","title":{"rendered":"Sancionan con 6.001 euros a la productora que grab\u00f3 el videoclip de Katy Perry en Formentera"},"content":{"rendered":"<p class=\"c-paragraph\">El Govern ha multado con <b>6.001 euros a la productora encargada de grabar el videoclip de Lifetimes<\/b>, de la cantante estadounidense <a href=\"https:\/\/www.20minutos.es\/tags\/personas\/katy-perry.html\" title=\"Katy Perry\" rel=\"nofollow noopener\" target=\"_blank\">Katy Perry<\/a>, por filmar en una zona protegida el Parque Natural de Ses Salines (Formentera), a <a href=\"https:\/\/www.20minutos.es\/noticia\/5587873\/0\/videoclip-katy-perry-formentera-investigado-por-posible-impacto-ambiental-las-dunas\/\" title=\"El videoclip de Katy Perry en Formentera, investigado por posible impacto ambiental en las dunas\" rel=\"nofollow noopener\" target=\"_blank\">finales de julio de 2024, sin autorizaci\u00f3n<\/a>.<\/p>\n<p class=\"c-paragraph\">Seg\u00fan ha informado Diario de Ibiza y ha confirmado Europa Press, el Govern ha sancionado a la empresa responsable de la filmaci\u00f3n. El Ejecutivo auton\u00f3mico ha impuesto a \u00e9sta una multa que asciende a 6.001 euros al<b> considerar lo ocurrido una falta \u00abgrave\u00bb<\/b>, a la que no se le ha podido aplicar agravante porque \u00abno hubo da\u00f1os ambientales\u00bb.\u00a0<\/p>\n<p class=\"c-paragraph\">El Govern inici\u00f3 el verano pasado <b>actuaciones previas de investigaci\u00f3n por la grabaci\u00f3n de este v\u00eddeo<\/b>, para el que la empresa no hab\u00eda pedido autorizaci\u00f3n a la Conselleria de Agricultura, Pesca y Medio Natural para llevar a cabo el rodaje, y, durante el cual se accedi\u00f3 a una zona de exclusi\u00f3n, donde est\u00e1 prohibido el paso.<\/p>\n<p class=\"c-paragraph\">La Conseller\u00eda aclar\u00f3 que no se tratar\u00eda de un delito contra el medio ambiente, sino de una<b> infracci\u00f3n<\/b>, ya que la autoridad medioambiental puede dar permiso para la filmaci\u00f3n de reportajes fotogr\u00e1ficos o v\u00eddeos. En concreto, el art\u00edculo 65 del Plan de Ordenaci\u00f3n de los Recursos Naturales (PORN) afirma que \u00ablas filmaciones requieren de autorizaci\u00f3n expresa de la Conselleria competente en materia de medio ambiente, sin perjuicio de las que concedan otros organismos o instituciones\u00bb.<\/p>\n<p class=\"c-paragraph\">Por su parte, el sello discogr\u00e1fico de la artista, Capitol Records, defendi\u00f3 que la productora local encargada de filmar el \u00faltimo videoclip de la cantante,\u00a0Lifetimes, <b>recibi\u00f3 una \u00abaprobaci\u00f3n verbal\u00bb<\/b> para rodar en las dunas protegidas del\u00a0islote de s\u2019Espalmador.\u00a0<\/p>\n<p class=\"c-paragraph\">\u00abLa productora de v\u00eddeo local nos\u00a0<b><b>asegur\u00f3 que se obtuvieron todos los permisos necesarios\u00bb<\/b><\/b>, <a href=\"https:\/\/www.20minutos.es\/noticia\/5588649\/0\/productora-katy-perry-asegura-que-gobierno-balear-le-dio-un-permiso-verbal-para-grabar-zona-protegida\/\" title=\"La productora de Katy Perry asegura que el gobierno balear le dio un permiso &#039;verbal&#039; para grabar en las dunas de Formentera\" rel=\"nofollow noopener\" target=\"_blank\">dijo el portavoz de Capitol Records en un comunicado<\/a>, tras el inicio de las diligencias por parte de la administraci\u00f3n balear. \u00abCumplimos con todas las regulaciones asociadas con la filmaci\u00f3n en esta \u00e1rea y tenemos el m\u00e1ximo respeto por esta ubicaci\u00f3n y los funcionarios encargados de protegerla\u00bb, agreg\u00f3.<\/p>\n<p class=\"c-paragraph\">Finalmente, y seg\u00fan ha informado asimismo Diario de Ibiza y ha confirmado Europa Press, despu\u00e9s de que la administraci\u00f3n auton\u00f3mica comunicara la sanci\u00f3n,<b> la empresa abon\u00f3 el importe.\u00a0<\/b>La multa fue ya abonada a principios de este a\u00f1o, en el mes de febrero, pero ha sido seis meses despu\u00e9s cuando se ha dado a conocer la informaci\u00f3n.<\/p>\n","protected":false},"excerpt":{"rendered":"El Govern ha multado con 6.001 euros a la productora encargada de grabar el videoclip de Lifetimes, de&hellip;\n","protected":false},"author":2,"featured_media":41035,"comment_status":"","ping_status":"","sticky":false,"template":"","format":"standard","meta":{"footnotes":""},"categories":[91],"tags":[1609,6832,146,147,25,24,1557,527,19735,23],"class_list":{"0":"post-41034","1":"post","2":"type-post","3":"status-publish","4":"format-standard","5":"has-post-thumbnail","7":"category-entretenimiento","8":"tag-1609","9":"tag-6832","10":"tag-entertainment","11":"tag-entretenimiento","12":"tag-es","13":"tag-espana","14":"tag-euros","15":"tag-productora","16":"tag-sancionan","17":"tag-spain"},"share_on_mastodon":{"url":"","error":""},"_links":{"self":[{"href":"https:\/\/www.europesays.com\/es\/wp-json\/wp\/v2\/posts\/41034","targetHints":{"allow":["GET"]}}],"collection":[{"href":"https:\/\/www.europesays.com\/es\/wp-json\/wp\/v2\/posts"}],"about":[{"href":"https:\/\/www.europesays.com\/es\/wp-json\/wp\/v2\/types\/post"}],"author":[{"embeddable":true,"href":"https:\/\/www.europesays.com\/es\/wp-json\/wp\/v2\/users\/2"}],"replies":[{"embeddable":true,"href":"https:\/\/www.europesays.com\/es\/wp-json\/wp\/v2\/comments?post=41034"}],"version-history":[{"count":0,"href":"https:\/\/www.europesays.com\/es\/wp-json\/wp\/v2\/posts\/41034\/revisions"}],"wp:featuredmedia":[{"embeddable":true,"href":"https:\/\/www.europesays.com\/es\/wp-json\/wp\/v2\/media\/41035"}],"wp:attachment":[{"href":"https:\/\/www.europesays.com\/es\/wp-json\/wp\/v2\/media?parent=41034"}],"wp:term":[{"taxonomy":"category","embeddable":true,"href":"https:\/\/www.europesays.com\/es\/wp-json\/wp\/v2\/categories?post=41034"},{"taxonomy":"post_tag","embeddable":true,"href":"https:\/\/www.europesays.com\/es\/wp-json\/wp\/v2\/tags?post=41034"}],"curies":[{"name":"wp","href":"https:\/\/api.w.org\/{rel}","templated":true}]}}