{"id":410359,"date":"2026-02-22T05:31:06","date_gmt":"2026-02-22T05:31:06","guid":{"rendered":"https:\/\/www.europesays.com\/es\/410359\/"},"modified":"2026-02-22T05:31:06","modified_gmt":"2026-02-22T05:31:06","slug":"el-baskonia-regresa-a-una-final-de-copa-17-anos-despues","status":"publish","type":"post","link":"https:\/\/www.europesays.com\/es\/410359\/","title":{"rendered":"El Baskonia regresa a una final de Copa 17 a\u00f1os despu\u00e9s"},"content":{"rendered":"<p>\n        El <a href=\"https:\/\/www.noticiasdealava.eus\/baskonia\/\" title=\"Baskonia\" target=\"_blank\" class=\"link copy\" rel=\"nofollow noopener\">Baskonia<\/a> disputar\u00e1 una <strong>nueva final de la Copa del Rey<\/strong> tras firmar un impresionante triunfo frente al FC Barcelona en <a href=\"https:\/\/eventos.acb.com\/\" title=\"Copa del Rey\" rel=\"nofollow noopener\" target=\"_blank\" class=\"link copy\">Copa del Rey<\/a>. El equipo dirigido por Paolo Galbiati recuper\u00f3 su mejor versi\u00f3n en el momento decisivo, el \u00faltimo cuarto, y volver\u00e1 a pelear por el t\u00edtulo copero <strong>despu\u00e9s de 17 a\u00f1os sin alcanzar el partido decisivo para el t\u00edtulo.<\/strong>\n<\/p>\n<p class=\"article-body__text \">\n        <strong>Desde 2009<\/strong> no jugaba una final el conjunto vitoriano. Demasiado tiempo para un club que convirti\u00f3 la Copa del Rey en parte fundamental de su identidad competitiva durante las \u00faltimas d\u00e9cadas. En aquella edici\u00f3n, los de Dusko Ivanovic<strong> se impusieron al Unicaja por 100-98<\/strong> en Madrid, sumando su <strong>sexto t\u00edtulo tras los conseguidos en 1995, 1999, 2002, 2003 y 2006.<\/strong>\n<\/p>\n<p>            <a href=\"https:\/\/www.noticiasdealava.eus\/baskonia\/2026\/02\/21\/baskonia-cronica-barcelona-copa-del-rey-semifinal-10731013.html\" title=\"El Baskonia, a un paso de la gloria\" class=\"new__media\" rel=\"nofollow noopener\" target=\"_blank\"><\/p>\n<p>                <img alt=\"El Baskonia, a un paso de la gloria\" data-src=\"https:\/\/www.europesays.com\/es\/wp-content\/uploads\/2026\/02\/6c87a420-b63c-4e59-b011-85773df6dce8_16-9-aspect-ratio_default_0.jpg\" class=\"lozad\"\/><\/p>\n<p>        <\/a><\/p>\n<p>        <a href=\"https:\/\/www.noticiasdealava.eus\/baskonia\/2026\/02\/21\/baskonia-cronica-barcelona-copa-del-rey-semifinal-10731013.html\" title=\"El Baskonia, a un paso de la gloria\" class=\"new__headline\" rel=\"nofollow noopener\" target=\"_blank\"><br \/>\n            El Baskonia, a un paso de la gloria<br \/>\n        <\/a><\/p>\n<blockquote class=\"twitter-tweet\" data-lang=\"es\" wp_automatic_readability=\"3.2720588235294\">\n<p lang=\"es\" dir=\"ltr\">17 a\u00f1os despu\u00e9s volvemos a estar en una final \ud83d\udd35\ud83d\udd34 <a href=\"https:\/\/t.co\/0XKoFOvSaE\" rel=\"nofollow\">pic.twitter.com\/0XKoFOvSaE<\/a><\/p>\n<p>\u2014 Kosner Baskonia (@Baskonia) <a href=\"https:\/\/twitter.com\/Baskonia\/status\/2025335465574826093?ref_src=twsrc%5Etfw\" rel=\"nofollow noopener\" target=\"_blank\">21 de febrero de 2026<\/a><\/p><\/blockquote>\n<p class=\"article-body__text \">\n        La clasificaci\u00f3n de este a\u00f1o cobra a\u00fan m\u00e1s valor si se tiene en cuenta la trayectoria reciente. Hasta la victoria ante el FC Barcelona, el Baskonia <strong>hab\u00eda encadenado siete eliminaciones consecutivas en semifinales<\/strong> en los a\u00f1os: 2010, 2011, 2012, 2013, 2016, 2017 y 2021. El triunfo supone el <strong>fin a una larga sequ\u00eda<\/strong> sin jugar la final y el regreso del equipo a la \u00e9lite copera.\n<\/p>\n<p>  Final in\u00e9dita ante el Madrid<\/p>\n<p class=\"article-body__text \">\n        El <strong>objetivo <\/strong>ahora es ambicioso: conquistar el <strong>s\u00e9ptimo entorchado<\/strong>. No ser\u00e1 sencillo. Enfrente estar\u00e1 <strong>el Real Madrid<\/strong>, que alcanz\u00f3 la final tras una espectacular remontada frente al Valencia Basket, liderada por un extraordinario Mario Hezonja desde el per\u00edmetro.\n<\/p>\n<blockquote class=\"twitter-tweet\" data-media-max-width=\"560\" wp_automatic_readability=\"3.0092592592593\">\n<p lang=\"tl\" dir=\"ltr\">BAS-KO-NIA LOLOLOLO \ud83d\ude0d\ud83d\ude0d\ud83d\ude0d <a href=\"https:\/\/t.co\/IX2SUOoEbb\" rel=\"nofollow\">pic.twitter.com\/IX2SUOoEbb<\/a><\/p>\n<p>\u2014 Kosner Baskonia (@Baskonia) <a href=\"https:\/\/twitter.com\/Baskonia\/status\/2025334872382787704?ref_src=twsrc%5Etfw\" rel=\"nofollow noopener\" target=\"_blank\">February 21, 2026<\/a><\/p><\/blockquote>\n<p class=\"article-body__text \">\n        Enfrente estar\u00e1 el Real Madrid, que alcanz\u00f3 la final tras una espectacular remontada frente al Valencia Basket, liderada por un extraordinario Hezonja desde el per\u00edmetro. Ser\u00e1 una<strong> in\u00e9dita final de Copa <\/strong>pese a la consabida rivalidad entre ambos equipos.\n<\/p>\n<p>            <a href=\"https:\/\/www.noticiasdealava.eus\/baskonia\/2026\/02\/21\/1x1-kosner-baskonia-forrest-nuevo-10731377.html\" title=\"El 1x1 del Kosner Baskonia: Forrest, de nuevo mariscal en el tim\u00f3n\" class=\"new__media\" rel=\"nofollow noopener\" target=\"_blank\"><\/p>\n<p>                <img alt=\"El 1x1 del Kosner Baskonia: Forrest, de nuevo mariscal en el tim\u00f3n\" data-src=\"https:\/\/www.europesays.com\/es\/wp-content\/uploads\/2026\/02\/8472aa71-5bdd-4d50-a28a-fa295840f3e8_16-9-aspect-ratio_default_0.jpg\" class=\"lozad\"\/><\/p>\n<p>        <\/a><\/p>\n<p>        <a href=\"https:\/\/www.noticiasdealava.eus\/baskonia\/2026\/02\/21\/1x1-kosner-baskonia-forrest-nuevo-10731377.html\" title=\"El 1x1 del Kosner Baskonia: Forrest, de nuevo mariscal en el tim\u00f3n\" class=\"new__headline\" rel=\"nofollow noopener\" target=\"_blank\"><br \/>\n            El 1&#215;1 del Kosner Baskonia: Forrest, de nuevo mariscal en el tim\u00f3n<br \/>\n        <\/a><\/p>\n<p class=\"article-body__text \">\n        El conjunto dirigido por Sergio Scariolo lleg\u00f3 a estar 18 puntos abajo en el primer cuarto y 11 a falta de menos de cinco minutos, pero logr\u00f3 revertir la situaci\u00f3n con car\u00e1cter y acierto, adem\u00e1s de los fallos valencianistas en los \u00faltimos compases.\n<\/p>\n<blockquote class=\"twitter-tweet\" data-lang=\"es\" wp_automatic_readability=\"2.8440366972477\">\n<p lang=\"es\" dir=\"ltr\">Ser del Baskonia es esto \ud83d\udd25 <a href=\"https:\/\/t.co\/qfjI4HEBLB\" rel=\"nofollow\">pic.twitter.com\/qfjI4HEBLB<\/a><\/p>\n<p>\u2014 Kosner Baskonia (@Baskonia) <a href=\"https:\/\/twitter.com\/Baskonia\/status\/2025342237530309092?ref_src=twsrc%5Etfw\" rel=\"nofollow noopener\" target=\"_blank\">21 de febrero de 2026<\/a><\/p><\/blockquote>\n<p>  Temporada ascendente <\/p>\n<p class=\"article-body__text \">\n        El duelo ante el Barcelona representa el punto m\u00e1s alto de una <strong>temporada claramente ascendente<\/strong>. Tras un inicio irregular, con apenas tres victorias\u00a0y cuatro derrotas en los primeros encuentros, el equipo fue encontrando solidez y acierto, especialmente en la Liga ACB.\n<\/p>\n<p>            <a href=\"https:\/\/www.noticiasdealava.eus\/baskonia\/2026\/02\/21\/diakite-baskonia-copa-del-rey-copa-acb-valencia-barcelona-real-madrid-roig-arena-10731370.html\" title=\"Un tap\u00f3n a dos manos para la historia\" class=\"new__media\" rel=\"nofollow noopener\" target=\"_blank\"><\/p>\n<p>                <img alt=\"Un tap\u00f3n a dos manos para la historia\" data-src=\"https:\/\/www.europesays.com\/es\/wp-content\/uploads\/2026\/02\/afe4b5c7-834f-4334-954e-52a515c8d4db_16-9-aspect-ratio_default_0.jpg\" class=\"lozad\"\/><\/p>\n<p>        <\/a><\/p>\n<p>        <a href=\"https:\/\/www.noticiasdealava.eus\/baskonia\/2026\/02\/21\/diakite-baskonia-copa-del-rey-copa-acb-valencia-barcelona-real-madrid-roig-arena-10731370.html\" title=\"Un tap\u00f3n a dos manos para la historia\" class=\"new__headline\" rel=\"nofollow noopener\" target=\"_blank\"><br \/>\n            Un tap\u00f3n a dos manos para la historia<br \/>\n        <\/a><\/p>\n<p class=\"article-body__text \">\n        Despu\u00e9s de <strong>dos cursos sin disputar la Copa<\/strong> \u2014y habi\u00e9ndose clasificado solo en dos de las \u00faltimas seis ediciones\u2014, el Baskonia fue encadenando triunfos que le permitieron escalar posiciones en la clasificaci\u00f3n. El impulso definitivo que otorg\u00f3 la clasificaci\u00f3n lleg\u00f3 con una hist\u00f3rica <strong>victoria ante el BAXI Manresa<\/strong> por 130-85, en un partido en el que el equipo firm\u00f3 registros ofensivos sobresalientes.\n<\/p>\n<p>            <a href=\"https:\/\/www.noticiasdealava.eus\/baskonia\/2026\/02\/21\/locura-recibimiento-baskonia-semifinal-copa-del-rey-10730785.html\" title=\"Locura baskonista en el recibimiento al equipo\" class=\"new__media\" rel=\"nofollow noopener\" target=\"_blank\"><\/p>\n<p>                <img alt=\"Locura baskonista en el recibimiento al equipo\" data-src=\"https:\/\/www.europesays.com\/es\/wp-content\/uploads\/2026\/02\/e1ef2486-ecd0-4119-aa18-aaefc4085cc6_16-9-aspect-ratio_default_0.jpg\" class=\"lozad\"\/><\/p>\n<p>        <\/a><\/p>\n<p>        <a href=\"https:\/\/www.noticiasdealava.eus\/baskonia\/2026\/02\/21\/locura-recibimiento-baskonia-semifinal-copa-del-rey-10730785.html\" title=\"Locura baskonista en el recibimiento al equipo\" class=\"new__headline\" rel=\"nofollow noopener\" target=\"_blank\"><br \/>\n            Locura baskonista en el recibimiento al equipo<br \/>\n        <\/a><\/p>\n<p class=\"article-body__text \">\n        La buena din\u00e1mica se consolid\u00f3 hasta sellar su condici\u00f3n de<strong> cabeza de serie<\/strong>. El triunfo ante el Dreamland Gran Canaria, en un encuentro aplazado en diciembre por el temporal en las islas, asegur\u00f3 su presencia entre los cuatro primeros junto a Valencia Basket, Real Madrid y FC Barcelona.\n<\/p>\n<p class=\"article-body__text \">\n        <strong>En cuartos de final esperaba La Laguna Tenerife<\/strong>, un rival que exigi\u00f3 el m\u00e1ximo nivel. Las actuaciones destacadas de Forrest, Diakite, Omoruyi y Kurucs \u2014que jug\u00f3 pese a un esguince en el tobillo izquierdo\u2014 permitieron al Baskonia avanzar a <strong>semifinales.<\/strong>\n<\/p>\n<p class=\"article-body__text \">\n        <strong>All\u00ed aguardaba el Barcelona<\/strong> de Xavi Pascual. Sin embargo, han sido los vitorianos los que se terminaron impusiendo a los catalanes para llegar a la final y estar a solo un partido de ganar una nueva Copa.\n<\/p>\n<p>            <script async src=\"https:\/\/platform.twitter.com\/widgets.js\" charset=\"utf-8\"><\/script><\/p>\n","protected":false},"excerpt":{"rendered":"El Baskonia disputar\u00e1 una nueva final de la Copa del Rey tras firmar un impresionante triunfo frente al&hellip;\n","protected":false},"author":2,"featured_media":410360,"comment_status":"","ping_status":"","sticky":false,"template":"","format":"standard","meta":{"footnotes":""},"categories":[269],"tags":[10178,299,210,298,4714,2493,1941,168,25,24,1058,17490,205,2902,23,167,235],"class_list":["post-410359","post","type-post","status-publish","format-standard","has-post-thumbnail","category-baloncesto","tag-10178","tag-baloncesto","tag-barcelona","tag-basketball","tag-baskonia","tag-copa","tag-copa-del-rey","tag-deportes","tag-es","tag-espana","tag-final","tag-galbiati","tag-madrid","tag-regresa","tag-spain","tag-sports","tag-valencia"],"share_on_mastodon":{"url":"https:\/\/pubeurope.com\/@es\/116112646737211257","error":""},"_links":{"self":[{"href":"https:\/\/www.europesays.com\/es\/wp-json\/wp\/v2\/posts\/410359","targetHints":{"allow":["GET"]}}],"collection":[{"href":"https:\/\/www.europesays.com\/es\/wp-json\/wp\/v2\/posts"}],"about":[{"href":"https:\/\/www.europesays.com\/es\/wp-json\/wp\/v2\/types\/post"}],"author":[{"embeddable":true,"href":"https:\/\/www.europesays.com\/es\/wp-json\/wp\/v2\/users\/2"}],"replies":[{"embeddable":true,"href":"https:\/\/www.europesays.com\/es\/wp-json\/wp\/v2\/comments?post=410359"}],"version-history":[{"count":0,"href":"https:\/\/www.europesays.com\/es\/wp-json\/wp\/v2\/posts\/410359\/revisions"}],"wp:featuredmedia":[{"embeddable":true,"href":"https:\/\/www.europesays.com\/es\/wp-json\/wp\/v2\/media\/410360"}],"wp:attachment":[{"href":"https:\/\/www.europesays.com\/es\/wp-json\/wp\/v2\/media?parent=410359"}],"wp:term":[{"taxonomy":"category","embeddable":true,"href":"https:\/\/www.europesays.com\/es\/wp-json\/wp\/v2\/categories?post=410359"},{"taxonomy":"post_tag","embeddable":true,"href":"https:\/\/www.europesays.com\/es\/wp-json\/wp\/v2\/tags?post=410359"}],"curies":[{"name":"wp","href":"https:\/\/api.w.org\/{rel}","templated":true}]}}