{"id":41040,"date":"2025-08-11T19:38:07","date_gmt":"2025-08-11T19:38:07","guid":{"rendered":"https:\/\/www.europesays.com\/es\/41040\/"},"modified":"2025-08-11T19:38:07","modified_gmt":"2025-08-11T19:38:07","slug":"muere-un-nino-de-cuatro-anos-tras-sufrir-un-golpe-de-calor-en-el-interior-de-un-coche-aparcado-al-sol-en-italia","status":"publish","type":"post","link":"https:\/\/www.europesays.com\/es\/41040\/","title":{"rendered":"Muere un ni\u00f1o de cuatro a\u00f1os tras sufrir un golpe de calor en el interior de un coche aparcado al sol en Italia"},"content":{"rendered":"<p class=\"c-paragraph\"><b>Un ni\u00f1o de 4 a\u00f1os ha fallecido<\/b> este lunes en el hospital Gemelli de Roma tras sufrir un<b> <a href=\"https:\/\/www.20minutos.es\/tags\/temas\/golpes-de-calor.html\" title=\"Golpes de calor\" rel=\"nofollow noopener\" target=\"_blank\">golpe de calor<\/a><\/b> dentro de un <b>coche estacionado al sol<\/b> en Olmedo, al noroeste de la isla italiana de Cerde\u00f1a (oeste), donde estaba de vacaciones con sus padres.<\/p>\n<p class=\"c-paragraph\">Los hechos ocurrieron el mi\u00e9rcoles 6 de agosto, cuando los padres encontraron al <b>menor inconsciente dentro del veh\u00edculo familiar<\/b>, que estaba aparcado frente a la casa donde se hospedaban, informaron medios locales.<\/p>\n<p class=\"c-paragraph\">Los progenitores alertaron de forma inmediata a los <b>servicios de emergencias<\/b> y el ni\u00f1o fue ingresado en la<b> unidad de cuidados intensivos<\/b> del hospital Santissima Annunziata de Sassari, en Cerde\u00f1a, donde tuvo que ser reanimado.<\/p>\n<p class=\"c-paragraph\">Posteriormente,<b> fue trasladado en helic\u00f3ptero<\/b> a la capital italiana para recibir atenci\u00f3n especializada, pero falleci\u00f3 este lunes debido a un <b>da\u00f1o cerebral irreversible, <\/b>seg\u00fan inform\u00f3 el hospital en declaraciones recogidas por medios locales.<\/p>\n<p class=\"c-paragraph\">Seg\u00fan las primeras reconstrucciones, <b>el peque\u00f1o se escap\u00f3 del control de sus padres<\/b>, que estaban descansando durante las vacaciones, y se subi\u00f3 al coche estacionado bajo el sol abrasador.<\/p>\n<p class=\"c-paragraph\">Esta semana Italia contin\u00faa bajo una <b>intensa <a href=\"https:\/\/www.20minutos.es\/tags\/temas\/ola-de-calor.html\" title=\"Ola de calor\" rel=\"nofollow noopener\" target=\"_blank\">ola de calor<\/a><\/b>, con temperaturas que superan los 35 \u00baC y picos que en algunas zonas podr\u00edan alcanzar los 40 \u00baC, una situaci\u00f3n que se mantendr\u00e1 al menos hasta el fin de semana, seg\u00fan las previsiones meteorol\u00f3gicas.<\/p>\n<p class=\"c-paragraph\">Las autoridades sanitarias reiteran las recomendaciones para protegerse del <b>calor extremo<\/b>, haciendo especial \u00e9nfasis en la poblaci\u00f3n vulnerable, como ni\u00f1os, personas mayores y enfermos cr\u00f3nicos.<\/p>\n","protected":false},"excerpt":{"rendered":"Un ni\u00f1o de 4 a\u00f1os ha fallecido este lunes en el hospital Gemelli de Roma tras sufrir un&hellip;\n","protected":false},"author":2,"featured_media":41041,"comment_status":"","ping_status":"","sticky":false,"template":"","format":"standard","meta":{"footnotes":""},"categories":[42],"tags":[988,17,18,954,13,14,19736,11,61,62,63,64,628,19,20,8938,9,899,10,15,16,1374,12,21,22,65,66,67],"class_list":{"0":"post-41040","1":"post","2":"type-post","3":"status-publish","4":"format-standard","5":"has-post-thumbnail","7":"category-internacional","8":"tag-anos","9":"tag-breaking-news","10":"tag-breakingnews","11":"tag-cuatro","12":"tag-featured-news","13":"tag-featurednews","14":"tag-golpes-de-calor","15":"tag-headlines","16":"tag-internacional","17":"tag-international","18":"tag-international-news","19":"tag-internationalnews","20":"tag-italia","21":"tag-latest-news","22":"tag-latestnews","23":"tag-muere","24":"tag-news","25":"tag-nino","26":"tag-noticias","27":"tag-noticias-destacadas","28":"tag-noticiasdestacadas","29":"tag-ola-de-calor","30":"tag-titulares","31":"tag-ultimas-noticias","32":"tag-ultimasnoticias","33":"tag-world","34":"tag-world-news","35":"tag-worldnews"},"share_on_mastodon":{"url":"","error":""},"_links":{"self":[{"href":"https:\/\/www.europesays.com\/es\/wp-json\/wp\/v2\/posts\/41040","targetHints":{"allow":["GET"]}}],"collection":[{"href":"https:\/\/www.europesays.com\/es\/wp-json\/wp\/v2\/posts"}],"about":[{"href":"https:\/\/www.europesays.com\/es\/wp-json\/wp\/v2\/types\/post"}],"author":[{"embeddable":true,"href":"https:\/\/www.europesays.com\/es\/wp-json\/wp\/v2\/users\/2"}],"replies":[{"embeddable":true,"href":"https:\/\/www.europesays.com\/es\/wp-json\/wp\/v2\/comments?post=41040"}],"version-history":[{"count":0,"href":"https:\/\/www.europesays.com\/es\/wp-json\/wp\/v2\/posts\/41040\/revisions"}],"wp:featuredmedia":[{"embeddable":true,"href":"https:\/\/www.europesays.com\/es\/wp-json\/wp\/v2\/media\/41041"}],"wp:attachment":[{"href":"https:\/\/www.europesays.com\/es\/wp-json\/wp\/v2\/media?parent=41040"}],"wp:term":[{"taxonomy":"category","embeddable":true,"href":"https:\/\/www.europesays.com\/es\/wp-json\/wp\/v2\/categories?post=41040"},{"taxonomy":"post_tag","embeddable":true,"href":"https:\/\/www.europesays.com\/es\/wp-json\/wp\/v2\/tags?post=41040"}],"curies":[{"name":"wp","href":"https:\/\/api.w.org\/{rel}","templated":true}]}}