{"id":410411,"date":"2026-02-22T06:22:09","date_gmt":"2026-02-22T06:22:09","guid":{"rendered":"https:\/\/www.europesays.com\/es\/410411\/"},"modified":"2026-02-22T06:22:09","modified_gmt":"2026-02-22T06:22:09","slug":"se-centra-menos-en-el-pasado","status":"publish","type":"post","link":"https:\/\/www.europesays.com\/es\/410411\/","title":{"rendered":"\u201cSe centra menos en el pasado\u201d"},"content":{"rendered":"<p class=\"c-paragraph\"><b>Monarch: El legado de los monstruos<\/b> regresar\u00e1 a <a href=\"https:\/\/www.hobbyconsolas.com\/reportajes\/apple-tv-precio-como-ver-dispositivos-compatibles-mejores-series-peliculas-1172078\" title=\"Apple TV+: precio, c\u00f3mo ver, dispositivos compatibles y mejores series y pel\u00edculas\" rel=\"nofollow noopener\" target=\"_blank\">Apple TV+<\/a> el pr\u00f3ximo<b> 27 de febrero<\/b>, pero el <b>MonsterVerse <\/b>se seguir\u00e1 expandiendo en televisi\u00f3n con el spin-off a modo de precuela de otra serie ya confirmada centrada en el personaje del coronel <a href=\"https:\/\/www.hobbyconsolas.com\/hobbycine\/apple-tv-da-luz-verde-otra-precuela-monsterverso-un-spin-off-monarch-legado-los-monstruos_6912116_0.html\" title=\"Apple TV da luz verde a otra precuela del Monsterverso: un spin-off de Monarch: El legado de los monstruos\" rel=\"nofollow noopener\" target=\"_blank\">Lee Shaw<\/a>.<\/p>\n<p class=\"c-paragraph\">La serie, todav\u00eda sin t\u00edtulo, fue anunciada a finales del a\u00f1o pasado. Ambientada en el a\u00f1o <b>1984<\/b>, nos contar\u00e1 la historia del soldado que emprendi\u00f3 la misi\u00f3n secreta de intentar evitar que el bando sovi\u00e9tico liberase a un terrible <b>Tit\u00e1n <\/b>para destruir Estados Unidos durante la <b>Guerra Fr\u00eda<\/b>.<\/p>\n<p class=\"c-paragraph\">La productora<b> Tory Tunnell <\/b>confirm\u00f3 durante una reciente charla con el medio <a href=\"https:\/\/collider.com\/monarch-spin-off-series-monsterverse-cold-war-punk-rock-wyatt-russell-apple-tv\/\" rel=\"nofollow noreferrer noopener\" title=\"fuente: collider\" target=\"_blank\">Collider <\/a>que la precuela de <a href=\"https:\/\/www.hobbyconsolas.com\/reviews\/critica-monarch-legado-monstruos-nueva-serie-monsterverse-apple-tv-1336426\" title=\"Cr\u00edtica de Monarch: el legado de los monstruos, la nueva serie del MonsterVerse de Apple TV+\" rel=\"nofollow noopener\" target=\"_blank\">Monarch: El legado de los monstruos<\/a> iniciar\u00eda su <b>rodaje \u201cen primavera\u201d<\/b>.<\/p>\n<p>Todo lo que se sabe de la serie de Lee Shaw<\/p>\n<p class=\"c-paragraph\">Por su parte, el actor <b>Wyatt Russell <\/b>que protagoniza la serie principal, adelant\u00f3 que <b>la serie de Lee Shaw<\/b> \u201cser\u00e1 algo de lo que no [tendremos] ni la m\u00e1s remota idea de qu\u00e9 esperar\u201d.<\/p>\n<p class=\"c-paragraph\">\u201cProfundizar\u00e1 en la experiencia de Lee tras su ascenso y su aislamiento en 1982, y en lo que sucede despu\u00e9s, por qu\u00e9 es necesario y la misi\u00f3n que emprende\u201d, a\u00f1adi\u00f3 <b>el actor de Monarch<\/b>.<\/p>\n<p class=\"c-paragraph\"><b>Kurt Russell<\/b>, otro de los int\u00e9rpretes protagonistas de <b>El legado de los monstruos<\/b>, intervino asegurando que \u201cen las dos primeras temporadas\u201d incluyeron \u201calgunas cosas que informan eso de cierta manera\u201d, as\u00ed que tal vez deber\u00edamos ir cogiendo pistas de los pr\u00f3ximos episodios.<\/p>\n<p class=\"c-paragraph\">Tory Tunnell continu\u00f3 diciendo que la serie abordar\u00e1 muy bien la integraci\u00f3n entre mosntruos y el MonsterVerse, como ya vimos en <b>Monarch<\/b>, explicando que <b>ser\u00e1 \u201cun poco m\u00e1s simple porque hay menos gente<\/b>. Se centra menos en el pasado y m\u00e1s en una experiencia, misi\u00f3n y objetivo presentes\u201d.<\/p>\n<p class=\"c-paragraph\">Por \u00faltimo, Tory Tunnell aclar\u00f3 que no necesitamos haber visto Monarch: El legado de los monstruos para disfrutar de su spin-off en <b>Apple TV+<\/b>.<\/p>\n","protected":false},"excerpt":{"rendered":"Monarch: El legado de los monstruos regresar\u00e1 a Apple TV+ el pr\u00f3ximo 27 de febrero, pero el MonsterVerse&hellip;\n","protected":false},"author":2,"featured_media":410412,"comment_status":"","ping_status":"","sticky":false,"template":"","format":"standard","meta":{"footnotes":""},"categories":[171],"tags":[146,147,25,24,363,4417,88038,11395,23,17462,214],"class_list":["post-410411","post","type-post","status-publish","format-standard","has-post-thumbnail","category-tv","tag-entertainment","tag-entretenimiento","tag-es","tag-espana","tag-legado","tag-los","tag-monarch","tag-off","tag-spain","tag-spin","tag-tv"],"share_on_mastodon":{"url":"https:\/\/pubeurope.com\/@es\/116112847524901145","error":""},"_links":{"self":[{"href":"https:\/\/www.europesays.com\/es\/wp-json\/wp\/v2\/posts\/410411","targetHints":{"allow":["GET"]}}],"collection":[{"href":"https:\/\/www.europesays.com\/es\/wp-json\/wp\/v2\/posts"}],"about":[{"href":"https:\/\/www.europesays.com\/es\/wp-json\/wp\/v2\/types\/post"}],"author":[{"embeddable":true,"href":"https:\/\/www.europesays.com\/es\/wp-json\/wp\/v2\/users\/2"}],"replies":[{"embeddable":true,"href":"https:\/\/www.europesays.com\/es\/wp-json\/wp\/v2\/comments?post=410411"}],"version-history":[{"count":0,"href":"https:\/\/www.europesays.com\/es\/wp-json\/wp\/v2\/posts\/410411\/revisions"}],"wp:featuredmedia":[{"embeddable":true,"href":"https:\/\/www.europesays.com\/es\/wp-json\/wp\/v2\/media\/410412"}],"wp:attachment":[{"href":"https:\/\/www.europesays.com\/es\/wp-json\/wp\/v2\/media?parent=410411"}],"wp:term":[{"taxonomy":"category","embeddable":true,"href":"https:\/\/www.europesays.com\/es\/wp-json\/wp\/v2\/categories?post=410411"},{"taxonomy":"post_tag","embeddable":true,"href":"https:\/\/www.europesays.com\/es\/wp-json\/wp\/v2\/tags?post=410411"}],"curies":[{"name":"wp","href":"https:\/\/api.w.org\/{rel}","templated":true}]}}