{"id":41045,"date":"2025-08-11T19:41:05","date_gmt":"2025-08-11T19:41:05","guid":{"rendered":"https:\/\/www.europesays.com\/es\/41045\/"},"modified":"2025-08-11T19:41:05","modified_gmt":"2025-08-11T19:41:05","slug":"matosinhos-en-portugal-sera-la-sede-de-la-supercopa-iberica-masculina","status":"publish","type":"post","link":"https:\/\/www.europesays.com\/es\/41045\/","title":{"rendered":"Matosinhos, en Portugal, ser\u00e1 la sede de la Supercopa Ib\u00e9rica masculina"},"content":{"rendered":"<p>                            <img loading=\"lazy\" decoding=\"async\" src=\"https:\/\/www.europesays.com\/es\/wp-content\/uploads\/2025\/08\/56725006-77f4-44d4-9726-d1033e6c2118_16-9-aspect-ratio_default_0.jpg\" alt=\"El jugador estell\u00e9s del Ademar Le\u00f3n, Aitor Albizu.\" width=\"880\" height=\"495\" title=\"El jugador estell\u00e9s del Ademar Le\u00f3n, Aitor Albizu.\" style=\"height:auto;\"\/><\/p>\n<p class=\"article-photo__footer\">\n        El jugador estell\u00e9s del Ademar Le\u00f3n, Aitor Albizu.<br \/>\n                    Ademar Le\u00f3n\n            <\/p>\n<p class=\"article-body__text article-body__text--entry article-body__text-middle\">\n        La <strong>Supercopa Ib\u00e9rica masculina<\/strong> ya tiene oficialmente sede. El <strong>Centro de Desportos e Congressos de Matosinhos<\/strong>, ciudad al norte de Oporto, ser\u00e1 el escenario los d\u00edas<strong> 30 y 31 de agosto<\/strong> de esta competici\u00f3n internacional que jugar\u00e1n el <strong>Bar\u00e7a, el ABANCA Ademar Le\u00f3n, el Sporting CP y el FC Porto<\/strong>. Su versi\u00f3n femenina, como se recordar\u00e1, se disputar\u00e1 poco despu\u00e9s, el 5 y 6 de septiembre, en el <strong>pabell\u00f3n Anaitasuna<\/strong> de Pamplona con el <a href=\"https:\/\/www.noticiasdenavarra.com\/tags\/replasa-beti-onak\/\" title=\"Replasa Beti Onak\" target=\"_blank\" class=\"link copy\" rel=\"nofollow noopener\">Replasa Beti Onak<\/a>, el Super Amara Bera Bera, el Benfica y el Madeira.\n<\/p>\n<p class=\"article-body__text \">\n        El Bar\u00e7a, que cuenta en sus filas por segunda temporada con <strong>el pivote de Zizur Mayor <\/strong><a href=\"https:\/\/www.noticiasdenavarra.com\/tags\/antonio-bazan\/\" title=\"Antonio Baz\u00e1n\" target=\"_blank\" class=\"link copy\" rel=\"nofollow noopener\">Antonio Baz\u00e1n<\/a>, defender\u00e1 este primer t\u00edtulo oficial de la temporada. El rival del campe\u00f3n de la<a href=\"https:\/\/www.noticiasdenavarra.com\/tags\/liga-asobal\/\" title=\"Liga Asobal\" target=\"_blank\" class=\"link copy\" rel=\"nofollow noopener\"> Liga Asobal <\/a>ser\u00e1 el s\u00e1bado 30 el <strong>FC Porto<\/strong>, finalista del torneo copero luso (14.30 h).\n<\/p>\n<p class=\"article-photo__footer\">\n            El navarro Antonio Baz\u00e1n, jugador del Bar\u00e7a.            Bar\u00e7a        <\/p>\n<p class=\"article-body__text \">\n        Tres horas despu\u00e9s, el due\u00f1o de la Liga -y Copa- de Portugal, el<strong> Sporting CP,<\/strong> se enfrentar\u00e1 al subcampe\u00f3n copero<strong> Ademar Le\u00f3n<\/strong>, que esta temporada tiene en su plantilla al<strong> central estell\u00e9s Aitor Albizu<\/strong>. De clasificarse el equipo leon\u00e9s y el Bar\u00e7a para la final del domingo 31, se podr\u00eda vivir un <strong>duelo navarro<\/strong> en la Supercopa Ib\u00e9rica entre <strong>dos exjugadores de Anaitasuna<\/strong>.\n<\/p>\n<p>            <a href=\"https:\/\/www.noticiasdenavarra.com\/balonmano\/2025\/08\/06\/entradas-supercopa-iberica-anaitasuna-venta-9956651.html\" title=\"Las entradas para la Supercopa Ib\u00e9rica en Anaitasuna ya est\u00e1n a la venta\" class=\"new__media\" rel=\"nofollow noopener\" target=\"_blank\"><\/p>\n<p>                <img alt=\"Las entradas para la Supercopa Ib\u00e9rica en Anaitasuna ya est\u00e1n a la venta\" data-src=\"https:\/\/www.europesays.com\/es\/wp-content\/uploads\/2025\/08\/b8ebe837-2786-4711-91fb-da2c577a7d4b_16-9-aspect-ratio_default_0.jpg\" class=\"lozad\"\/><\/p>\n<p>        <\/a><\/p>\n<p>        <a href=\"https:\/\/www.noticiasdenavarra.com\/balonmano\/2025\/08\/06\/entradas-supercopa-iberica-anaitasuna-venta-9956651.html\" title=\"Las entradas para la Supercopa Ib\u00e9rica en Anaitasuna ya est\u00e1n a la venta\" class=\"new__headline\" rel=\"nofollow noopener\" target=\"_blank\"><br \/>\n            Las entradas para la Supercopa Ib\u00e9rica en Anaitasuna ya est\u00e1n a la venta<br \/>\n        <\/a><\/p>\n<p>  Mundial de clubes<\/p>\n<p class=\"article-body__text \">\n        munPor otro lado, en el contexto del <strong>Mundial juvenil<\/strong> que se disputa en <strong>Egipto<\/strong>, se celebr\u00f3 este lunes el sorteo del Mundial de Clubes, que se jugar\u00e1 en ese pa\u00eds entre el <strong>26 de septiembre y el 2 de octubre<\/strong>. El Bar\u00e7a se enfrentar\u00e1 en la primera fase al <strong>Zamalek egipcio<\/strong> y al <strong>Handebol Taubat\u00e9 brasile\u00f1o<\/strong>, campe\u00f3n sudamericano.<\/p>\n","protected":false},"excerpt":{"rendered":"El jugador estell\u00e9s del Ademar Le\u00f3n, Aitor Albizu. Ademar Le\u00f3n La Supercopa Ib\u00e9rica masculina ya tiene oficialmente sede.&hellip;\n","protected":false},"author":2,"featured_media":41046,"comment_status":"","ping_status":"","sticky":false,"template":"","format":"standard","meta":{"footnotes":""},"categories":[278],"tags":[376,168,25,24,375,19737,1462,4569,523,23,167,4611],"class_list":{"0":"post-41045","1":"post","2":"type-post","3":"status-publish","4":"format-standard","5":"has-post-thumbnail","7":"category-balonmano","8":"tag-balonmano","9":"tag-deportes","10":"tag-es","11":"tag-espana","12":"tag-handball","13":"tag-matosinhos","14":"tag-portugal","15":"tag-sede","16":"tag-sera","17":"tag-spain","18":"tag-sports","19":"tag-supercopa"},"share_on_mastodon":{"url":"","error":""},"_links":{"self":[{"href":"https:\/\/www.europesays.com\/es\/wp-json\/wp\/v2\/posts\/41045","targetHints":{"allow":["GET"]}}],"collection":[{"href":"https:\/\/www.europesays.com\/es\/wp-json\/wp\/v2\/posts"}],"about":[{"href":"https:\/\/www.europesays.com\/es\/wp-json\/wp\/v2\/types\/post"}],"author":[{"embeddable":true,"href":"https:\/\/www.europesays.com\/es\/wp-json\/wp\/v2\/users\/2"}],"replies":[{"embeddable":true,"href":"https:\/\/www.europesays.com\/es\/wp-json\/wp\/v2\/comments?post=41045"}],"version-history":[{"count":0,"href":"https:\/\/www.europesays.com\/es\/wp-json\/wp\/v2\/posts\/41045\/revisions"}],"wp:featuredmedia":[{"embeddable":true,"href":"https:\/\/www.europesays.com\/es\/wp-json\/wp\/v2\/media\/41046"}],"wp:attachment":[{"href":"https:\/\/www.europesays.com\/es\/wp-json\/wp\/v2\/media?parent=41045"}],"wp:term":[{"taxonomy":"category","embeddable":true,"href":"https:\/\/www.europesays.com\/es\/wp-json\/wp\/v2\/categories?post=41045"},{"taxonomy":"post_tag","embeddable":true,"href":"https:\/\/www.europesays.com\/es\/wp-json\/wp\/v2\/tags?post=41045"}],"curies":[{"name":"wp","href":"https:\/\/api.w.org\/{rel}","templated":true}]}}