{"id":41047,"date":"2025-08-11T19:42:12","date_gmt":"2025-08-11T19:42:12","guid":{"rendered":"https:\/\/www.europesays.com\/es\/41047\/"},"modified":"2025-08-11T19:42:12","modified_gmt":"2025-08-11T19:42:12","slug":"el-torero-manuel-escribano-ondea-una-bandera-en-la-plaza-de-huesca-en-la-que-se-lee-sanchez-a-prision-el-mundo","status":"publish","type":"post","link":"https:\/\/www.europesays.com\/es\/41047\/","title":{"rendered":"El torero Manuel Escribano ondea una bandera en la plaza de Huesca en la que se lee &quot;S\u00e1nchez a prisi\u00f3n&quot; &#8211; El Mundo"},"content":{"rendered":"<ol>\n<li><a href=\"https:\/\/news.google.com\/rss\/articles\/CBMigwFBVV95cUxPaE5XRFRLWHJfeXAtQ1pxWjY2Z3RlV0preDZ3RDd1SVZObmhYQkt6OGxaREdPaDZaM0dQeFhya1MtLUtLaG5uX2xObk4yZkZuTlozdXhmdk5zeXFOQkVIbnBmQ0xfSUxxOU13MjkwcS1fYWl2aEN5NzctaUFTQWpfa3JTUdIBgwFBVV95cUxPT3ZJV2FwZHlnRndOLXJiWUNOVEdHVEpaVHNvLWp0ZzVORnVvVzJabWJzeHRhYlJ3MklkZldudEJVNzQzQWtIdmNIZ21xWlhwMGlrWE9ZY3dOaHRBSjJMckNZY2Zhb3ZGR0h6b29uOEJpRGd4WG53SjROcGlOUXRIVXN1UQ?oc=5\" target=\"_blank\" rel=\"nofollow noopener\">El torero Manuel Escribano ondea una bandera en la plaza de Huesca en la que se lee \u00abS\u00e1nchez a prisi\u00f3n\u00bb<\/a>&nbsp;&nbsp;El Mundo<\/li>\n<li><a href=\"https:\/\/news.google.com\/rss\/articles\/CBMi1gFBVV95cUxOUEN2SGpfdWR6NmJLUmFvMTFpdkJidDExZ0RqN2xnRlJ1S2VFTlBjckJWd3J0cERQT0xOQlFDUW0xeEVJUUJ2M192TTBOLUFOUXhmNVFZSkRpNWdJTldsTEJwX3UxaDRwRXlmSURqVV9JNXFHOW4wZERWS1M5blQ3LUYxbjltYmlsWnlPVkkzUVFxb3MzaDZkTHJVRmYzcFcxVzRJdHhLR0lSNF84LW42d1pXRGhrUUZBS0Q4WkZDRjhUc3J4MFFQRjl3OVNKWGFQSU5xUTBB?oc=5\" target=\"_blank\" rel=\"nofollow noopener\">Otra pol\u00e9mica en Huesca: el torero Manuel Escribano alza una bandera de Espa\u00f1a con el mensaje &#8216;S\u00e1nchez a prisi\u00f3n&#8217;<\/a>&nbsp;&nbsp;elDiario.es<\/li>\n<li><a href=\"https:\/\/news.google.com\/rss\/articles\/CBMirgFBVV95cUxNcEwwd1VhLTdoRk5oLUdmNG1nRk95Y1IzR09xek1yTnI1Nm9HdW1zYUhPbDRaQnJkOHFXS1h4VTdSUUpRYVlJdUNUM0pfTFpBVzMwNFRpdmEtNTVkSUVWT1o5SnQ4Yk9mWDg3X09FN3FVWlBwRGl4cF9zbUplZ29UbmtnS3pKYV9XWXBCeHRIenY4bjRlZTB5bW85Z2NocGNMSkM5M3hDZ2M4Q1BvRmc?oc=5\" target=\"_blank\" rel=\"nofollow noopener\">Escribano ondea una bandera que lleva escrito &#8216;S\u00e1nchez a prisi\u00f3n&#8217;: \u00abEl toreo es un arte que debe estar por encima de cualquier ideolog\u00eda\u00bb<\/a>&nbsp;&nbsp;ABC<\/li>\n<li><a href=\"https:\/\/news.google.com\/rss\/articles\/CBMi_AFBVV95cUxOUHozT0lGNmdkZXhFUGV2a3BMTjNRU3FJYjFHYjJkVVcyVTU5VEstYkNHUWdWU0JwLU9LQVlDYmN4cGdHdzd1Nzdhd3dQVlNnZVNBOE1hNVBtcFF2dld0NXhiQUJBSXNQV3lXajladGh6WU1OSVBuTUxYMEw0Ti1HQWhhaTNfTWRwQXRLUkNWcDd0TE40bnotSTdmYkcwQl9EYmRGcVQza1NUYV9qZ2Q1REhGLTJrVFhvVVBQbUNjeVFVenVIVmxSb1EwRGxTY2ItNW5uWFJhZVZJYUxwekxDRHR4OEJiYUtZbGJUY1ZmeFZvQTN1TS05SmdKRFLSAYICQVVfeXFMUEpTbTkzQV9ya0lMZjJ0UjdPaW9rajVyRDM2RlVpS19fNWl0WnZocTIxVm9TbUl3ZzUyVGdNMi1YbjFUaDNGc2dTTVdaNFlzcG9ualQ5RS1ObXJqMDV1RXlXaGdYSkhJakNWOVU4QVRqV3k4NVBkdngtWEQwTHp0SlpCUlMxQzZGUk5ia20wVWNhcTFJR3BvdFFmc0luTERiX28xdmYzMnNNZnZRSHdYcVk3N09DekV5dU9nMGsyZ0pKTUFia042WW56alR5U0Q5enRCSUtQYXVacFhieVdFLVRoYXhaVVE5R0dGZ3hVZFZWTFJvMHZLV29yOEo5R29nTkV3?oc=5\" target=\"_blank\" rel=\"nofollow noopener\">Nueva pol\u00e9mica en Huesca: el torero Manuel Escribano ondea una bandera de Espa\u00f1a con el lema \u201cS\u00e1nchez a prisi\u00f3n\u201d<\/a>&nbsp;&nbsp;El Espa\u00f1ol<\/li>\n<li><a href=\"https:\/\/news.google.com\/rss\/articles\/CBMizgFBVV95cUxOUDk4dklTU0p6dUlNSU9tUUpOcDdEN1o3SDEzak9Fc1llMXJwbFV4c3Rpc3d6NFJ1dGhDcHdMWGQ0M2RvQ2U5X09uZTRuXzJhT1VDNVo1NWRsR0l6S05tZGFuMUJwUVBjQzRGUUVKYUV4eVRwM0stZDFBWkk2T0ZFZ1c5SWNOMWUwYU5NT3Vfekw1aVZmaUlfSXBZaXl1WXNRenctc09JUi1UYUdEbVJlYWZ4TFV6dTFvN0JuczJxbGtVMF91VnMtM3JiWGRqZ9IB4gFBVV95cUxNSWdCQnVSQTNKM0NsU1JwSHE2VU51YmxKU2tBMEtPTGhEVW5WSUpiQjltXzF3djh3bUxCUzJycnVsQ0lWUnZITlJxZXM2NEVyZ1FwLVdSZGJuemMxX0d5YkN0aW11U2Z6OXJWSjRUMWxUdkpaNHdWbU5vZm00YzhzbXFmTUN2VWZwMm5lODJWZmJoZEphNUxJMEJmT1ZSMGFYZ1NDSFZhUDlmbjJSOVkyazNVQTAzeTQwbVlUSm5MY2ZROEJKY3JRZnYwLUU3VGE4UVhsVnZOdG40bnpWb2J4ZFFR?oc=5\" target=\"_blank\" rel=\"nofollow noopener\">El torero que exhibi\u00f3 una bandera de Espa\u00f1a con un \u00abS\u00e1nchez a prisi\u00f3n\u00bb escrito niega que hubiera \u00abintenci\u00f3n pol\u00edtica\u00bb<\/a>&nbsp;&nbsp;El HuffPost<\/li>\n<\/ol>\n","protected":false},"excerpt":{"rendered":"El torero Manuel Escribano ondea una bandera en la plaza de Huesca en la que se lee \u00abS\u00e1nchez&hellip;\n","protected":false},"author":2,"featured_media":41048,"comment_status":"","ping_status":"","sticky":false,"template":"","format":"standard","meta":{"footnotes":""},"categories":[277],"tags":[373,819,168,25,24,1265,2959,23,167,374,444],"class_list":{"0":"post-41047","1":"post","2":"type-post","3":"status-publish","4":"format-standard","5":"has-post-thumbnail","7":"category-toreo","8":"tag-bullfighting","9":"tag-cultura-toros","10":"tag-deportes","11":"tag-es","12":"tag-espana","13":"tag-huesca","14":"tag-pedro-sanchez","15":"tag-spain","16":"tag-sports","17":"tag-toreo","18":"tag-toros"},"share_on_mastodon":{"url":"","error":""},"_links":{"self":[{"href":"https:\/\/www.europesays.com\/es\/wp-json\/wp\/v2\/posts\/41047","targetHints":{"allow":["GET"]}}],"collection":[{"href":"https:\/\/www.europesays.com\/es\/wp-json\/wp\/v2\/posts"}],"about":[{"href":"https:\/\/www.europesays.com\/es\/wp-json\/wp\/v2\/types\/post"}],"author":[{"embeddable":true,"href":"https:\/\/www.europesays.com\/es\/wp-json\/wp\/v2\/users\/2"}],"replies":[{"embeddable":true,"href":"https:\/\/www.europesays.com\/es\/wp-json\/wp\/v2\/comments?post=41047"}],"version-history":[{"count":0,"href":"https:\/\/www.europesays.com\/es\/wp-json\/wp\/v2\/posts\/41047\/revisions"}],"wp:featuredmedia":[{"embeddable":true,"href":"https:\/\/www.europesays.com\/es\/wp-json\/wp\/v2\/media\/41048"}],"wp:attachment":[{"href":"https:\/\/www.europesays.com\/es\/wp-json\/wp\/v2\/media?parent=41047"}],"wp:term":[{"taxonomy":"category","embeddable":true,"href":"https:\/\/www.europesays.com\/es\/wp-json\/wp\/v2\/categories?post=41047"},{"taxonomy":"post_tag","embeddable":true,"href":"https:\/\/www.europesays.com\/es\/wp-json\/wp\/v2\/tags?post=41047"}],"curies":[{"name":"wp","href":"https:\/\/api.w.org\/{rel}","templated":true}]}}