{"id":410475,"date":"2026-02-22T07:18:19","date_gmt":"2026-02-22T07:18:19","guid":{"rendered":"https:\/\/www.europesays.com\/es\/410475\/"},"modified":"2026-02-22T07:18:19","modified_gmt":"2026-02-22T07:18:19","slug":"es-probable-una-inminente-guerra-entre-iran-y-estados-unidos-dos-analistas-responden","status":"publish","type":"post","link":"https:\/\/www.europesays.com\/es\/410475\/","title":{"rendered":"\u00bfEs probable una inminente guerra entre Ir\u00e1n y Estados Unidos? Dos analistas responden"},"content":{"rendered":"<p class=\"c-paragraph\">La posibilidad de una guerra entre <a href=\"https:\/\/www.20minutos.es\/tags\/lugares\/iran.html\" title=\"Ir\u00e1n\" rel=\"nofollow noopener\" target=\"_blank\">Ir\u00e1n <\/a>y <a href=\"https:\/\/www.20minutos.es\/tags\/temas\/estados-unidos.html\" title=\"Estados Unidos\" rel=\"nofollow noopener\" target=\"_blank\">Estados Unidos <\/a>es m\u00e1s alta que alcanzar un acuerdo en las negociaciones nucleares, seg\u00fan alertan los analistas debido a lo que<b> consideran \u00aberror de c\u00e1lculo\u00bb de la Rep\u00fablica Isl\u00e1mica<\/b> al no hacer \u00abconcesiones sin precedentes\u00bb en las conversaciones y \u00absobreestimar su fuerza\u00bb.<\/p>\n<p class=\"c-paragraph\">El presidente estadounidense, <a href=\"https:\/\/www.20minutos.es\/tags\/personas\/donald-trump.html\" title=\"Donald Trump\" rel=\"nofollow noopener\" target=\"_blank\">Donald Trump<\/a>, ha dado a Ir\u00e1n un plazo de <b>10 a 15 d\u00edas para sellar un acuerdo<\/b>, despu\u00e9s de sendas rondas de negociaciones indirectas bajo mediaci\u00f3n de Om\u00e1n, en Mascate y Ginebra, el 6 y el 17 de febrero.<\/p>\n<p class=\"c-paragraph\">Al mismo tiempo, Trump afirm\u00f3 que est\u00e1 considerando la posibilidad de un ataque limitado contra el pa\u00eds persa, mientras<b> Teher\u00e1n asegura estar preparado para cualquier escenario<\/b> y ha anunciado que en los pr\u00f3ximos d\u00edas presentar\u00e1 su propuesta para lograr un pacto.<\/p>\n<p class=\"c-paragraph\">Una propuesta que posiblemente <b>se centrar\u00e1 solo en la cuesti\u00f3n nuclear, sin aceptar el enriquecimiento cero<\/b>, y dejando fuera de la mesa de negociaciones la limitaci\u00f3n del programa de misiles bal\u00edsticos de Ir\u00e1n y su apoyo a grupos regionales como Hezbol\u00e1 y Ham\u00e1s, lo que las autoridades estadounidenses consideran que debe formar parte de cualquier acuerdo.<\/p>\n<p class=\"c-paragraph\">Ante esta situaci\u00f3n, Ali Vaez, director del Proyecto de Ir\u00e1n del centro de estudios International Crisis Group, alerta de que la probabilidad de un conflicto militar <b>es alta por un \u00aberror de c\u00e1lculo\u00bb en Teher\u00e1n<\/b>. \u00abLa Rep\u00fablica Isl\u00e1mica est\u00e1 cometiendo un error de c\u00e1lculo, creyendo que Estados Unidos no busca realmente un acuerdo, y que las negociaciones, al igual que las del a\u00f1o pasado,<b> son una t\u00e1ctica para allanar el camino hacia la guerra<\/b>. Por eso, Ir\u00e1n no ha tomado estas negociaciones con la seriedad suficiente ni ha ofrecido concesiones sin precedentes\u00bb, ha explicado Vaez.\u00a0<\/p>\n<p class=\"c-paragraph\">El analista pol\u00edtico Mashal\u00e1 Shamsolwaezin coincide con la postura de la Rep\u00fablica Isl\u00e1mica de que Washington realmente no busca un acuerdo. <b>\u00abEstados Unidos ha desarrollado un patr\u00f3n de actuaci\u00f3n:<\/b> primero describe la situaci\u00f3n como optimista, luego env\u00eda se\u00f1ales positivas, despu\u00e9s eleva sus demandas y condiciones, y finalmente fija un plazo tras el cual, si Ir\u00e1n no cede, comienza la acci\u00f3n militar\u00bb, declara al diario\u00a0Etemad.<\/p>\n<p class=\"c-paragraph\">Pese a ello, Shamsolwaezin asegura que Ir\u00e1n \u00abno est\u00e1 indefenso\u00bb y podr\u00eda \u00abconfrontar seriamente la potencia estadounidense, incluyendo capacidades para hundir buques\u00bb. Palabras que reflejan las afirmaciones del l\u00edder supremo iran\u00ed, Ali Jamene\u00ed, quien <b>ha restado importancia al despliegue del portaaviones estadounidense<\/b> USS Abraham Lincoln en el golfo P\u00e9rsico y ha amenazado con hundirlo. \u00abUn portaaviones es ciertamente una m\u00e1quina peligrosa, pero m\u00e1s peligroso que el portaaviones es aquella arma que puede enviarlo al fondo del mar\u00bb asevera Jamene\u00ed.<\/p>\n<p class=\"c-paragraph\">Vaez define estas declaraciones como otro \u00aberror de c\u00e1lculo\u00bb de la Rep\u00fablica Isl\u00e1mica que<b> \u00absobreestima su propia fuerza\u00bb<\/b> pensando que si meten a Estados Unidos en una guerra total, \u00abretroceder\u00eda, ya que Trump no busca un conflicto largo y costoso en Oriente Medio\u00bb.<\/p>\n<p class=\"c-paragraph\">El experto indica que el sistema clerical en Ir\u00e1n tambi\u00e9n enfrenta un desaf\u00edo ante sus partidarios m\u00e1s fieles, a los que no quiere perder, <b>al renunciar a sus l\u00edneas ideol\u00f3gicas en las negociaciones<\/b>, en lo que se refiere a la limitaci\u00f3n de capacidades nucleares y defensivas, que hasta ahora ha tachado de innegociables. \u00abNo est\u00e1n dispuestos ni siquiera a gestos simb\u00f3licos que podr\u00edan prolongar la duraci\u00f3n del sistema pol\u00edtico\u00bb, considera Vaez, en alusi\u00f3n a un posible intento de Estados Unidos de cambiar de r\u00e9gimen en Ir\u00e1n, lo que, seg\u00fan Trump, \u00abser\u00eda lo mejor\u00bb.<\/p>\n<p>Alerta en el golfo p\u00e9rsico<\/p>\n<p class=\"c-paragraph\">Estados Unidos est\u00e1 desarrollando su mayor despliegue militar en Oriente Medio desde la guerra lanzada contra Irak en 2003 <b>para presionar a Ir\u00e1n a firmar un acuerdo<\/b>. Al menos una docena de buques de guerra, entre ellos el portaaviones USS Abraham Lincoln, diversas aeronaves militares y sistemas de defensa antimisiles est\u00e1n desplegados en la regi\u00f3n, mientras un segundo grupo de ataque de portaaviones, liderado por el USS Gerald R. Ford, se dirige a la zona.<\/p>\n<p class=\"c-paragraph\">Ir\u00e1n, a su vez, ha realizado ejercicios militares en el mar de Om\u00e1n y el estrecho de Ormuz en los \u00faltimos d\u00edas, <b>incluida una maniobra conjunta con Rusia <\/b>y otra de la Guardia Revolucionaria, en la que el cuerpo militar de \u00e9lite iran\u00ed lleg\u00f3 a cerrar parcialmente el estrecho, por donde pasa el 20% del petr\u00f3leo mundial.<\/p>\n<p class=\"c-paragraph\">Las autoridades iran\u00edes han advertido que responder\u00e1n con fuerza a cualquier agresi\u00f3n, incluyendo ataques contra bases estadounidenses en la regi\u00f3n. Mientras, pa\u00edses regionales como Catar, Om\u00e1n, Arabia Saud\u00ed y Turqu\u00eda<b> contin\u00faan sus esfuerzos diplom\u00e1ticos para evitar una guerra,<\/b> instando a EE.UU. e Ir\u00e1n a resolver la disputa nuclear mediante negociaciones. Asimismo, el secretario general de la ONU, <a href=\"\">Ant\u00f3nio Guterres,<\/a> ha instado a las partes a \u00abmantener canales de di\u00e1logo\u00bb y a \u00abcontinuar con la diplomacia\u00bb.<\/p>\n","protected":false},"excerpt":{"rendered":"La posibilidad de una guerra entre Ir\u00e1n y Estados Unidos es m\u00e1s alta que alcanzar un acuerdo en&hellip;\n","protected":false},"author":2,"featured_media":410476,"comment_status":"","ping_status":"","sticky":false,"template":"","format":"standard","meta":{"footnotes":""},"categories":[5],"tags":[14985,3280,17,18,25,24,13,14,11,19,20,4417,9,10,15,16,2074,23,12,21,22],"class_list":["post-410475","post","type-post","status-publish","format-standard","has-post-thumbnail","category-titulares","tag-alertan","tag-analistas","tag-breaking-news","tag-breakingnews","tag-es","tag-espana","tag-featured-news","tag-featurednews","tag-headlines","tag-latest-news","tag-latestnews","tag-los","tag-news","tag-noticias","tag-noticias-destacadas","tag-noticiasdestacadas","tag-que","tag-spain","tag-titulares","tag-ultimas-noticias","tag-ultimasnoticias"],"share_on_mastodon":{"url":"https:\/\/pubeurope.com\/@es\/116113067461070909","error":""},"_links":{"self":[{"href":"https:\/\/www.europesays.com\/es\/wp-json\/wp\/v2\/posts\/410475","targetHints":{"allow":["GET"]}}],"collection":[{"href":"https:\/\/www.europesays.com\/es\/wp-json\/wp\/v2\/posts"}],"about":[{"href":"https:\/\/www.europesays.com\/es\/wp-json\/wp\/v2\/types\/post"}],"author":[{"embeddable":true,"href":"https:\/\/www.europesays.com\/es\/wp-json\/wp\/v2\/users\/2"}],"replies":[{"embeddable":true,"href":"https:\/\/www.europesays.com\/es\/wp-json\/wp\/v2\/comments?post=410475"}],"version-history":[{"count":0,"href":"https:\/\/www.europesays.com\/es\/wp-json\/wp\/v2\/posts\/410475\/revisions"}],"wp:featuredmedia":[{"embeddable":true,"href":"https:\/\/www.europesays.com\/es\/wp-json\/wp\/v2\/media\/410476"}],"wp:attachment":[{"href":"https:\/\/www.europesays.com\/es\/wp-json\/wp\/v2\/media?parent=410475"}],"wp:term":[{"taxonomy":"category","embeddable":true,"href":"https:\/\/www.europesays.com\/es\/wp-json\/wp\/v2\/categories?post=410475"},{"taxonomy":"post_tag","embeddable":true,"href":"https:\/\/www.europesays.com\/es\/wp-json\/wp\/v2\/tags?post=410475"}],"curies":[{"name":"wp","href":"https:\/\/api.w.org\/{rel}","templated":true}]}}