{"id":41049,"date":"2025-08-11T19:43:08","date_gmt":"2025-08-11T19:43:08","guid":{"rendered":"https:\/\/www.europesays.com\/es\/41049\/"},"modified":"2025-08-11T19:43:08","modified_gmt":"2025-08-11T19:43:08","slug":"el-clasico-chile-argentina-se-traslada-a-ufc-rio-anuncian-a-vicente-luque","status":"publish","type":"post","link":"https:\/\/www.europesays.com\/es\/41049\/","title":{"rendered":"El cl\u00e1sico Chile-Argentina se traslada a UFC R\u00edo: Anuncian a Vicente Luque"},"content":{"rendered":"<p data-testid=\"paragraph\" class=\"mb-[20px] md:mb-[30px] break-word\"><strong>En plena fiebre por las MMA en Chile<\/strong>, con el viaje de <strong><a href=\"https:\/\/redgol.cl\/tema\/ignacio-bahamondes\" target=\"_blank\" rel=\"noreferrer noopener nofollow\" class=\"break-word font-articleLinkText text-articleLinkText hover:text-articleLinkTextHover hover:bg-articleLinkTextHoverBg cursor-pointer border-solid border-b-articleLinkTextHover\">Ignacio Bahamondes<\/a><\/strong> a nuestras tierras y <strong><a href=\"https:\/\/redgol.cl\/redsport\/tanke-ewert-busca-llegar-a-ufc-cuando-a-que-hora-y-donde-ver-el-dana-whites-contender-series\" target=\"_blank\" rel=\"noreferrer noopener nofollow\" class=\"break-word font-articleLinkText text-articleLinkText hover:text-articleLinkTextHover hover:bg-articleLinkTextHoverBg cursor-pointer border-solid border-b-articleLinkTextHover\">con la pelea de Christopher \u201cTanker\u201d Ewert en el Dana White\u2019s Contender Series<\/a><\/strong>, los chilenos recibieron una importante noticia con respecto a uno de los eventos m\u00e1s esperados de las <strong>artes marciales mixtas<\/strong>, se trata de<strong> <a href=\"https:\/\/redgol.cl\/tema\/ufc\" target=\"_blank\" rel=\"noreferrer noopener nofollow\" class=\"break-word font-articleLinkText text-articleLinkText hover:text-articleLinkTextHover hover:bg-articleLinkTextHoverBg cursor-pointer border-solid border-b-articleLinkTextHover\">UFC R\u00edo.<\/a><\/strong><\/p>\n<p data-testid=\"paragraph\" class=\"mb-[20px] md:mb-[30px] break-word\">El evento, que tiene lugar el pr\u00f3ximo mes de octubre en R\u00edo de Janeiro, Brasil, <strong>confirm\u00f3 en su cartelera la presencia de <a href=\"https:\/\/redgol.cl\/tema\/vicente-luque\" target=\"_blank\" rel=\"noreferrer noopener nofollow\" class=\"break-word font-articleLinkText text-articleLinkText hover:text-articleLinkTextHover hover:bg-articleLinkTextHoverBg cursor-pointer border-solid border-b-articleLinkTextHover\">Vicente Luque (23-11-1)<\/a><\/strong>, el chileno-brasile\u00f1o volver\u00e1 al oct\u00e1gono <strong>enfrent\u00e1ndose al argentino, <a href=\"https:\/\/redgol.cl\/tema\/santiago-ponzinibbio\" target=\"_blank\" rel=\"noreferrer noopener nofollow\" class=\"break-word font-articleLinkText text-articleLinkText hover:text-articleLinkTextHover hover:bg-articleLinkTextHoverBg cursor-pointer border-solid border-b-articleLinkTextHover\">Santiago Ponzinibbio (31-9).<\/a><\/strong><\/p>\n<p>\u00bfCu\u00e1ndo es UFC R\u00edo con Vicente Luque vs. Santiago Ponzinibbio?<\/p>\n<p data-testid=\"paragraph\" class=\"mb-[20px] md:mb-[30px] break-word\"><strong>UFC R\u00edo<\/strong>, evento a celebrarse en el Farmasi Arena de R\u00edo de Janeiro, Brasil,<strong> se llevar\u00e1 a cabo el pr\u00f3ximo 11 de octubre del 2025<\/strong> y en su estelar tiene al peleador local, <strong>Charles Oliveira<\/strong>, midi\u00e9ndose frente a frente contra el verdugo del \u201cJaula\u201d en su m\u00e1s reciente combate, el azerbaiyano, <strong>Rafael Fiziev.<\/strong><\/p>\n<p><img decoding=\"async\" src=\"https:\/\/www.europesays.com\/es\/wp-content\/uploads\/2025\/08\/RDG_20250811_RDG_1142063_Vicente-Luque-1-819x1024_eb9612ee.webp&#038;width=819&#038;height=1024.webp\" width=\"819\" height=\"1024\" alt=\"\" class=\"h-auto\" loading=\"lazy\"\/>Pelea con \u00e1nimos de revancha para Luque y Ponzinibbio:<\/p>\n<p data-testid=\"paragraph\" class=\"mb-[20px] md:mb-[30px] break-word\">Ambos peleadores<strong> llegan en un dif\u00edcil presente deportivo <\/strong>cosechando m\u00e1s derrotas que triunfos en sus \u00faltimas participaciones sobre el oct\u00e1gono.<\/p>\n<p data-testid=\"paragraph\" class=\"mb-[20px] md:mb-[30px] break-word\"><strong>Luque<\/strong>, por un lado, <strong><a href=\"https:\/\/redgol.cl\/redsport\/el-chileno-vicente-luque-cae-por-la-sumision-del-hombre-oscuro\" target=\"_blank\" rel=\"noreferrer noopener nofollow\" class=\"break-word font-articleLinkText text-articleLinkText hover:text-articleLinkTextHover hover:bg-articleLinkTextHoverBg cursor-pointer border-solid border-b-articleLinkTextHover\">viene de caer por sumisi\u00f3n ante Kevin Holland en el segundo round de su pelea celebrada en UFC 316<\/a><\/strong>, el pasado 7 de junio. Onceava derrota para el chileno-brasile\u00f1o en su carrera y <strong>la cuarta entre sus \u00faltimos siete combates.<\/strong><\/p>\n<p><img decoding=\"async\" src=\"https:\/\/www.europesays.com\/es\/wp-content\/uploads\/2025\/08\/RDG_20250811_RDG_1142063_Vicente-Luque-3-1024x683_580ea947.webp&#038;width=1024&#038;height=683.webp\" width=\"1024\" height=\"683\" alt=\"Vicente Luque vuelve al ring en octubre pr\u00f3ximo en UFC R\u00edo. (Foto: Elsa\/Getty Images)\" class=\"h-auto\" loading=\"lazy\"\/><\/p>\n<p class=\"text-center mt-5 text-[14px] leading-[20px] font-normal\">Vicente Luque vuelve al ring en octubre pr\u00f3ximo en UFC R\u00edo. (Foto: Elsa\/Getty Images)<\/p>\n<p data-testid=\"paragraph\" class=\"mb-[20px] md:mb-[30px] break-word\"><strong>Ponzinibbio<\/strong>, por otro lado,<strong> tambi\u00e9n cay\u00f3 en mayo pasado<\/strong>, esta vez,<strong> contra Daniel Rodr\u00edguez<\/strong> en una nueva edici\u00f3n de UFC Fight Night, perdiendo as\u00ed su por novena vez en su carrera y siendo <strong>la sexta entre sus \u00faltimos 9 combates en la empresa mayor de MMA.<\/strong><\/p>\n<p data-testid=\"paragraph\" class=\"mb-[20px] md:mb-[30px] break-word\">Por ello, <strong>este encuentro<\/strong> <strong>entre ambos peleadores asoma como la opci\u00f3n final para cada uno de ellos de mantenerse relevantes<\/strong> en la mayor empresa de artes marciales mixtas en el mundo.<\/p>\n","protected":false},"excerpt":{"rendered":"En plena fiebre por las MMA en Chile, con el viaje de Ignacio Bahamondes a nuestras tierras y&hellip;\n","protected":false},"author":2,"featured_media":41050,"comment_status":"","ping_status":"","sticky":false,"template":"","format":"standard","meta":{"footnotes":""},"categories":[276],"tags":[168,25,24,743,19738,19739,23,167,343,19740],"class_list":{"0":"post-41049","1":"post","2":"type-post","3":"status-publish","4":"format-standard","5":"has-post-thumbnail","7":"category-ufc","8":"tag-deportes","9":"tag-es","10":"tag-espana","11":"tag-mma","12":"tag-redsport","13":"tag-santiago-ponzinibbio","14":"tag-spain","15":"tag-sports","16":"tag-ufc","17":"tag-vicente-luque"},"share_on_mastodon":{"url":"","error":""},"_links":{"self":[{"href":"https:\/\/www.europesays.com\/es\/wp-json\/wp\/v2\/posts\/41049","targetHints":{"allow":["GET"]}}],"collection":[{"href":"https:\/\/www.europesays.com\/es\/wp-json\/wp\/v2\/posts"}],"about":[{"href":"https:\/\/www.europesays.com\/es\/wp-json\/wp\/v2\/types\/post"}],"author":[{"embeddable":true,"href":"https:\/\/www.europesays.com\/es\/wp-json\/wp\/v2\/users\/2"}],"replies":[{"embeddable":true,"href":"https:\/\/www.europesays.com\/es\/wp-json\/wp\/v2\/comments?post=41049"}],"version-history":[{"count":0,"href":"https:\/\/www.europesays.com\/es\/wp-json\/wp\/v2\/posts\/41049\/revisions"}],"wp:featuredmedia":[{"embeddable":true,"href":"https:\/\/www.europesays.com\/es\/wp-json\/wp\/v2\/media\/41050"}],"wp:attachment":[{"href":"https:\/\/www.europesays.com\/es\/wp-json\/wp\/v2\/media?parent=41049"}],"wp:term":[{"taxonomy":"category","embeddable":true,"href":"https:\/\/www.europesays.com\/es\/wp-json\/wp\/v2\/categories?post=41049"},{"taxonomy":"post_tag","embeddable":true,"href":"https:\/\/www.europesays.com\/es\/wp-json\/wp\/v2\/tags?post=41049"}],"curies":[{"name":"wp","href":"https:\/\/api.w.org\/{rel}","templated":true}]}}