{"id":41055,"date":"2025-08-11T19:52:27","date_gmt":"2025-08-11T19:52:27","guid":{"rendered":"https:\/\/www.europesays.com\/es\/41055\/"},"modified":"2025-08-11T19:52:27","modified_gmt":"2025-08-11T19:52:27","slug":"si-hicieran-una-serie-del-libro-ahora-seria-una-cosa-brutal-de-mucho-impacto-y-gran-calidad","status":"publish","type":"post","link":"https:\/\/www.europesays.com\/es\/41055\/","title":{"rendered":"Si hicieran una serie del libro ahora, ser\u00eda una cosa brutal de mucho impacto y gran calidad"},"content":{"rendered":"<p data-journey-content=\"true\" data-node-id=\"2\" class=\"css-i9p093 emevuu60\">A estas alturas de la vida, pocas cosas pueden dejar pasmado a <strong data-node-id=\"2.1\">El Gran Wyoming<\/strong>. Lleva d\u00e9cadas d\u00e1ndole a la s\u00e1tira, sobreviviendo a transiciones y a m\u00e1s de una tertulia con las que dan ganas de meterse en el congelador. Y <strong data-node-id=\"2.3\">c<\/strong><strong data-node-id=\"2.4\">uando se trata de hablar de literatura, al tipo se le cambia la voz.<\/strong> Baja una marcha y sorprende. <\/p>\n<p data-journey-content=\"true\" data-node-id=\"3\" class=\"css-i9p093 emevuu60\"><a href=\"https:\/\/www.youtube.com\/watch?v=9kZhan4JdFw\" target=\"_blank\" rel=\"nofollow noopener\" data-vars-ga-outbound-link=\"https:\/\/www.youtube.com\/watch?v=9kZhan4JdFw\" data-vars-ga-ux-element=\"Hyperlink\" data-vars-ga-call-to-action=\"En una entrevista con Librotea\" data-node-id=\"3.0\" class=\"body-link css-1kzkd1m emevuu60\">En una entrevista con Librotea<\/a>, mientras hablaba de libertad, de hippies y de las veces que se ha metido en l\u00edos por decir lo que piensa, solt\u00f3 algo que no deber\u00eda pasar desapercibido: \u00abme impresion\u00f3 mucho porque es tan complicado lo que hac\u00eda ese hombre&#8230; <strong data-node-id=\"3.2\">S\u00f3lo a trav\u00e9s del arte y la literatura, la buena, consegu\u00eda crear una obra maestra de algo que era un desaf\u00edo impensable<\/strong>\u00ab. Lo dice como quien se acuerda de algo que le removi\u00f3 m\u00e1s de lo previsto. <\/p>\n<p data-journey-content=\"true\" data-node-id=\"4\" class=\"css-i9p093 emevuu60\">Opina que el autor te cuela cosas por las que a cualquiera funar\u00edan. Lo dice con<strong data-node-id=\"4.1\"> admiraci\u00f3n y estupefacci\u00f3n<\/strong>. Habla de <strong data-node-id=\"4.3\">&#8216;Ada o el ardor&#8217;, de Vladimir Nabojov<\/strong>, una obra monumental, escrita en un ingl\u00e9s que no era materno del autor, que recorre temas complejos a trav\u00e9s de una prosa exquisita. S\u00ed, es una historia de amor. S\u00ed, es una obra controvertida. Es tambi\u00e9n una demostraci\u00f3n salvaje de lo que puede hacer la literatura cuando desobedece. <\/p>\n<p>Anagrama &#8216;Ada o el ardor&#8217;, de Vladimir Nabokov<\/p>\n<p><a target=\"_blank\" rel=\"nofollow noopener\" data-theme-key=\"product-image-wrapper\" href=\"https:\/\/www.amazon.es\/dp\/8433960075?tag=esquirespain-21\" aria-label=\"15\u00a0\u20ac en Amazon for &#039;Ada o el ardor&#039;, de Vladimir Nabokov\" data-href=\"https:\/\/www.amazon.es\/dp\/8433960075\" data-product-url=\"https:\/\/www.amazon.es\/dp\/8433960075\" data-affiliate=\"true\" data-affiliate-url=\"https:\/\/www.amazon.es\/dp\/8433960075?tag=esquirespain-21\" data-affiliate-network=\"{&quot;afflink_redirect&quot;:&quot;\/_p\/afflink\/x4SY\/amazon-ada-o-el-ardor-55&quot;,&quot;site_id&quot;:&quot;92d07c0b-730d-4727-bddc-68f85354bda9&quot;,&quot;network&quot;:{&quot;name&quot;:&quot;Amazon&quot;},&quot;metadata&quot;:{&quot;links&quot;:{&quot;default&quot;:&quot;https:\/\/www.amazon.es\/dp\/8433960075?tag=esquirespain-21&quot;}}}\" data-vars-ga-call-to-action=\"15\u00a0\u20ac en Amazon\" data-vars-ga-media-role=\"\" data-vars-ga-media-type=\"Single Product Embed\" data-vars-ga-outbound-link=\"https:\/\/www.amazon.es\/dp\/8433960075\" data-vars-ga-product-brand=\"Anagrama\" data-vars-ga-product-id=\"936aebda-9c12-4e29-8443-ca92b98bfd47\" data-vars-ga-product-price=\"15,10\u00a0\u20ac\" data-vars-ga-product-retailer-id=\"77905a9c-33dc-42b4-af43-c1d0d0996d75\" data-vars-ga-product-sem3-brand=\"Editorial Anagrama S.A.\" data-vars-ga-link-treatment=\"(not set) | (not set)\" data-vars-ga-sku=\"8433960075\" data-vars-ga-magento-tracking=\"1\" class=\"product-image-link ebgq4gw2 e1b8bpvs0 css-g6od0w e1c1bym14\"><img  alt=\"'Ada o el ardor', de Vladimir Nabokov\" title=\"'Ada o el ardor', de Vladimir Nabokov\" src=\"https:\/\/www.europesays.com\/es\/wp-content\/uploads\/2025\/08\/1657123109-41nn5rFHSOL._SL500_.jpg\" width=\"329\" height=\"500\" decoding=\"async\" loading=\"lazy\"\/><\/a><\/p>\n<tr data-theme-key=\"embedded-product-key-specs-line\" class=\"css-0 elexcwx2\">Editorial<\/p>\n<td data-theme-key=\"embedded-product-key-specs-value-item\" class=\"css-1flax12 elexcwx1\">Anagrama<\/td>\n<\/tr>\n<tr data-theme-key=\"embedded-product-key-specs-line\" class=\"css-0 elexcwx2\">N\u00famero de p\u00e1ginas<\/p>\n<td data-theme-key=\"embedded-product-key-specs-value-item\" class=\"css-1flax12 elexcwx1\">600<\/td>\n<\/tr>\n<tr data-theme-key=\"embedded-product-key-specs-line\" class=\"css-0 elexcwx2\">A\u00f1o de edici\u00f3n<\/p>\n<td data-theme-key=\"embedded-product-key-specs-value-item\" class=\"css-1flax12 elexcwx1\">2006<\/td>\n<\/tr>\n<p data-journey-content=\"true\" data-node-id=\"7\" class=\"css-i9p093 emevuu60\">Wyoming la considera \u00ab<strong data-node-id=\"7.1\">una obra maestra<\/strong>\u00bb precisamente porque no se puede contar de otra manera. Est\u00e1 escrita con una belleza insultante. Convierte lo que ser\u00eda inaceptable en manos de cualquiera en una experiencia est\u00e9tica apabullante. Lo que \u00e9l destaca es el v\u00e9rtigo art\u00edstico de Nabokov y su manera de tensar el lenguaje. <\/p>\n<p data-journey-content=\"true\" data-node-id=\"8\" class=\"css-i9p093 emevuu60\">Para \u00e9l, si &#8216;Ada o ardor&#8217; se adaptara hoy, \u00ab<strong data-node-id=\"8.1\">ser\u00eda una cosa brutal, de mucho impacto y gran calidad<\/strong>\u00ab. Una afirmaci\u00f3n temeraria que se entiende mejor si uno ha le\u00eddo la novela. Lo que propone Nabokov es un mundo entero: u<strong data-node-id=\"8.3\">na cronolog\u00eda inventada, una geograf\u00eda alternativa<\/strong>, un lenguaje que muta, una familia que desdobla en el tiempo. Hay amor, deseo, ciencia, filosof\u00eda, jardines infinitos. <\/p>\n<p><img draggable=\"true\" alt=\"el gran wyoming\" title=\"El Gran Wyoming \" loading=\"lazy\" width=\"4000\" height=\"2665\" decoding=\"async\" data-nimg=\"1\" style=\"color:transparent;width:100%;height:auto;\"   src=\"https:\/\/www.europesays.com\/es\/wp-content\/uploads\/2025\/08\/gran-wyoming-6899a0a2efe65.jpg\" class=\"css-0 e1g79fud0\"\/><\/p>\n<p>Carlos Alvarez\/\/Getty Images<\/p>\n<p data-journey-content=\"true\" data-node-id=\"10\" class=\"css-i9p093 emevuu60\">Wyoming, en esa misma entrevista, tambi\u00e9n se deshace en <strong data-node-id=\"10.1\">elogios hacia otros t\u00edtulos<\/strong>. Habla de &#8216;Conversaci\u00f3n en la catedral&#8217;, de Vargas Llosa (\u00abuna obra maestra de la literatura sin m\u00e1s\u00bb) y de &#8216;Nieve de primavera&#8217;, de Mishima, obra que considera una especie de Romeo y Julieta zen. Incluso se permite reivindicar el Quijote, que redescubri\u00f3 durante una neumon\u00eda: \u00abno sab\u00eda que era as\u00ed, no sab\u00eda que era un libro de risa\u00bb. <\/p>\n<p data-journey-content=\"true\" data-node-id=\"11\" class=\"css-i9p093 emevuu60\">Pero el nombre que repite con mayor fascinaci\u00f3n es el de Nabokov. Porque &#8216;Ada y ardor&#8217; es una novela (no para todos los p\u00fablicos) para quien sabe o quiere mirar de frente <strong data-node-id=\"11.1\">los l\u00edmites de la literatura y preguntarse qu\u00e9 puede contar y c\u00f3mo.<\/strong> Wyoming, que ha vivido mil vidas en una, parece tenerlo claro: \u00abme impresion\u00f3 mucho\u00bb. Que alguien como \u00e9l se quede sin palabras, ya es decir. <\/p>\n<p><img src=\"https:\/\/www.europesays.com\/es\/wp-content\/uploads\/2025\/08\/1754941947_910_2bf4d7cd-dc07-4131-9f9f-c97b719c392e_1739175712.file\" alt=\"Headshot of Mariana Mart\u00edn\" title=\"Headshot of Mariana Mart\u00edn\" width=\"100%\" height=\"100%\" decoding=\"async\" loading=\"lazy\" class=\"css-o0wq4v ev8dhu53\"\/><\/p>\n<p><a href=\"https:\/\/es.linkedin.com\/in\/mariana-mart%C3%ADn-moreno\" rel=\"nofollow noopener\" target=\"_blank\">Mariana Mart\u00edn<\/a> es periodista especializada en contenidos de Ocio y Cultura. Escribe sobre libros, cine y series, m\u00fasica y arte, entre otras cosas. Ha estudiado el doble grado de Periodismo y Humanidades en la Universidad Carlos III de Madrid, y es precisamente su formaci\u00f3n en Humanidades la que le aporta una perspectiva anal\u00edtica y multidisciplinar para abordar sus art\u00edculos period\u00edsticos desde un punto de vista diferente.<\/p>\n<p>Cuenta con experiencia en comunicaci\u00f3n editorial y redacci\u00f3n de newsletters y art\u00edculos de cultura, moda, opini\u00f3n y literatura, principalmente. Ha formado parte de equipos de prensa en la Universidad Carlos III adem\u00e1s de desarrollar proyectos propios en redes sociales (<a href=\"https:\/\/www.instagram.com\/secuencia0\/\" rel=\"nofollow noopener\" target=\"_blank\">@secuencia0<\/a> en Instagram) donde trabaja con la narrativa visual a trav\u00e9s de fotograf\u00eda y textos propios de prosa po\u00e9tica y poes\u00eda. Tambi\u00e9n ha trabajado en el diario El Generacional, donde ha cubierto eventos como conciertos o la feria ARCO de Madrid y ha realizado entrevistas a distintos artistas.\u00a0<br \/>\u00a0<\/p>\n<p><script async src=\"\/\/www.instagram.com\/embed.js\"><\/script><\/p>\n","protected":false},"excerpt":{"rendered":"A estas alturas de la vida, pocas cosas pueden dejar pasmado a El Gran Wyoming. Lleva d\u00e9cadas d\u00e1ndole&hellip;\n","protected":false},"author":2,"featured_media":41056,"comment_status":"","ping_status":"","sticky":false,"template":"","format":"standard","meta":{"footnotes":""},"categories":[172],"tags":[1655,224,253,146,147,25,24,225,23],"class_list":{"0":"post-41055","1":"post","2":"type-post","3":"status-publish","4":"format-standard","5":"has-post-thumbnail","7":"category-libros","8":"tag-afiliacion","9":"tag-books","10":"tag-discover","11":"tag-entertainment","12":"tag-entretenimiento","13":"tag-es","14":"tag-espana","15":"tag-libros","16":"tag-spain"},"share_on_mastodon":{"url":"","error":""},"_links":{"self":[{"href":"https:\/\/www.europesays.com\/es\/wp-json\/wp\/v2\/posts\/41055","targetHints":{"allow":["GET"]}}],"collection":[{"href":"https:\/\/www.europesays.com\/es\/wp-json\/wp\/v2\/posts"}],"about":[{"href":"https:\/\/www.europesays.com\/es\/wp-json\/wp\/v2\/types\/post"}],"author":[{"embeddable":true,"href":"https:\/\/www.europesays.com\/es\/wp-json\/wp\/v2\/users\/2"}],"replies":[{"embeddable":true,"href":"https:\/\/www.europesays.com\/es\/wp-json\/wp\/v2\/comments?post=41055"}],"version-history":[{"count":0,"href":"https:\/\/www.europesays.com\/es\/wp-json\/wp\/v2\/posts\/41055\/revisions"}],"wp:featuredmedia":[{"embeddable":true,"href":"https:\/\/www.europesays.com\/es\/wp-json\/wp\/v2\/media\/41056"}],"wp:attachment":[{"href":"https:\/\/www.europesays.com\/es\/wp-json\/wp\/v2\/media?parent=41055"}],"wp:term":[{"taxonomy":"category","embeddable":true,"href":"https:\/\/www.europesays.com\/es\/wp-json\/wp\/v2\/categories?post=41055"},{"taxonomy":"post_tag","embeddable":true,"href":"https:\/\/www.europesays.com\/es\/wp-json\/wp\/v2\/tags?post=41055"}],"curies":[{"name":"wp","href":"https:\/\/api.w.org\/{rel}","templated":true}]}}