{"id":41060,"date":"2025-08-11T19:55:07","date_gmt":"2025-08-11T19:55:07","guid":{"rendered":"https:\/\/www.europesays.com\/es\/41060\/"},"modified":"2025-08-11T19:55:07","modified_gmt":"2025-08-11T19:55:07","slug":"tuve-que-empezar-de-cero","status":"publish","type":"post","link":"https:\/\/www.europesays.com\/es\/41060\/","title":{"rendered":"Tuve que empezar de cero"},"content":{"rendered":"<p class=\"c-paragraph\">Anunciado inicialmente como el protagonista de <b><a href=\"https:\/\/www.20minutos.es\/cinemania\/noticias\/17-ninos-desaparecidos-madrugada-asi-weapons-pelicula-terror-esperada-2025_6233990_0.html\" title=\"17 ni\u00f1os desaparecidos de madrugada: as\u00ed es &#039;Weapons&#039;, la pel\u00edcula de terror m\u00e1s esperada de 2025\" rel=\"nofollow noopener\" target=\"_blank\">Weapons<\/a><\/b>, la nueva pel\u00edcula de terror de Zach Cregger (Barbarian),<b> Pedro Pascal finalmente se ca\u00eda del reparto<\/b> por problemas de agenda. Y no es de extra\u00f1ar teniendo en cuenta que actualmente tiene en cartelera hasta tres pel\u00edculas: Los 4 Fant\u00e1sticos: Primeros pasos, Materialistas y Eddington. El propio director ha hablado estos d\u00edas de por qu\u00e9 el actor se ve\u00eda obligado a abandonar la producci\u00f3n y, de paso, tambi\u00e9n a que la pel\u00edcula tuviera que reconstruirse al completo.<\/p>\n<p class=\"c-paragraph\"><b>CINEMAN\u00cdA preguntaba<\/b> estas semanas a <b>Zach Cregger<\/b> sobre la realidad\u00a0detr\u00e1s de esto.<b> \u00abS\u00ed, iba a estar en la pel\u00edcula, pero tuvo que viajar por otros proyectos. Simplemente no est\u00e1 en Weapons porque ten\u00eda que rodar Los 4 Fant\u00e1sticos\u00bb,<\/b> confesaba el cineasta estadounidense a nuestro medio, quien tiende una mano al actor. <b>\u00abMe encanta Pedro y me gustar\u00eda trabajar en un futuro con \u00e9l. Es el tipo m\u00e1s agradable del mundo\u00bb,<\/b> agrega.\u00a0<\/p>\n<p class=\"c-paragraph\">Estas mismas declaraciones tambi\u00e9n las daba recientemente a medios estadounidenses como <b><a href=\"https:\/\/variety.com\/2025\/film\/news\/pedro-pascal-dropped-weapons-movie-recast-1236478772\/\" rel=\"nofollow noreferrer noopener\" target=\"_blank\">Variety<\/a><\/b>, donde tambi\u00e9n explicaba c\u00f3mo fue sortear su salida de la pel\u00edcula. \u00ab<b>Ten\u00eda un elenco completamente diferente para esta pel\u00edcula. La huelga de Hollywood y la agenda de Pedro Pascal nos sumieron en el caos. Las huelgas nos retrasaron<\/b>, y, cuando un rodaje se retrasa, se generan conflictos de agenda, entonces volvimos al punto de partida. <b>No le guardo rencor a nadie.<\/b> Simplemente sufrimos retrasos sin parar. Es como un efecto domin\u00f3. As\u00ed que tuve que empezar de cero\u00bb, afirmaba el director.\u00a0<\/p>\n<p>La nueva pel\u00edcula del director de &#8216;Barbarian&#8217; ten\u00eda un reparto muy diferente<\/p>\n<p class=\"c-paragraph\">Adem\u00e1s de Pascal, la actriz <b>Renate Reinsve <\/b>(La peor persona del mundo, A Different Man) <b>tambi\u00e9n formaba parte <\/b>de aquel elenco inicial que nunca llegaremos a ver, al igual que otros int\u00e9rpretes como <b>Brian Tyree Henry<\/b> (Bullet Train, Viudas).\u00a0Afortunadamente, Cregger fichaba a estrellas de la talla de Julia Garner (quien tambi\u00e9n participaba en\u00a0Los 4 Fant\u00e1sticos) y Josh Brolin (Vengadores: Endgame, No es pa\u00eds para viejos) para suplir estas p\u00e9rdidas, haciendo de la pel\u00edcula el \u00e9xito que est\u00e1 resultando en todo el mundo.\u00a0<\/p>\n<p class=\"c-paragraph\">El<b> \u00fanico actor que se manten\u00eda desde el inicio era Austin Abrams<\/b> (Euphoria, Wolfs), quien interpreta a un adicto a las drogas y en problemas con la justicia en Weapons. <b>\u00abMe aguant\u00f3 duro. Ese de ah\u00ed es mi amigo\u00bb,<\/b> confiesa Cregger. \u00abVi Barbarian con un amigo y recuerdo cuando vi a Justin Long en el coche, solo sab\u00eda que amaba al que hab\u00eda hecho esa pel\u00edcula. Quer\u00eda ponerme en contacto con Zach y ofrecerme para lo que estuviera haciendo. \u00c9l pens\u00f3 que yo pod\u00eda encajar potencialmente y me encant\u00f3 ser parte de ello\u00bb, se\u00f1alaba por su parte Abrams.<\/p>\n<p class=\"c-paragraph\">Weapons narra la historia de<b> 17 alumnos de una misma clase que desaparecen a las 2:17 de la ma\u00f1ana sin dejar rastro alguno<\/b> y con la misma postura antes las c\u00e1maras que captan sus \u00faltimas im\u00e1genes.\u00a0Un misterio que provoca la reacci\u00f3n violenta de los padres de los alumnos, quienes apuntan como responsable a Justine (la profesora de los peque\u00f1os interpretada por<b> Julia Garner<\/b>), mientras la polic\u00eda intenta desentra\u00f1ar un misterio del que encuentran muy pocas pistas. Un filme disponible en Espa\u00f1a desde el <b>8 de agosto<\/b>.\u00a0<\/p>\n","protected":false},"excerpt":{"rendered":"Anunciado inicialmente como el protagonista de Weapons, la nueva pel\u00edcula de terror de Zach Cregger (Barbarian), Pedro Pascal&hellip;\n","protected":false},"author":2,"featured_media":41061,"comment_status":"","ping_status":"","sticky":false,"template":"","format":"standard","meta":{"footnotes":""},"categories":[169],"tags":[177,411,146,147,25,24,5134,176,175,11584,1822,23,6673],"class_list":{"0":"post-41060","1":"post","2":"type-post","3":"status-publish","4":"format-standard","5":"has-post-thumbnail","7":"category-cine","8":"tag-cine","9":"tag-director","10":"tag-entertainment","11":"tag-entretenimiento","12":"tag-es","13":"tag-espana","14":"tag-explica","15":"tag-film","16":"tag-movies","17":"tag-pascal","18":"tag-pedro","19":"tag-spain","20":"tag-weapons"},"share_on_mastodon":{"url":"","error":""},"_links":{"self":[{"href":"https:\/\/www.europesays.com\/es\/wp-json\/wp\/v2\/posts\/41060","targetHints":{"allow":["GET"]}}],"collection":[{"href":"https:\/\/www.europesays.com\/es\/wp-json\/wp\/v2\/posts"}],"about":[{"href":"https:\/\/www.europesays.com\/es\/wp-json\/wp\/v2\/types\/post"}],"author":[{"embeddable":true,"href":"https:\/\/www.europesays.com\/es\/wp-json\/wp\/v2\/users\/2"}],"replies":[{"embeddable":true,"href":"https:\/\/www.europesays.com\/es\/wp-json\/wp\/v2\/comments?post=41060"}],"version-history":[{"count":0,"href":"https:\/\/www.europesays.com\/es\/wp-json\/wp\/v2\/posts\/41060\/revisions"}],"wp:featuredmedia":[{"embeddable":true,"href":"https:\/\/www.europesays.com\/es\/wp-json\/wp\/v2\/media\/41061"}],"wp:attachment":[{"href":"https:\/\/www.europesays.com\/es\/wp-json\/wp\/v2\/media?parent=41060"}],"wp:term":[{"taxonomy":"category","embeddable":true,"href":"https:\/\/www.europesays.com\/es\/wp-json\/wp\/v2\/categories?post=41060"},{"taxonomy":"post_tag","embeddable":true,"href":"https:\/\/www.europesays.com\/es\/wp-json\/wp\/v2\/tags?post=41060"}],"curies":[{"name":"wp","href":"https:\/\/api.w.org\/{rel}","templated":true}]}}