{"id":41062,"date":"2025-08-11T19:57:05","date_gmt":"2025-08-11T19:57:05","guid":{"rendered":"https:\/\/www.europesays.com\/es\/41062\/"},"modified":"2025-08-11T19:57:05","modified_gmt":"2025-08-11T19:57:05","slug":"la-estimulacion-magnetica-transcraneal-ralentiza-el-deterioro-cognitivo-y-del-lenguaje-en-afasia-progresiva-primaria","status":"publish","type":"post","link":"https:\/\/www.europesays.com\/es\/41062\/","title":{"rendered":"La estimulaci\u00f3n magn\u00e9tica transcraneal ralentiza el deterioro cognitivo y del lenguaje en afasia progresiva primaria"},"content":{"rendered":"<p><strong>Redacci\u00f3n<br \/><\/strong>Un <strong data-start=\"536\" data-end=\"562\">ensayo cl\u00ednico <\/strong>desarrollado en la sanidad p\u00fablica madrile\u00f1a ha demostrado que la <strong data-start=\"629\" data-end=\"674\">estimulaci\u00f3n magn\u00e9tica transcraneal (EMT)<\/strong>, combinada con terapia del lenguaje, puede <strong data-start=\"718\" data-end=\"769\">ralentizar el deterioro cognitivo y ling\u00fc\u00edstico<\/strong> en pacientes con afasia progresiva primaria, una variante at\u00edpica relacionada con el alzh\u00e9imer o con la degeneraci\u00f3n frontotemporal.<\/p>\n<p data-start=\"890\" data-end=\"1263\">El estudio, coordinado por el <a href=\"https:\/\/www.comunidad.madrid\/hospital\/clinicosancarlos\/\" target=\"_blank\" rel=\"noopener nofollow\">Hospital Universitario Cl\u00ednico San Carlos<\/a> y realizado en colaboraci\u00f3n con el Hospital General Universitario Gregorio Mara\u00f1\u00f3n y el Hospital Universitario de La Princesa, constituye el <strong data-start=\"1107\" data-end=\"1148\">primer ensayo del mundo a largo plazo<\/strong> que eval\u00faa esta t\u00e9cnica en esta patolog\u00eda. Los resultados se han publicado en la revista JAMA Network Open.<\/p>\n<p data-start=\"1265\" data-end=\"1576\">Durante seis meses, <strong data-start=\"1285\" data-end=\"1301\">63 pacientes<\/strong> (edad media cercana a los 72 a\u00f1os) fueron aleatorizados en dos grupos: uno recibi\u00f3 estimulaci\u00f3n magn\u00e9tica real y el otro una intervenci\u00f3n simulada. Ambos grupos continuaron con terapia del lenguaje estandarizada, para valorar el efecto a\u00f1adido de la estimulaci\u00f3n.<\/p>\n<p>Los pacientes tratados con EMT mostraron un menor declive en el metabolismo de las \u00e1reas cerebrales implicadas en el lenguaje<\/p>\n<p data-start=\"1578\" data-end=\"2062\">Los investigadores midieron par\u00e1metros metab\u00f3licos cerebrales mediante tomograf\u00eda por emisi\u00f3n de positrones (PET), as\u00ed como escalas de lenguaje, funcionalidad y s\u00edntomas neuropsiqui\u00e1tricos. A los seis meses, los pacientes tratados con EMT mostraron <strong data-start=\"1827\" data-end=\"1915\">un menor declive en el metabolismo de las \u00e1reas cerebrales implicadas en el lenguaje<\/strong>, adem\u00e1s de <strong data-start=\"1927\" data-end=\"2019\">mejoras en la comunicaci\u00f3n, las actividades de la vida diaria y la estabilidad emocional<\/strong>, en comparaci\u00f3n con el grupo de control. El tratamiento result\u00f3 <strong data-start=\"2087\" data-end=\"2113\">seguro y bien tolerado<\/strong>, sin eventos adversos graves, y alcanz\u00f3 una <strong data-start=\"2158\" data-end=\"2180\">adherencia del 92%<\/strong>.<\/p>\n<p data-start=\"1578\" data-end=\"2062\">Hasta ahora, la rehabilitaci\u00f3n del lenguaje era la \u00fanica intervenci\u00f3n con evidencia de eficacia para la afasia progresiva primaria, por lo que este hallazgo supone un avance hacia <strong data-start=\"2362\" data-end=\"2443\">estrategias no farmacol\u00f3gicas que podr\u00edan modificar el curso de la enfermedad<\/strong>.<\/p>\n<p data-start=\"2448\" data-end=\"2881\">La <strong data-start=\"2451\" data-end=\"2481\">afasia progresiva primaria<\/strong> es un s\u00edndrome neurodegenerativo que suele afectar a personas de entre 55 y 80 a\u00f1os y que se caracteriza por una <strong data-start=\"2595\" data-end=\"2630\">p\u00e9rdida progresiva del lenguaje<\/strong> en sus aspectos expresivos y\/o comprensivos, preservando inicialmente otras funciones cognitivas. En fases avanzadas, el deterioro ling\u00fc\u00edstico se asocia a una afectaci\u00f3n global, impactando severamente en la autonom\u00eda y calidad de vida de los pacientes.<\/p>\n<p><strong>Protocolos estandarizados<\/strong><\/p>\n<p data-start=\"2883\" data-end=\"3143\">As\u00ed, los resultados respaldan el potencial de la estimulaci\u00f3n magn\u00e9tica transcraneal como complemento a la terapia del lenguaje para mantener la funci\u00f3n cerebral y la comunicaci\u00f3n en pacientes con afasia progresiva primaria.<\/p>\n<p data-start=\"3145\" data-end=\"3529\">No obstante, se ha de seguir investigando para determinar la <strong data-start=\"3222\" data-end=\"3352\">duraci\u00f3n \u00f3ptima del tratamiento, la frecuencia de las sesiones y su posible aplicaci\u00f3n a otras enfermedades neurodegenerativas<\/strong>. Asimismo, se apunta a la necesidad de implementar protocolos estandarizados que faciliten la incorporaci\u00f3n de la EMT a la pr\u00e1ctica cl\u00ednica en neurolog\u00eda y neurorehabilitaci\u00f3n.<\/p>\n","protected":false},"excerpt":{"rendered":"Redacci\u00f3nUn ensayo cl\u00ednico desarrollado en la sanidad p\u00fablica madrile\u00f1a ha demostrado que la estimulaci\u00f3n magn\u00e9tica transcraneal (EMT), combinada&hellip;\n","protected":false},"author":2,"featured_media":41063,"comment_status":"","ping_status":"","sticky":false,"template":"","format":"standard","meta":{"footnotes":""},"categories":[92],"tags":[19741,6090,7227,25,24,165,17395,1294,166,23],"class_list":{"0":"post-41062","1":"post","2":"type-post","3":"status-publish","4":"format-standard","5":"has-post-thumbnail","7":"category-salud","8":"tag-afasia-progresiva-primaria","9":"tag-b1","10":"tag-ensayo-clinico","11":"tag-es","12":"tag-espana","13":"tag-health","14":"tag-hospital-clinico-san-carlos","15":"tag-investigacion","16":"tag-salud","17":"tag-spain"},"share_on_mastodon":{"url":"","error":""},"_links":{"self":[{"href":"https:\/\/www.europesays.com\/es\/wp-json\/wp\/v2\/posts\/41062","targetHints":{"allow":["GET"]}}],"collection":[{"href":"https:\/\/www.europesays.com\/es\/wp-json\/wp\/v2\/posts"}],"about":[{"href":"https:\/\/www.europesays.com\/es\/wp-json\/wp\/v2\/types\/post"}],"author":[{"embeddable":true,"href":"https:\/\/www.europesays.com\/es\/wp-json\/wp\/v2\/users\/2"}],"replies":[{"embeddable":true,"href":"https:\/\/www.europesays.com\/es\/wp-json\/wp\/v2\/comments?post=41062"}],"version-history":[{"count":0,"href":"https:\/\/www.europesays.com\/es\/wp-json\/wp\/v2\/posts\/41062\/revisions"}],"wp:featuredmedia":[{"embeddable":true,"href":"https:\/\/www.europesays.com\/es\/wp-json\/wp\/v2\/media\/41063"}],"wp:attachment":[{"href":"https:\/\/www.europesays.com\/es\/wp-json\/wp\/v2\/media?parent=41062"}],"wp:term":[{"taxonomy":"category","embeddable":true,"href":"https:\/\/www.europesays.com\/es\/wp-json\/wp\/v2\/categories?post=41062"},{"taxonomy":"post_tag","embeddable":true,"href":"https:\/\/www.europesays.com\/es\/wp-json\/wp\/v2\/tags?post=41062"}],"curies":[{"name":"wp","href":"https:\/\/api.w.org\/{rel}","templated":true}]}}