{"id":41068,"date":"2025-08-11T20:02:09","date_gmt":"2025-08-11T20:02:09","guid":{"rendered":"https:\/\/www.europesays.com\/es\/41068\/"},"modified":"2025-08-11T20:02:09","modified_gmt":"2025-08-11T20:02:09","slug":"un-incendio-de-vegetacion-en-tres-cantos-madrid-se-acerca-a-las-viviendas","status":"publish","type":"post","link":"https:\/\/www.europesays.com\/es\/41068\/","title":{"rendered":"Un incendio de vegetaci\u00f3n en Tres Cantos (Madrid) se acerca a las viviendas"},"content":{"rendered":"<p class=\"article-text\">\n        Un total de tres helic\u00f3pteros y 14 dotaciones de bomberos de la Comunidad de Madrid trabajan para extinguir un incendio declarado en la zona este del Nuevo Tres Cantos, en el municipio de Tres Cantos.\n    <\/p>\n<p class=\"article-text\">\n        El fuego se ha iniciado a las 19.45 horas y afecta a la vegetaci\u00f3n. El fuerte viento en la zona empuja con fuerza las llamas, seg\u00fan ha informado Emergencias 112.\n    <\/p>\n<p class=\"article-text\">\n        Por su parte, el Ayuntamiento de Tres Cantos ha informado a trav\u00e9s de la red social &#8216;X&#8217; que el incendio se extiende hacia el sur-sureste y ha recomendado a los vecinos de las urbanizaciones cercanas el cierre de ventanas y mantenerse informados a trav\u00e9s de las redes sociales municipales.\n    <\/p>\n<p class=\"article-text\">\n        Ante la cercan\u00eda del fuego a las viviendas, la Comunidad de Madrid ha declarado la Situaci\u00f3n Operativa 2 del Plan de Protecci\u00f3n Civil contra incendios forestales (INFOMA).\n    <\/p>\n<p class=\"article-text\">\n        San Sebasti\u00e1n de los Reyes, municipio vecino de Tres Cantos, ha procedido al desalojo preventivo del polideportivo municipal Dehesa Boyal. Asimismo, ha pedido a la ciudadan\u00eda que no se acerque a las inmediaciones del incendio por el humo.\n    <\/p>\n<p>    <a href=\"https:\/\/www.eldiario.es\/madrid\/somos\/incendio-casa-campo-arrasa-zona-pasto-cerca-zoo-madrid_1_12481995.html\" data-mrf-recirculation=\"saber-mas-abajo\" data-dl-event=\"saber-mas-abajo\" rel=\"nofollow noopener\" target=\"_blank\"><\/p>\n<p class=\"know-more__title\">Un incendio en la Casa de Campo arrasa una zona de pasto cerca del Zoo de Madrid<\/p>\n<p>            <img decoding=\"async\" class=\"lazy\" loading=\"lazy\" data-src=\"https:\/\/static.eldiario.es\/clip\/ccde9e6e-94be-4a47-bf44-cec1a289d877_16-9-aspect-ratio_default_0.jpg\" src=\"data:image\/svg+xml,%3Csvg xmlns=\" http:=\"\" viewbox=\"0 0 880 495\" alt=\"Un incendio en la Casa de Campo arrasa una zona de pasto cerca del Zoo de Madrid\"\/><\/p>\n<p>                        <\/a><\/p>\n<p class=\"article-text\">\n        Adem\u00e1s, ha informado en sus redes sociales que tanto Polic\u00eda Local como Protecci\u00f3n Civil est\u00e1n activados en coordinaci\u00f3n con la Comunidad de Madrid para seguir la evoluci\u00f3n del incendio.\n    <\/p>\n","protected":false},"excerpt":{"rendered":"Un total de tres helic\u00f3pteros y 14 dotaciones de bomberos de la Comunidad de Madrid trabajan para extinguir&hellip;\n","protected":false},"author":2,"featured_media":41069,"comment_status":"","ping_status":"","sticky":false,"template":"","format":"standard","meta":{"footnotes":""},"categories":[8],"tags":[944,17,18,1359,25,24,13,14,11,48,19,20,205,9,10,15,16,23,12,603,21,22,19742,5002],"class_list":{"0":"post-41068","1":"post","2":"type-post","3":"status-publish","4":"format-standard","5":"has-post-thumbnail","7":"category-espana","8":"tag-acerca","9":"tag-breaking-news","10":"tag-breakingnews","11":"tag-cantos","12":"tag-es","13":"tag-espana","14":"tag-featured-news","15":"tag-featurednews","16":"tag-headlines","17":"tag-incendio","18":"tag-latest-news","19":"tag-latestnews","20":"tag-madrid","21":"tag-news","22":"tag-noticias","23":"tag-noticias-destacadas","24":"tag-noticiasdestacadas","25":"tag-spain","26":"tag-titulares","27":"tag-tres","28":"tag-ultimas-noticias","29":"tag-ultimasnoticias","30":"tag-vegetacion","31":"tag-viviendas"},"share_on_mastodon":{"url":"","error":""},"_links":{"self":[{"href":"https:\/\/www.europesays.com\/es\/wp-json\/wp\/v2\/posts\/41068","targetHints":{"allow":["GET"]}}],"collection":[{"href":"https:\/\/www.europesays.com\/es\/wp-json\/wp\/v2\/posts"}],"about":[{"href":"https:\/\/www.europesays.com\/es\/wp-json\/wp\/v2\/types\/post"}],"author":[{"embeddable":true,"href":"https:\/\/www.europesays.com\/es\/wp-json\/wp\/v2\/users\/2"}],"replies":[{"embeddable":true,"href":"https:\/\/www.europesays.com\/es\/wp-json\/wp\/v2\/comments?post=41068"}],"version-history":[{"count":0,"href":"https:\/\/www.europesays.com\/es\/wp-json\/wp\/v2\/posts\/41068\/revisions"}],"wp:featuredmedia":[{"embeddable":true,"href":"https:\/\/www.europesays.com\/es\/wp-json\/wp\/v2\/media\/41069"}],"wp:attachment":[{"href":"https:\/\/www.europesays.com\/es\/wp-json\/wp\/v2\/media?parent=41068"}],"wp:term":[{"taxonomy":"category","embeddable":true,"href":"https:\/\/www.europesays.com\/es\/wp-json\/wp\/v2\/categories?post=41068"},{"taxonomy":"post_tag","embeddable":true,"href":"https:\/\/www.europesays.com\/es\/wp-json\/wp\/v2\/tags?post=41068"}],"curies":[{"name":"wp","href":"https:\/\/api.w.org\/{rel}","templated":true}]}}