{"id":41070,"date":"2025-08-11T20:03:33","date_gmt":"2025-08-11T20:03:33","guid":{"rendered":"https:\/\/www.europesays.com\/es\/41070\/"},"modified":"2025-08-11T20:03:33","modified_gmt":"2025-08-11T20:03:33","slug":"detienen-a-una-mujer-por-espiar-a-policias-y-guardias-civiles-y-difundir-sus-datos-en-las-redes-para-que-los-lincharan","status":"publish","type":"post","link":"https:\/\/www.europesays.com\/es\/41070\/","title":{"rendered":"Detienen a una mujer por espiar a polic\u00edas y guardias civiles y difundir sus datos en las redes para que los lincharan"},"content":{"rendered":"<p class=\"paragraph\" id=\"paragraph_1\">Una mujer ha sido detenida en <strong>Madrid<\/strong> por amenazar a miembros de las <strong><a href=\"https:\/\/www.elespanol.com\/madrid\/sociedad\/20250703\/david-gutierrez-portavoz-policial-barajas-ministerio-suele-dar-excusas-malas-trt\/1003743831857_0.html?utm_cmp_rs=linksinline\" rel=\"nofollow noopener\" target=\"_blank\">Fuerzas y Cuerpos de Seguridad del Estado.<\/a><\/strong> De esta forma, publicaba de forma abierta sus datos y fotograf\u00edas para incitar a que fueran agredidos o se\u00f1alados.<\/p>\n<p class=\"paragraph\" id=\"paragraph_2\">Las pesquisas han acreditado que la arrestada <strong>realizaba grabaciones <a href=\"https:\/\/www.elespanol.com\/madrid\/sociedad\/20250603\/cae-banda-usaba-disfraces-policia-introducir-droga-traves-aeropuerto-barajas\/1003743786629_0.html?utm_cmp_rs=linksinline\" rel=\"nofollow noopener\" target=\"_blank\">a agentes policiales en la v\u00eda p\u00fablica<\/a> a trav\u00e9s de seguimientos y labores de vigilancia,<\/strong> seg\u00fan ha informado el cuerpo en un comunicado.<\/p>\n<p class=\"paragraph\" id=\"paragraph_3\">Con ese material elaboraba, posteriormente,\u00a0<strong>v\u00eddeos con <a href=\"https:\/\/www.elespanol.com\/madrid\/sociedad\/20250211\/pandilleros-detenidos-menores-amenazar-dejar-banda-grito-traidor\/923407871_0.html?utm_cmp_rs=linksinline\" rel=\"nofollow noopener\" target=\"_blank\">amenazas para incitar el hostigamiento contra ellos<\/a> en los que mostraba armas blancas prohibidas<\/strong> para intimidar a los efectivos policiales, de quienes mostraba su uniforme, cara o localizaci\u00f3n concreta.<\/p>\n<blockquote class=\"twitter-tweet\">\n<p dir=\"ltr\" lang=\"es\">\ud83d\udea9Detenida una persona que se\u00f1alaba y amenazaba a agentes de las <a href=\"https:\/\/twitter.com\/hashtag\/FFCCSE?src=hash&amp;ref_src=twsrc%5Etfw\" rel=\"nofollow noopener\" target=\"_blank\">#FFCCSE<\/a> a trav\u00e9s de <a href=\"https:\/\/twitter.com\/hashtag\/RRSS?src=hash&amp;ref_src=twsrc%5Etfw\" rel=\"nofollow noopener\" target=\"_blank\">#RRSS<\/a> \ud83d\udcf2<\/p>\n<p>\ud83d\udd39Utilizaba sus perfiles para publicar fotograf\u00edas e informaci\u00f3n, como domicilios de \ud83d\udc6e\ud83d\udc6e\u200d\u2640\ufe0fy mensajes amenazantes <\/p>\n<p>\ud83d\udd39En el registro de su domicilio se han intervenido <a href=\"https:\/\/twitter.com\/hashtag\/armas?src=hash&amp;ref_src=twsrc%5Etfw\" rel=\"nofollow noopener\" target=\"_blank\">#armas<\/a> prohibidas\u2026 <a href=\"https:\/\/t.co\/u26ggODN1S\" rel=\"nofollow\">pic.twitter.com\/u26ggODN1S<\/a><\/p>\n<p>\u2014 Polic\u00eda Nacional (@policia) <a href=\"https:\/\/twitter.com\/policia\/status\/1954829746077929852?ref_src=twsrc%5Etfw\" rel=\"nofollow noopener\" target=\"_blank\">August 11, 2025<\/a><\/p><\/blockquote>\n<p><img loading=\"lazy\" decoding=\"async\" alt=\"El trinitario detenido.\" height=\"180\" src=\"https:\/\/www.europesays.com\/es\/wp-content\/uploads\/2025\/08\/1003743857798_257467096_320x180.jpg\" width=\"320\" data-lazy-status=\"processed\" data-lazy-info=\"remove loading item 1\"\/><\/p>\n<p class=\"paragraph\" id=\"paragraph_4\">En sus cuentas, adem\u00e1s, hac\u00eda uso de <strong>simbolog\u00eda como el acr\u00f3nimo ACAB (All Cops Are Bastards)<\/strong> y difund\u00eda v\u00eddeos en los que glorificaba la tenencia il\u00edcita de armas, el tr\u00e1fico de drogas y la falsificaci\u00f3n documental. As\u00ed las cosas, los agentes de la<strong> Polic\u00eda Nacional<\/strong> han procedido a su detenci\u00f3n.<\/p>\n<p class=\"paragraph\" id=\"paragraph_5\">Adem\u00e1s, tras ser identificada, localizada y arrestada, los efectivos policiales procedieron al <strong>registro de su domicilio.<\/strong><\/p>\n<p><img decoding=\"async\" alt=\"La oficina de Correos que un ladr\u00f3n atrac\u00f3 dos d\u00edas seguidos.\" height=\"180\" loading=\"lazy\" width=\"320\" data-lazy-status=\"processed\" id=\"7d2e13b979\" src=\"https:\/\/www.elespanol.com\/madrid\/sociedad\/20250811\/detienen-mujer-espiar-policias-guardias-civiles-difundir-datos-redes-lincharan\/[\" https:=\"\" data-lazy-info=\"changed src\"\/><\/p>\n<p class=\"paragraph\" id=\"paragraph_6\">En este se intervino <strong>documentaci\u00f3n relacionada con las amenazas y datos personales de terceros,<\/strong> una <strong>pistola el\u00e9ctrica, un spray de pimienta, una navaja autom\u00e1tica<\/strong>, una navaja normal, un malet\u00edn con siete cuchillos de diferentes tama\u00f1os con afilador, un arma punzante de doble filo, <strong>una carabina de perdigones con mira telesc\u00f3pica, dos pistolas de aire comprimido<\/strong> y un pasamonta\u00f1as negro.<\/p>\n<p class=\"paragraph\" id=\"paragraph_7\">Los investigadores tratan de determinar si parte de esos datos de agentes fueron obtenidos mediante accesos irregulares a sistemas protegidos. La operaci\u00f3n contin\u00faa abierta con el objetivo de esclarecer la posible implicaci\u00f3n de otras personas y desarticular de forma completa la red de perfiles implicados en la red de hostigamiento.<\/p>\n<p>                                    <script async src=\"https:\/\/platform.twitter.com\/widgets.js\" charset=\"utf-8\"><\/script><\/p>\n","protected":false},"excerpt":{"rendered":"Una mujer ha sido detenida en Madrid por amenazar a miembros de las Fuerzas y Cuerpos de Seguridad&hellip;\n","protected":false},"author":2,"featured_media":41071,"comment_status":"","ping_status":"","sticky":false,"template":"","format":"standard","meta":{"footnotes":""},"categories":[5],"tags":[17,18,25,24,13,14,11,19,20,9,10,15,16,11739,492,23,12,21,22],"class_list":{"0":"post-41070","1":"post","2":"type-post","3":"status-publish","4":"format-standard","5":"has-post-thumbnail","7":"category-titulares","8":"tag-breaking-news","9":"tag-breakingnews","10":"tag-es","11":"tag-espana","12":"tag-featured-news","13":"tag-featurednews","14":"tag-headlines","15":"tag-latest-news","16":"tag-latestnews","17":"tag-news","18":"tag-noticias","19":"tag-noticias-destacadas","20":"tag-noticiasdestacadas","21":"tag-policia-nacional","22":"tag-sociedad","23":"tag-spain","24":"tag-titulares","25":"tag-ultimas-noticias","26":"tag-ultimasnoticias"},"share_on_mastodon":{"url":"","error":""},"_links":{"self":[{"href":"https:\/\/www.europesays.com\/es\/wp-json\/wp\/v2\/posts\/41070","targetHints":{"allow":["GET"]}}],"collection":[{"href":"https:\/\/www.europesays.com\/es\/wp-json\/wp\/v2\/posts"}],"about":[{"href":"https:\/\/www.europesays.com\/es\/wp-json\/wp\/v2\/types\/post"}],"author":[{"embeddable":true,"href":"https:\/\/www.europesays.com\/es\/wp-json\/wp\/v2\/users\/2"}],"replies":[{"embeddable":true,"href":"https:\/\/www.europesays.com\/es\/wp-json\/wp\/v2\/comments?post=41070"}],"version-history":[{"count":0,"href":"https:\/\/www.europesays.com\/es\/wp-json\/wp\/v2\/posts\/41070\/revisions"}],"wp:featuredmedia":[{"embeddable":true,"href":"https:\/\/www.europesays.com\/es\/wp-json\/wp\/v2\/media\/41071"}],"wp:attachment":[{"href":"https:\/\/www.europesays.com\/es\/wp-json\/wp\/v2\/media?parent=41070"}],"wp:term":[{"taxonomy":"category","embeddable":true,"href":"https:\/\/www.europesays.com\/es\/wp-json\/wp\/v2\/categories?post=41070"},{"taxonomy":"post_tag","embeddable":true,"href":"https:\/\/www.europesays.com\/es\/wp-json\/wp\/v2\/tags?post=41070"}],"curies":[{"name":"wp","href":"https:\/\/api.w.org\/{rel}","templated":true}]}}