{"id":41080,"date":"2025-08-11T20:10:06","date_gmt":"2025-08-11T20:10:06","guid":{"rendered":"https:\/\/www.europesays.com\/es\/41080\/"},"modified":"2025-08-11T20:10:06","modified_gmt":"2025-08-11T20:10:06","slug":"f1-cuando-y-donde-vuelve-a-correr-franco-colapinto","status":"publish","type":"post","link":"https:\/\/www.europesays.com\/es\/41080\/","title":{"rendered":"F1: \u00bfCu\u00e1ndo y d\u00f3nde vuelve a correr Franco Colapinto?"},"content":{"rendered":"<p>Una nueva fecha de la F\u00f3rmula 1 lleg\u00f3 a su fin el pasado 3 de agosto en el Gran Premio de Hungr\u00eda, escenario en el que<strong> Lando Norris abroch\u00f3 su quinta victoria de la temporada para prenderse a la pelea por el campeonato de pilotos junto a su compa\u00f1ero Oscar Piastri<\/strong>: son 284 puntos para el australiano, mientras que el brit\u00e1nico acumula 275.<\/p>\n<p>&#13;<br \/>\n&#13;<\/p>\n<p><strong>Leer adem\u00e1s:\u00a0<\/strong><strong><a href=\"https:\/\/www.carburando.com\/notas\/f1-el-divertido-ida-y-vuelta-entre-colapinto-y-gasly-sobre-sus-vacaciones-en-el-receso-de-verano\" title=\"F1: el divertido ida y vuelta entre Colapinto y Gasly sobre sus vacaciones en el receso de verano\" rel=\"nofollow noopener\" target=\"_blank\">F1: el divertido ida y vuelta entre Colapinto y Gasly sobre sus vacaciones en el receso de verano<\/a><\/strong><\/p>\n<p>&#13;<br \/>\n&#13;<\/p>\n<p>Por otro lado, quien no cont\u00f3 con buena fortuna durante su paso por el circuito h\u00fangaro fue <strong>Franco Colapinto<\/strong>. Si bien el piloto argentino hab\u00eda logrado en la clasificaci\u00f3n del s\u00e1bado uno de sus mejores resultados (14) desde que se sum\u00f3 a Alpine, <strong>su carrera se vio afectada por una largada compleja y luego por la tardanza\u00a0de sus mec\u00e1nicos en las dos paradas en boxes<\/strong>, las cuales <strong>demoraron aproximadamente 20 segundos el andar del pilarense<\/strong>, que vio la bandera a cuadros en el puesto 18\u00b0.<\/p>\n<p>&#13;<br \/>\n&#13;<\/p>\n<p><strong><img decoding=\"async\" src=\"https:\/\/www.europesays.com\/es\/wp-content\/uploads\/2025\/08\/AD_4nXdzfAMe5B9XJ1MXKYDQSm3HViQ1qrw5tfa1_QsJqGYLvmB_dKU0B2omuIMaN5nQ6Eji2YB6ZURus46Ge528HFmC5qrnFdEd.png\" style=\"height:565px; width:800px\"\/><\/strong><\/p>\n<p>&#13;<br \/>\n&#13;<\/p>\n<p>Sumado a eso, <strong>Colapinto permaneci\u00f3 unos d\u00edas m\u00e1s en Hungaroring en el marco de los ensayos que desarrollan los neum\u00e1ticos Pirelli para 2026<\/strong> y, desafortunadamente, protagoniz\u00f3 un fuerte accidente al comando del A525 tras perder el control en la variante 11.<\/p>\n<p>&#13;<br \/>\n&#13;<br \/>\n<strong>\u00bfQu\u00e9 dijo Colapinto luego del GP de Hungr\u00eda?<\/strong>&#13;<br \/>\n&#13;<\/p>\n<p>\u00abNo fue el mejor d\u00eda de hoy y fue una carrera dif\u00edcil para nosotros como equipo.<strong> El ritmo fue bueno por momentos con aire limpio y tuve la misma sensaci\u00f3n que ayer. Creo que dimos un buen paso adelante con el auto, lo que me ha dado confianza<\/strong>. Pero con las banderas azules y la p\u00e9rdida de tiempo en boxes, limitamos mucho lo que pod\u00edamos lograr hoy\u201d, inici\u00f3.<\/p>\n<p>&#13;<br \/>\n&#13;<\/p>\n<p>Y luego, remat\u00f3: \u201cTen\u00eda problemas con el agarre trasero y derrapaba, lo cual nos afect\u00f3 m\u00e1s adelante en la carrera. <strong>Optamos por una parada a dos y, por desgracia, tuvimos problemas en ambas, lo que nos impidi\u00f3 avanzar m\u00e1s de lo previsto<\/strong>. Como equipo, \u00faltimamente tuvimos muy buenos tiempos en boxes, pero estas cosas pasan en las carreras\u201d<\/p>\n<p>&#13;<br \/>\n&#13;<\/p>\n<p><strong><img decoding=\"async\" src=\"https:\/\/www.europesays.com\/es\/wp-content\/uploads\/2025\/08\/AD_4nXdxlN3JW_2bbtzlmIdgnvlCbqWYX8Op36M9hjkb61TJ0TFIB9yzYd_ZzdHHFZfd52axEt29wIIVlJqFdy_IqzC0pNCzaZvT.jpeg\" style=\"height:533px; width:800px\"\/><\/strong><\/p>\n<p>&#13;<br \/>\n&#13;<br \/>\n<strong>\u00bfCu\u00e1ndo y d\u00f3nde vuelve a correr Colapinto en la F1?\u00a0<\/strong>&#13;<br \/>\n&#13;<\/p>\n<p>La m\u00e1xima categor\u00eda del automovilismo mundial est\u00e1 atravesando un parate al que ahora le quedan tres semanas, por lo que <strong>la acci\u00f3n se reanudar\u00e1 el pr\u00f3ximo 29 de agosto para dar inicio al Gran Premio de Pa\u00edses Bajos<\/strong>, que desarrollar\u00e1 su \u00faltima edici\u00f3n antes de ser eliminado del calendario.<\/p>\n","protected":false},"excerpt":{"rendered":"Una nueva fecha de la F\u00f3rmula 1 lleg\u00f3 a su fin el pasado 3 de agosto en el&hellip;\n","protected":false},"author":2,"featured_media":41081,"comment_status":"","ping_status":"","sticky":false,"template":"","format":"standard","meta":{"footnotes":""},"categories":[270],"tags":[168,25,24,4636,306,271,272,23,167],"class_list":{"0":"post-41080","1":"post","2":"type-post","3":"status-publish","4":"format-standard","5":"has-post-thumbnail","7":"category-formula-1","8":"tag-deportes","9":"tag-es","10":"tag-espana","11":"tag-frmula-1","12":"tag-f1","13":"tag-formula-1","14":"tag-formula1","15":"tag-spain","16":"tag-sports"},"share_on_mastodon":{"url":"","error":""},"_links":{"self":[{"href":"https:\/\/www.europesays.com\/es\/wp-json\/wp\/v2\/posts\/41080","targetHints":{"allow":["GET"]}}],"collection":[{"href":"https:\/\/www.europesays.com\/es\/wp-json\/wp\/v2\/posts"}],"about":[{"href":"https:\/\/www.europesays.com\/es\/wp-json\/wp\/v2\/types\/post"}],"author":[{"embeddable":true,"href":"https:\/\/www.europesays.com\/es\/wp-json\/wp\/v2\/users\/2"}],"replies":[{"embeddable":true,"href":"https:\/\/www.europesays.com\/es\/wp-json\/wp\/v2\/comments?post=41080"}],"version-history":[{"count":0,"href":"https:\/\/www.europesays.com\/es\/wp-json\/wp\/v2\/posts\/41080\/revisions"}],"wp:featuredmedia":[{"embeddable":true,"href":"https:\/\/www.europesays.com\/es\/wp-json\/wp\/v2\/media\/41081"}],"wp:attachment":[{"href":"https:\/\/www.europesays.com\/es\/wp-json\/wp\/v2\/media?parent=41080"}],"wp:term":[{"taxonomy":"category","embeddable":true,"href":"https:\/\/www.europesays.com\/es\/wp-json\/wp\/v2\/categories?post=41080"},{"taxonomy":"post_tag","embeddable":true,"href":"https:\/\/www.europesays.com\/es\/wp-json\/wp\/v2\/tags?post=41080"}],"curies":[{"name":"wp","href":"https:\/\/api.w.org\/{rel}","templated":true}]}}