{"id":41086,"date":"2025-08-11T20:13:10","date_gmt":"2025-08-11T20:13:10","guid":{"rendered":"https:\/\/www.europesays.com\/es\/41086\/"},"modified":"2025-08-11T20:13:10","modified_gmt":"2025-08-11T20:13:10","slug":"carmen-lomana-impresionante-en-marbella-con-el-vestido-de-vicky-martin-berrocal-rebajado-mas-elegante-y-glamouroso","status":"publish","type":"post","link":"https:\/\/www.europesays.com\/es\/41086\/","title":{"rendered":"Carmen Lomana, impresionante en Marbella con el vestido de Vicky Mart\u00edn Berrocal (rebajado) m\u00e1s elegante y glamouroso"},"content":{"rendered":"<p data-journey-content=\"true\" data-node-id=\"1\" class=\"css-i9p093 emevuu60\">La 16\u00aa edici\u00f3n de la <strong data-node-id=\"1.1\">gala ben\u00e9fica Starlite<\/strong> reuni\u00f3 este domingo Marbella a algunas de las figuras m\u00e1s influyentes del mundo de la moda o la cultura nacional. Entre la lista de invitados a esta cita marcada en rojo en el calendario estival, este 2025 bajo la tem\u00e1tica Masquerade Night, destacaban nombres como <a href=\"https:\/\/www.harpersbazaar.com\/es\/famosas\/el-estilo-de\/a64927177\/victoria-federica-chaleco-firma-espanola-look-estilo\/\" target=\"_blank\" data-vars-ga-outbound-link=\"https:\/\/www.harpersbazaar.com\/es\/famosas\/el-estilo-de\/a64927177\/victoria-federica-chaleco-firma-espanola-look-estilo\/\" data-vars-ga-ux-element=\"Hyperlink\" data-vars-ga-call-to-action=\"Victoria Federica,\" data-node-id=\"1.5\" class=\"body-link css-156jt4g emevuu60\" rel=\"nofollow noopener\">Victoria Federica,<\/a> Paula Echevarr\u00eda, Cayetana Guill\u00e9n Cuervo, Nicole Kimpel, que acud\u00eda en representaci\u00f3n de su pareja, Antonio Banderas, o <strong data-node-id=\"1.7\">Carmen Lomana<\/strong>, que volvi\u00f3 a dar una lecci\u00f3n de estilo con un <strong data-node-id=\"1.9\">impecable vestido de gala bajo el sello de <a href=\"https:\/\/www.harpersbazaar.com\/es\/novias-bodas\/moda-vestidos-complementos\/a64903207\/vicky-martin-berrocal-historia-victoria-coleccion-vestidos-novia-invitada-moda\/\" target=\"_blank\" data-vars-ga-outbound-link=\"https:\/\/www.harpersbazaar.com\/es\/novias-bodas\/moda-vestidos-complementos\/a64903207\/vicky-martin-berrocal-historia-victoria-coleccion-vestidos-novia-invitada-moda\/\" data-vars-ga-ux-element=\"Hyperlink\" data-vars-ga-call-to-action=\"Vicky Mart\u00edn Berrocal.\" data-node-id=\"1.9.1\" class=\"body-link css-156jt4g emevuu60\" rel=\"nofollow noopener\">Vicky Mart\u00edn Berrocal.<\/a><\/strong><\/p>\n<p data-journey-content=\"true\" data-node-id=\"2\" class=\"css-i9p093 emevuu60\">La socialit\u00e9 espa\u00f1ola, considerada una de las mujeres m\u00e1s influyentes de la pen\u00ednsula, deslumbr\u00f3 ante los all\u00ed presentes con un dise\u00f1o de <strong data-node-id=\"2.1\">Victoria Colecci\u00f3n,<\/strong> la firma de moda fundada por<a href=\"https:\/\/www.harpersbazaar.com\/es\/famosas\/el-estilo-de\/a65395059\/vicky-martin-berrocal-look-pijama-rayas-30-50-anos\/\" target=\"_blank\" data-vars-ga-outbound-link=\"https:\/\/www.harpersbazaar.com\/es\/famosas\/el-estilo-de\/a65395059\/vicky-martin-berrocal-look-pijama-rayas-30-50-anos\/\" data-vars-ga-ux-element=\"Hyperlink\" data-vars-ga-call-to-action=\" la dise\u00f1adora andaluza\" data-node-id=\"2.3\" class=\"body-link css-156jt4g emevuu60\" rel=\"nofollow noopener\"> la dise\u00f1adora andaluza<\/a> y convertida desde hace varias temporadas e una de las m\u00e1s demandadas por las expertas en moda. <\/p>\n<p>Victoria Coleccion FIJI MALVA<\/p>\n<p><a target=\"_blank\" rel=\"nofollow noopener\" data-theme-key=\"product-image-wrapper\" href=\"https:\/\/victoriacoleccion.com\/products\/vestido-largo-invitada-boda-victoria-fiji-malva?_pos=1&amp;_psq=fij&amp;_ss=e&amp;_v=1.0\" aria-label=\"197\u00a0\u20ac en victoriacoleccion.com for FIJI MALVA\" data-href=\"https:\/\/victoriacoleccion.com\/products\/vestido-largo-invitada-boda-victoria-fiji-malva?_pos=1&amp;_psq=fij&amp;_ss=e&amp;_v=1.0\" data-product-url=\"https:\/\/victoriacoleccion.com\/products\/vestido-largo-invitada-boda-victoria-fiji-malva?_pos=1&amp;_psq=fij&amp;_ss=e&amp;_v=1.0\" data-affiliate=\"false\" data-affiliate-network=\"\" data-vars-ga-call-to-action=\"197\u00a0\u20ac en victoriacoleccion.com\" data-vars-ga-media-role=\"\" data-vars-ga-media-type=\"Single Product Embed\" data-vars-ga-outbound-link=\"https:\/\/victoriacoleccion.com\/products\/vestido-largo-invitada-boda-victoria-fiji-malva?_pos=1&amp;_psq=fij&amp;_ss=e&amp;_v=1.0\" data-vars-ga-product-brand=\"Victoria Coleccion\" data-vars-ga-product-id=\"20912c7d-6389-4146-8f16-c1030d62f063\" data-vars-ga-product-price=\"197,50\u00a0\u20ac\" data-vars-ga-product-retailer-id=\"4a213568-a27c-49e9-b852-ec7d43d73346\" data-vars-ga-product-sem3-brand=\"Victoria Coleccion\" data-vars-ga-link-treatment=\"sale | (not set)\" class=\"product-image-link ebgq4gw2 e1b8bpvs0 css-g6od0w e1c1bym14\" data-><img  alt=\"FIJI MALVA\" title=\"FIJI MALVA\" src=\"https:\/\/www.europesays.com\/es\/wp-content\/uploads\/2025\/08\/1754923836-47-5c0e75a5-1584-48d8-9d3e-f97745128a27-689a03219292f.jpg\" width=\"2500\" height=\"3600\" decoding=\"async\" loading=\"lazy\"\/><\/a> <\/p>\n<p data-journey-content=\"true\" data-node-id=\"6\" class=\"css-i9p093 emevuu60\">Siguiendo el estilo sofisticado y glamouroso que le caracteriza, <a href=\"https:\/\/www.harpersbazaar.com\/es\/famosas\/el-estilo-de\/a65634470\/carmen-lomana-banador-floral-corte-imperio-favorece-cualquier-edad\/\" target=\"_blank\" data-vars-ga-outbound-link=\"https:\/\/www.harpersbazaar.com\/es\/famosas\/el-estilo-de\/a65634470\/carmen-lomana-banador-floral-corte-imperio-favorece-cualquier-edad\/\" data-vars-ga-ux-element=\"Hyperlink\" data-vars-ga-call-to-action=\"Carmen Lomana\" data-node-id=\"6.1\" class=\"body-link css-156jt4g emevuu60\" rel=\"nofollow noopener\">Carmen Lomana<\/a> eligi\u00f3 un vestido largo confeccionado en georgette velado en gasa con <strong data-node-id=\"6.3\">cuerpo asim\u00e9trico y drapeado<\/strong> lateral que concluye con falda recta con abertura delantera. Destaca el detalle superpuesto de gasa que emula una capa y permite diferentes posiciones, en el caso de la colabora de radio y televisi\u00f3n, ha optado por llevarlo suelto siguiendo el patr\u00f3n del vestido.<\/p>\n<p data-journey-content=\"true\" data-node-id=\"8\" class=\"css-i9p093 emevuu60\">Se trata del modelo Fiji Malva, una pieza de la colecci\u00f3n oto\u00f1o\/invierno 2026 de Victoria Colecci\u00f3n. Una look que combina elegancia, car\u00e1cter y estilo sin esfuerzo que adem\u00e1s actualmente est\u00e1 <strong data-node-id=\"8.3\">rebajado<\/strong> y disponible por 197,50 euros. Una pieza<a href=\"https:\/\/www.harpersbazaar.com\/es\/famosas\/el-estilo-de\/a65591563\/carmen-lomana-vestido-flores-palabra-honor-look-verano-mujeres-70-anos\/\" target=\"_blank\" data-vars-ga-outbound-link=\"https:\/\/www.harpersbazaar.com\/es\/famosas\/el-estilo-de\/a65591563\/carmen-lomana-vestido-flores-palabra-honor-look-verano-mujeres-70-anos\/\" data-vars-ga-ux-element=\"Hyperlink\" data-vars-ga-call-to-action=\" ideal para invitadas\" data-node-id=\"8.5\" class=\"body-link css-156jt4g emevuu60\" rel=\"nofollow noopener\"> ideal para invitadas<\/a> que buscan un dise\u00f1o con el que marcar la diferencia o madrinas cuya boda tiene lugar en los d\u00edas de verano. <\/p>\n<p data-journey-content=\"true\" data-node-id=\"9\" class=\"css-i9p093 emevuu60\">En esta ocasi\u00f3n, Carmen Lomana ha optado por sumar <strong data-node-id=\"9.1\">sandalias de tac\u00f3n metalizadas<\/strong> con detalles de perlas, adem\u00e1s de un gran anillo y sus inconfundibles pendientes de <a href=\"https:\/\/www.harpersbazaar.com\/es\/moda\/tendencias\/a64823860\/perlas-tendencias-joyeria-accesorio-verano-2025-pasarelas-comprar\/\" target=\"_blank\" data-vars-ga-outbound-link=\"https:\/\/www.harpersbazaar.com\/es\/moda\/tendencias\/a64823860\/perlas-tendencias-joyeria-accesorio-verano-2025-pasarelas-comprar\/\" data-vars-ga-ux-element=\"Hyperlink\" data-vars-ga-call-to-action=\"perlas\" data-node-id=\"9.3\" class=\"body-link css-156jt4g emevuu60\" rel=\"nofollow noopener\">perlas<\/a>, una de sus grande se\u00f1as de identidad. En cuanto a cabello, la socialit\u00e9 ha dejado suelta la ic\u00f3nica melena rubia que le acompa\u00f1a a diario.<\/p>\n<p>Contenidos relacionados<\/p>\n","protected":false},"excerpt":{"rendered":"La 16\u00aa edici\u00f3n de la gala ben\u00e9fica Starlite reuni\u00f3 este domingo Marbella a algunas de las figuras m\u00e1s&hellip;\n","protected":false},"author":2,"featured_media":41087,"comment_status":"","ping_status":"","sticky":false,"template":"","format":"standard","meta":{"footnotes":""},"categories":[174],"tags":[255,253,146,147,25,24,256,23],"class_list":{"0":"post-41086","1":"post","2":"type-post","3":"status-publish","4":"format-standard","5":"has-post-thumbnail","7":"category-famosos","8":"tag-celebrities","9":"tag-discover","10":"tag-entertainment","11":"tag-entretenimiento","12":"tag-es","13":"tag-espana","14":"tag-famosos","15":"tag-spain"},"share_on_mastodon":{"url":"","error":""},"_links":{"self":[{"href":"https:\/\/www.europesays.com\/es\/wp-json\/wp\/v2\/posts\/41086","targetHints":{"allow":["GET"]}}],"collection":[{"href":"https:\/\/www.europesays.com\/es\/wp-json\/wp\/v2\/posts"}],"about":[{"href":"https:\/\/www.europesays.com\/es\/wp-json\/wp\/v2\/types\/post"}],"author":[{"embeddable":true,"href":"https:\/\/www.europesays.com\/es\/wp-json\/wp\/v2\/users\/2"}],"replies":[{"embeddable":true,"href":"https:\/\/www.europesays.com\/es\/wp-json\/wp\/v2\/comments?post=41086"}],"version-history":[{"count":0,"href":"https:\/\/www.europesays.com\/es\/wp-json\/wp\/v2\/posts\/41086\/revisions"}],"wp:featuredmedia":[{"embeddable":true,"href":"https:\/\/www.europesays.com\/es\/wp-json\/wp\/v2\/media\/41087"}],"wp:attachment":[{"href":"https:\/\/www.europesays.com\/es\/wp-json\/wp\/v2\/media?parent=41086"}],"wp:term":[{"taxonomy":"category","embeddable":true,"href":"https:\/\/www.europesays.com\/es\/wp-json\/wp\/v2\/categories?post=41086"},{"taxonomy":"post_tag","embeddable":true,"href":"https:\/\/www.europesays.com\/es\/wp-json\/wp\/v2\/tags?post=41086"}],"curies":[{"name":"wp","href":"https:\/\/api.w.org\/{rel}","templated":true}]}}