{"id":41088,"date":"2025-08-11T20:15:17","date_gmt":"2025-08-11T20:15:17","guid":{"rendered":"https:\/\/www.europesays.com\/es\/41088\/"},"modified":"2025-08-11T20:15:17","modified_gmt":"2025-08-11T20:15:17","slug":"arnaldur-indridason-libros-vuelve-arnaldur-indridason-con-la-oscuridad-lo-sabe-la-nueva-novela-que-abre-serie-con-el-detective-konrad","status":"publish","type":"post","link":"https:\/\/www.europesays.com\/es\/41088\/","title":{"rendered":"ARNALDUR INDRIDASON LIBROS| Vuelve Arnaldur Indridason con \u2018La oscuridad lo sabe\u2019, la nueva novela que abre serie con el detective Konrad"},"content":{"rendered":"<p class=\"ft-text ft-helper-closenews\">El novelista island\u00e9s<a class=\"ft-link ft-link--decoration\" href=\"https:\/\/www.elperiodico.com\/es\/ocio-y-cultura\/20250219\/arnaldur-indridason-tiempo-peor-villano-114410961\" target=\"_blank\" rel=\"nofollow noopener\"> Arnaldur Indridason<\/a> vuelve a nuestras librer\u00edas con una nueva novela negra que es todo un acontecimiento: \u2018<strong>La oscuridad lo sabe\u2019,<\/strong> primera entrega de la serie del detective Konrad.<\/p>\n<p class=\"ft-text\">El libro, que publicar\u00e1 RBA igual que toda la obra del rey de la novela del fr\u00edo, tiene previsto el l<strong>anzamiento en espa\u00f1ol el 1 de octubre de 2025, y <\/strong>cuenta la historia de un caso que no pudo resolver el detective cuarenta a\u00f1os atr\u00e1s y que ahora ya retirado, decide volver a investigar: se trata de la desaparici\u00f3n de un empresario cuyo cad\u00e1ver reaparece 30 a\u00f1os despu\u00e9s en las g\u00e9lidas profundidades del glaciar Langj\u00f6kull.\u00a0<\/p>\n<p><img decoding=\"async\" src=\"https:\/\/www.europesays.com\/es\/wp-content\/uploads\/2025\/08\/ecb9fde6-3d8f-4609-8cf2-90372c8630d3_alta-libre-aspect-ratio_default_0.jpg\" width=\"1200\" height=\"900\" alt=\"'La oscuridad lo sabe', nueva novela de Arnaldur Indridason en RBA\" class=\"ft-helper-img-rd\" loading=\"lazy\" hasdataaida=\"true\"\/><\/p>\n<p class=\"ft-helper-fontColor-quaternary ft-helper-fontSize-body-S ft-helper-spacer-t-xxs\">&#8216;La oscuridad lo sabe&#8217;, nueva novela de Arnaldur Indridason en RBA  \/ EPC<\/p>\n<p class=\"ft-text\">Indridason recurre de nuevo en esta novela a su exitosa f\u00f3rmula de construir una historia en dos momentos temporales muy distanciados, lo que le permite bucear en la historia de Islandia.<\/p>\n<p>El personaje de Konrad<\/p>\n<p class=\"ft-text\">Konrad no es un personaje nuevo para los aficionados a la obra de Indridason: en la m\u00e1s laureada de sus novelas, &#8216;<a class=\"ft-link ft-link--decoration\" href=\"https:\/\/www.elperiodico.com\/es\/ocio-y-cultura\/20130912\/indridason-gana-premio-rba-novela-negra-2650592\" target=\"_blank\" rel=\"nofollow noopener\">Pasaje de las Sombras&#8217;,<\/a> que se erigi\u00f3 con el <strong>premio RBA de Novela Negra en 2013<\/strong>, es el detective retirado que pide colaborar en la investigaci\u00f3n del asesinato de un anciano que est\u00e1 relacionado con otro crimen del pasado que sucedi\u00f3 cuando \u00e9l era ni\u00f1o y caus\u00f3 mucha conmoci\u00f3n, de una joven envuelta en una relaci\u00f3n prohibida con un soldado durante la ocupaci\u00f3n estadounidense durante la segunda guerra mundial.<\/p>\n<p><img decoding=\"async\" src=\"https:\/\/www.europesays.com\/es\/wp-content\/uploads\/2025\/08\/7b9a75c4-ff1f-4c7a-b38d-fb77ab0ffc81_alta-libre-aspect-ratio_default_0.jpg\" width=\"1200\" height=\"800\" alt=\"Arnaldur Indridason durante la charla en el Barcelona Negra de 2025\" class=\"ft-helper-img-rd\" loading=\"lazy\" hasdataaida=\"true\"\/><\/p>\n<p class=\"ft-helper-fontColor-quaternary ft-helper-fontSize-body-S ft-helper-spacer-t-xxs\">Arnaldur Indridason durante la charla en el Barcelona Negra de 2025  \/ Barcelona Literatura<\/p>\n<p class=\"ft-text\">El mismo Indridason cont\u00f3 en la edici\u00f3n de este a\u00f1o del<a class=\"ft-link ft-link--decoration\" href=\"https:\/\/www.elperiodico.com\/es\/ocio-y-cultura\/20250216\/tres-victorias-arnaldur-indridason-rey-novela-negra-islandia-nordica-114366862\" target=\"_blank\" rel=\"nofollow noopener\"> Festival BCNegra de Barcelona <\/a>a g\u00e9nesis del personaje. \u201cQuer\u00eda crear un personaje totalmente diferente:<strong> Konrad naci\u00f3 en Reykjavik, viene de la ciudad, no ha sido parte del viejo orden social del campo de Islandia al que pertenece Erlendur<\/strong>\u201d, explicaba.<\/p>\n<p class=\"ft-text\">Adem\u00e1s, \u201cKonrad no necesariamente es un buen polic\u00eda, un polic\u00eda honrado como Erlendur; tuvo una infancia muy dif\u00edcil, criado por un padre abusador, un criminal\u201d, apunta Indridason, y esa educaci\u00f3n le persigue toda su vida, de manera<a class=\"ft-link ft-link--decoration\" href=\"https:\/\/www.elperiodico.com\/es\/ocio-y-cultura\/20250218\/libros-arlandur-indridason-novela-negra-orden-nordica-islandia-114408996\" target=\"_blank\" rel=\"nofollow noopener\"> que si Erlendur carga con el trauma de la desaparici\u00f3n de su hermano peque\u00f1o en una ventisca<\/a>, Konrad lo hace con la herencia envenenada de su infancia.<\/p>\n<p><img decoding=\"async\" src=\"https:\/\/www.europesays.com\/es\/wp-content\/uploads\/2025\/08\/38f4d49a-2498-4a99-8307-69956d8f545f_alta-libre-aspect-ratio_default_0.jpg\" width=\"1200\" height=\"771\" alt=\"La trilog\u00eda del silencio y 'El rey el relojero', de Arnaldur   Indri\u00f0ason\" class=\"ft-helper-img-rd\" loading=\"lazy\" hasdataaida=\"true\"\/><\/p>\n<p class=\"ft-helper-fontColor-quaternary ft-helper-fontSize-body-S ft-helper-spacer-t-xxs\">La trilog\u00eda del silencio y &#8216;El rey el relojero&#8217;, de Arnaldur Indri\u00f0ason  \/ EPC<\/p>\n<p>Reconocimientos internacionales<\/p>\n<p class=\"ft-text\">Indridason ha liderado ventas y reconocimientos internacionales, de la cr\u00edtica y los premios de g\u00e9nero m\u00e1s distinguidos, y tiene otras novelas negras m\u00e1s all\u00e1 de la m\u00edtica saga del inspector Sveinsson, como &#8216;<strong>Betty&#8217;, <\/strong>o la reciente superventas \u2018<a class=\"ft-link ft-link--decoration\" href=\"https:\/\/www.elperiodico.com\/es\/ocio-y-cultura\/20250207\/novelas-negras-recomendaciones-bcnegra-2025-114005617\" target=\"_blank\" rel=\"nofollow noopener\">El rey y el relojero\u2019,<\/a> una novela hist\u00f3rica sobre la relaci\u00f3n de un joven aprendiz island\u00e9s en el siglo XVIII que se ve envuelto en las intrigas palaciegas de Dinamarca tras conocer al rey m\u00e1s cuestionado, una trama que le permite rememorar las leyes de la \u00e9poca y personajes reales de la \u00e9poca.<\/p>\n<p data-close=\"closedContent\" class=\"subscribeHideForDisplay\">Suscr\u00edbete para seguir leyendo<\/p>\n","protected":false},"excerpt":{"rendered":"El novelista island\u00e9s Arnaldur Indridason vuelve a nuestras librer\u00edas con una nueva novela negra que es todo un&hellip;\n","protected":false},"author":2,"featured_media":41089,"comment_status":"","ping_status":"","sticky":false,"template":"","format":"standard","meta":{"footnotes":""},"categories":[172],"tags":[19743,224,146,147,25,24,448,19744,1612,225,795,19745,19746,23,739],"class_list":{"0":"post-41088","1":"post","2":"type-post","3":"status-publish","4":"format-standard","5":"has-post-thumbnail","7":"category-libros","8":"tag-arnaldur","9":"tag-books","10":"tag-entertainment","11":"tag-entretenimiento","12":"tag-es","13":"tag-espana","14":"tag-historia","15":"tag-indridason","16":"tag-islandia","17":"tag-libros","18":"tag-nueva","19":"tag-oscuridad","20":"tag-rba","21":"tag-spain","22":"tag-vuelve"},"share_on_mastodon":{"url":"","error":""},"_links":{"self":[{"href":"https:\/\/www.europesays.com\/es\/wp-json\/wp\/v2\/posts\/41088","targetHints":{"allow":["GET"]}}],"collection":[{"href":"https:\/\/www.europesays.com\/es\/wp-json\/wp\/v2\/posts"}],"about":[{"href":"https:\/\/www.europesays.com\/es\/wp-json\/wp\/v2\/types\/post"}],"author":[{"embeddable":true,"href":"https:\/\/www.europesays.com\/es\/wp-json\/wp\/v2\/users\/2"}],"replies":[{"embeddable":true,"href":"https:\/\/www.europesays.com\/es\/wp-json\/wp\/v2\/comments?post=41088"}],"version-history":[{"count":0,"href":"https:\/\/www.europesays.com\/es\/wp-json\/wp\/v2\/posts\/41088\/revisions"}],"wp:featuredmedia":[{"embeddable":true,"href":"https:\/\/www.europesays.com\/es\/wp-json\/wp\/v2\/media\/41089"}],"wp:attachment":[{"href":"https:\/\/www.europesays.com\/es\/wp-json\/wp\/v2\/media?parent=41088"}],"wp:term":[{"taxonomy":"category","embeddable":true,"href":"https:\/\/www.europesays.com\/es\/wp-json\/wp\/v2\/categories?post=41088"},{"taxonomy":"post_tag","embeddable":true,"href":"https:\/\/www.europesays.com\/es\/wp-json\/wp\/v2\/tags?post=41088"}],"curies":[{"name":"wp","href":"https:\/\/api.w.org\/{rel}","templated":true}]}}