{"id":41100,"date":"2025-08-11T20:21:08","date_gmt":"2025-08-11T20:21:08","guid":{"rendered":"https:\/\/www.europesays.com\/es\/41100\/"},"modified":"2025-08-11T20:21:08","modified_gmt":"2025-08-11T20:21:08","slug":"y-ahora-sonsoles-anuncia-su-vuelta-de-vacaciones-al-estilo-grease-con-onega-y-brasero-como-sandy-y-danny-zuko","status":"publish","type":"post","link":"https:\/\/www.europesays.com\/es\/41100\/","title":{"rendered":"&#8216;Y ahora Sonsoles&#8217; anuncia su vuelta de vacaciones al estilo &#8216;Grease&#8217;, con \u00d3nega y Brasero como Sandy y Danny Zuko"},"content":{"rendered":"<p class=\"article-text\">\n        <strong>Antena 3<\/strong> ha comenzado a promocionar la nueva temporada de <strong>Y ahora Sonsoles<\/strong>, y no de cualquier manera. Lo ha hecho con una promo en la que <strong>Sonsoles \u00d3nega<\/strong> y su equipo recrean <strong>Summer Nights<\/strong>, una de las escenas m\u00e1s ic\u00f3nicas de la pel\u00edcula <strong>Grease<\/strong>. Si el a\u00f1o pasado la presentadora se puso en la piel de la protagonista de <a href=\"https:\/\/www.eldiario.es\/vertele\/videos\/actualidad\/sonsoles-onega-no-espera-adelanta-agosto-inicio-nueva-temporada-antena-3_7_11591116.html\" target=\"_blank\" data-mrf-recirculation=\"links-noticia\" class=\"link\" rel=\"nofollow noopener\">\u00a1Mamma m\u00eda!<\/a>, esta vez hace lo propio con <strong>Sandy<\/strong>, el m\u00edtico personaje interpretado por <strong>Olivia Newton-John<\/strong>. A su lado, <strong>Danny Zuko<\/strong>, al que en esta ocasi\u00f3n no da vida <strong>John Travolta<\/strong>, sino <strong>Roberto Brasero<\/strong> con tup\u00e9 y chupa de cuero incluidos.\n    <\/p>\n<p>    <a href=\"https:\/\/www.eldiario.es\/noticias\/antena-3-desvela-invitados-famosos-joaquin-sanchez-susana-saborido-nuevo-emparejados_1_12528120.html\" data-mrf-recirculation=\"saber-mas\" data-dl-event=\"saber-mas\" rel=\"nofollow noopener\" target=\"_blank\"><\/p>\n<p class=\"know-more__title\">Antena 3 desvela a los invitados famosos de Joaqu\u00edn S\u00e1nchez y Susana Saborido en lo nuevo de &#8216;Emparejados&#8217;<\/p>\n<p>            <img decoding=\"async\" class=\"lazy\" loading=\"lazy\" data-src=\"https:\/\/static.eldiario.es\/clip\/0cc7ca45-98ac-47ba-813f-df73d4197d07_16-9-aspect-ratio_default_0.jpg\" src=\"data:image\/svg+xml,%3Csvg xmlns=\" http:=\"\" viewbox=\"0 0 880 495\" alt=\"Antena 3 desvela a los invitados famosos de Joaqu\u00edn S\u00e1nchez y Susana Saborido en lo nuevo de 'Emparejados'\"\/><\/p>\n<p>                        <\/a><\/p>\n<p class=\"article-text\">\n        <strong>Ana Obreg\u00f3n, Mar\u00eda del Monte, Carlos Qu\u00edlez, Beatriz Cort\u00e1zar, Paloma Garc\u00eda Pelayo, Cruz Morcillo, Teresa Bueyes, I\u00f1ako D\u00edaz-Guerra y Nacho Gay<\/strong> tambi\u00e9n forman parte de esta promo, de la que ya se vio un avance <a href=\"https:\/\/www.eldiario.es\/vertele\/noticias\/sonsoles-onega-vuelve-antena3-nuevo-programa-joaquin-prat-tardear-telecinco_1_12511884.html\" target=\"_blank\" data-mrf-recirculation=\"links-noticia\" class=\"link\" rel=\"nofollow noopener\">hace una semana<\/a>.\n    <\/p>\n<p class=\"article-text\">\n        Con ella, Y ahora Sonsoles anuncia que <strong>volver\u00e1 en septiembre<\/strong> con su <strong>cuarta temporada<\/strong>. No se sabe qu\u00e9 d\u00eda en concreto lo har\u00e1, pero s\u00ed que, cuando lo haga, lo m\u00e1s probable es que se enfrente cada tarde al nuevo magac\u00edn vespertino de <strong>Telecinco<\/strong> <a href=\"https:\/\/www.eldiario.es\/vertele\/noticias\/telecinco-anuncia-nuevo-magacin-joaquin-prat-transformara-tardes-politica-confia-ver-patricia-pardo_1_12504409.html\" target=\"_blank\" data-mrf-recirculation=\"links-noticia\" class=\"link\" rel=\"nofollow noopener\">presentado por Joaqu\u00edn Prat<\/a>.\n    <\/p>\n<p class=\"article-text\">\n        El v\u00eddeo ha sido grabado por el equipo el equipo de Promociones de Atresmedia en la Escuela Superior de Agr\u00f3nomos (Ciudad Universitaria de Madrid). La grabaci\u00f3n se desarroll\u00f3 en una jornada de 12 horas y cont\u00f3 con la participaci\u00f3n de <strong>115 personas<\/strong> entre t\u00e9cnicos, elenco y figuraci\u00f3n.\n    <\/p>\n<p>    <a href=\"https:\/\/www.eldiario.es\/vertele\/audiencias-tv\/agarrate-al-sillon-telecinco-analisis-audiencias-primer-mes-concurso-eugeni-alemany-rafa-castano_1_12520637.html\" data-mrf-recirculation=\"saber-mas-abajo\" data-dl-event=\"saber-mas-abajo\" rel=\"nofollow noopener\" target=\"_blank\"><\/p>\n<p class=\"know-more__title\">As\u00ed va la apuesta de Telecinco por &#8216;Ag\u00e1rrate al sill\u00f3n&#8217;, cuando va a cumplirse el primer mes del concurso\n<\/p>\n<p>            <img decoding=\"async\" class=\"lazy\" loading=\"lazy\" data-src=\"https:\/\/static.eldiario.es\/clip\/627cf740-ff22-45e4-a079-5e4dd8267a85_16-9-aspect-ratio_default_0.jpg\" src=\"data:image\/svg+xml,%3Csvg xmlns=\" http:=\"\" viewbox=\"0 0 880 495\" alt=\"As\u00ed va la apuesta de Telecinco por 'Ag\u00e1rrate al sill\u00f3n', cuando va a cumplirse el primer mes del concurso\"\/><\/p>\n<p>                        <\/a><\/p>\n<p class=\"article-text\">\n        Antes, \u00d3nega se enfrent\u00f3 a <strong>tres jornadas de ensayo<\/strong> y Brasero a otras tres, adem\u00e1s de a un ensayo conjunto con participantes y colaboradores antes de la grabaci\u00f3n final. 20 bailarines y 20 figurantes completan este televisivo n\u00famero musical dise\u00f1ado por el core\u00f3grafo <strong>Aar\u00f3n Mata<\/strong>.\n    <\/p>\n","protected":false},"excerpt":{"rendered":"Antena 3 ha comenzado a promocionar la nueva temporada de Y ahora Sonsoles, y no de cualquier manera.&hellip;\n","protected":false},"author":2,"featured_media":41101,"comment_status":"","ping_status":"","sticky":false,"template":"","format":"standard","meta":{"footnotes":""},"categories":[91],"tags":[4187,19748,19750,146,147,25,24,10386,19747,1647,19749,23,2110,2338,1357,16537],"class_list":{"0":"post-41100","1":"post","2":"type-post","3":"status-publish","4":"format-standard","5":"has-post-thumbnail","7":"category-entretenimiento","8":"tag-anuncia","9":"tag-brasero","10":"tag-danny-zuko","11":"tag-entertainment","12":"tag-entretenimiento","13":"tag-es","14":"tag-espana","15":"tag-estilo","16":"tag-grease","17":"tag-onega","18":"tag-sandy","19":"tag-spain","20":"tag-vacaciones","21":"tag-video","22":"tag-vuelta","23":"tag-y-ahora-sonsoles"},"share_on_mastodon":{"url":"","error":""},"_links":{"self":[{"href":"https:\/\/www.europesays.com\/es\/wp-json\/wp\/v2\/posts\/41100","targetHints":{"allow":["GET"]}}],"collection":[{"href":"https:\/\/www.europesays.com\/es\/wp-json\/wp\/v2\/posts"}],"about":[{"href":"https:\/\/www.europesays.com\/es\/wp-json\/wp\/v2\/types\/post"}],"author":[{"embeddable":true,"href":"https:\/\/www.europesays.com\/es\/wp-json\/wp\/v2\/users\/2"}],"replies":[{"embeddable":true,"href":"https:\/\/www.europesays.com\/es\/wp-json\/wp\/v2\/comments?post=41100"}],"version-history":[{"count":0,"href":"https:\/\/www.europesays.com\/es\/wp-json\/wp\/v2\/posts\/41100\/revisions"}],"wp:featuredmedia":[{"embeddable":true,"href":"https:\/\/www.europesays.com\/es\/wp-json\/wp\/v2\/media\/41101"}],"wp:attachment":[{"href":"https:\/\/www.europesays.com\/es\/wp-json\/wp\/v2\/media?parent=41100"}],"wp:term":[{"taxonomy":"category","embeddable":true,"href":"https:\/\/www.europesays.com\/es\/wp-json\/wp\/v2\/categories?post=41100"},{"taxonomy":"post_tag","embeddable":true,"href":"https:\/\/www.europesays.com\/es\/wp-json\/wp\/v2\/tags?post=41100"}],"curies":[{"name":"wp","href":"https:\/\/api.w.org\/{rel}","templated":true}]}}