{"id":41156,"date":"2025-08-11T20:56:11","date_gmt":"2025-08-11T20:56:11","guid":{"rendered":"https:\/\/www.europesays.com\/es\/41156\/"},"modified":"2025-08-11T20:56:11","modified_gmt":"2025-08-11T20:56:11","slug":"si-yo-tuviera-un-equipo-de-f1-contrataria-a-max-fittipaldi","status":"publish","type":"post","link":"https:\/\/www.europesays.com\/es\/41156\/","title":{"rendered":"Si yo tuviera un equipo de F1, contratar\u00eda a Max.-Fittipaldi"},"content":{"rendered":"<p class=\"gr_datos_tiempo\">01 MIN 30 SEG<\/p>\n<p class=\"gr_datos_autor\">Adri\u00e1n Basilio<\/p>\n<p class=\"gr_datos_lugar_fecha\">Cd. de M\u00e9xico  (11 agosto 2025) .-12:15 hrs<\/p>\n<p><img decoding=\"async\" id=\"imgCerrarSticky\" style=\"display:none;\" class=\"stickyImg\" onclick=\"cerrarSticky()\" src=\"https:\/\/www.europesays.com\/es\/wp-content\/uploads\/2025\/07\/btn_cerrar.png\"\/><img decoding=\"async\" src=\"https:\/\/www.europesays.com\/es\/wp-content\/uploads\/2025\/08\/1754693587_203_expande.png\" alt=\"\"\/><img decoding=\"async\" src=\"https:\/\/www.europesays.com\/es\/wp-content\/uploads\/2025\/08\/6003696.jpg&#038;imagencompleta=1.jpeg\" alt=\"El dos veces campe\u00f3n y leyenda de la F\u00f3rmula Uno, Emerson Fittipaldi, dijo que si tuviera a una escuder\u00eda en la F1, no dudar\u00eda en contratar a Max Verstappen como piloto.\" class=\"imgArt zoomable-image\"\/><\/p>\n<p class=\"gr_pie_de_foto\">El dos veces campe\u00f3n y leyenda de la F\u00f3rmula Uno, Emerson Fittipaldi, dijo que si tuviera a una escuder\u00eda en la F1, no dudar\u00eda en contratar a Max Verstappen como piloto. Cr\u00e9dito: Especial<\/p>\n<p>Tener <strong>cuatro t\u00edtulos del mundo y ser uno de los mejores pilotos<\/strong> de todos los tiempos es una garant\u00eda y por ello la leyenda del automovilismo <strong>Emerson Fittipaldi<\/strong> <strong>no tendr\u00eda dudas en contratar a Max Verstappen<\/strong>.<\/p>\n<p><img decoding=\"async\" width=\"35px\" height=\"35px\" style=\"display:none;\" src=\"https:\/\/www.europesays.com\/es\/wp-content\/uploads\/2025\/08\/1754693590_157_contrae2.png\" alt=\"\" id=\"closeM\"\/><img class=\"modal-content\"\/><\/p>\n","protected":false},"excerpt":{"rendered":"01 MIN 30 SEG Adri\u00e1n Basilio Cd. de M\u00e9xico (11 agosto 2025) .-12:15 hrs El dos veces campe\u00f3n&hellip;\n","protected":false},"author":2,"featured_media":41157,"comment_status":"","ping_status":"","sticky":false,"template":"","format":"standard","meta":{"footnotes":""},"categories":[270],"tags":[1763,2738,1679,3818,19760,168,19758,25,19759,24,306,271,3603,272,2099,14725,23,167],"class_list":{"0":"post-41156","1":"post","2":"type-post","3":"status-publish","4":"format-standard","5":"has-post-thumbnail","7":"category-formula-1","8":"tag-automovilismo","9":"tag-autos","10":"tag-cancha","11":"tag-carreras","12":"tag-contratacion","13":"tag-deportes","14":"tag-emerson-fittipaldi","15":"tag-es","16":"tag-escuderia","17":"tag-espana","18":"tag-f1","19":"tag-formula-1","20":"tag-formula-uno","21":"tag-formula1","22":"tag-max-verstappen","23":"tag-piloto","24":"tag-spain","25":"tag-sports"},"share_on_mastodon":{"url":"","error":""},"_links":{"self":[{"href":"https:\/\/www.europesays.com\/es\/wp-json\/wp\/v2\/posts\/41156","targetHints":{"allow":["GET"]}}],"collection":[{"href":"https:\/\/www.europesays.com\/es\/wp-json\/wp\/v2\/posts"}],"about":[{"href":"https:\/\/www.europesays.com\/es\/wp-json\/wp\/v2\/types\/post"}],"author":[{"embeddable":true,"href":"https:\/\/www.europesays.com\/es\/wp-json\/wp\/v2\/users\/2"}],"replies":[{"embeddable":true,"href":"https:\/\/www.europesays.com\/es\/wp-json\/wp\/v2\/comments?post=41156"}],"version-history":[{"count":0,"href":"https:\/\/www.europesays.com\/es\/wp-json\/wp\/v2\/posts\/41156\/revisions"}],"wp:featuredmedia":[{"embeddable":true,"href":"https:\/\/www.europesays.com\/es\/wp-json\/wp\/v2\/media\/41157"}],"wp:attachment":[{"href":"https:\/\/www.europesays.com\/es\/wp-json\/wp\/v2\/media?parent=41156"}],"wp:term":[{"taxonomy":"category","embeddable":true,"href":"https:\/\/www.europesays.com\/es\/wp-json\/wp\/v2\/categories?post=41156"},{"taxonomy":"post_tag","embeddable":true,"href":"https:\/\/www.europesays.com\/es\/wp-json\/wp\/v2\/tags?post=41156"}],"curies":[{"name":"wp","href":"https:\/\/api.w.org\/{rel}","templated":true}]}}