{"id":411657,"date":"2026-02-22T23:18:14","date_gmt":"2026-02-22T23:18:14","guid":{"rendered":"https:\/\/www.europesays.com\/es\/411657\/"},"modified":"2026-02-22T23:18:14","modified_gmt":"2026-02-22T23:18:14","slug":"2-1-el-villarreal-se-hace-fuerte-ante-un-valencia-que-no-escapa-del-peligro","status":"publish","type":"post","link":"https:\/\/www.europesays.com\/es\/411657\/","title":{"rendered":"2-1. El Villarreal se hace fuerte ante un Valencia que no escapa del peligro"},"content":{"rendered":"<p class=\"mb-4 text-lg md:leading-8 break-words\">Vila-real (Castell\u00f3n), 22 feb (EFE).- El Villarreal consolida su tercera posici\u00f3n en la tabla tras derrotar con mucho sufrimiento al Valencia, que no logra despegarse del descenso, en un derbi auton\u00f3mico intenso y pol\u00e9mico, marcado por el protagonismo del VAR, que valid\u00f3 dos penaltis, uno para cada equipo.<\/p>\n<p class=\"mb-4 text-lg md:leading-8 break-words\">El conjunto castellonense, que sigue intratable como local, supo reponerse al gol inicial del Valencia, obra de Ramazani, para remontar antes del descanso con tantos de Comesa\u00f1a y de Gueye, aunque en la segunda sufri\u00f3 mucho ante un rival que fue superior y roz\u00f3 el empate hasta el \u00faltimo instante.<\/p>\n<p class=\"mb-4 text-lg md:leading-8 break-words\">El equipo castellonense asumi\u00f3 desde el inicio el mando del partido y la posesi\u00f3n del bal\u00f3n ante un Valencia replegado y protegido en el centro del campo y la defensa.El mon\u00f3logo del Villarreal no se transform\u00f3 en ocasiones de gol, y el Valencia pudo ir creciendo poco a poco en el partido sin excesivos agobios.<\/p>\n<p class=\"mb-4 text-lg md:leading-8 break-words\">El conjunto de Corber\u00e1n logr\u00f3 taponar las subidas de Cardona y desconectar del circuito del juego local a P\u00e9p\u00e9, Moleiro y Ayoze.<\/p>\n<p class=\"mb-4 text-lg md:leading-8 break-words\">El Valencia encontr\u00f3 una v\u00eda de escape al acoso local con los balones largos a Sadiq. En uno de ellos, el nigeriano, que ya hab\u00eda avisado en dos de sus cl\u00e1sicas estampidas, aprovech\u00f3 una indecisi\u00f3n entre Pau Navarro y Luiz J\u00fanior para colarse entre los dos y caer derribado por el portero.<\/p>\n<p class=\"mb-4 text-lg md:leading-8 break-words\">El \u00e1rbitro, a instancias del VAR, se\u00f1al\u00f3 penalti, que Ramazani se encarg\u00f3 de convertir en gol con clase y sangre fr\u00eda.<\/p>\n<p class=\"mb-4 text-lg md:leading-8 break-words\">El tanto despert\u00f3 definitivamente al Villarreal, que dio un paso adelante para embotellar al Valencia. No tuvo que esperar mucho para empatar, ya que apenas cinco minutos despu\u00e9s Comesa\u00f1a envi\u00f3 a la red un rechace de Copete a remate de Ayoze.<\/p>\n<p class=\"mb-4 text-lg md:leading-8 break-words\">El gol volvi\u00f3 a cambiar el guion del partido, y fue el Valencia el que se adue\u00f1\u00f3 del bal\u00f3n y comenz\u00f3 a moverlo con criterio. El equipo de Corber\u00e1n roz\u00f3 el segundo en una gran acci\u00f3n coral culminada con un centro de Gay\u00e1 que no lleg\u00f3 a cazar Ramazani.<\/p>\n<p class=\"mb-4 text-lg md:leading-8 break-words\">El Villarreal acept\u00f3 el cuerpo a cuerpo y se fue a por el partido en los \u00faltimos minutos del primer tiempo. Dimitrievski, tras remates de Comesa\u00f1a y P\u00e9p\u00e9, salv\u00f3 a un Valencia cada vez m\u00e1s exigido en defensa, sobre todo en su flanco izquierdo.<\/p>\n<p class=\"mb-4 text-lg md:leading-8 break-words\">En pleno acoso local, un centro de P\u00e9p\u00e9 golpe\u00f3 en el brazo despegado de Ramazani, y el \u00e1rbitro, de nuevo tras aviso del VAR, se\u00f1al\u00f3 el punto de penalti.<\/p>\n<p class=\"mb-4 text-lg md:leading-8 break-words\">El senegal\u00e9s Gueye, ya en el descuento, fue el encargado de poner en ventaja al Villarreal, que, desatado, estuvo cerca de marcar un tercer gol antes del descanso.<\/p>\n<p class=\"mb-4 text-lg md:leading-8 break-words\">El Valencia cambi\u00f3 su pose en el inicio de la segunda parte y se lanz\u00f3 a buscar al Villarreal en su propio campo.<\/p>\n<p><img alt=\"\" loading=\"lazy\" width=\"960\" height=\"640\" decoding=\"async\" data-nimg=\"1\" class=\"rounded-lg\" style=\"color:transparent\" src=\"https:\/\/www.europesays.com\/es\/wp-content\/uploads\/2026\/02\/1d5f7c8e7e8506c4e75362a050cb2faa.jpeg\"\/><\/p>\n<p class=\"mb-4 text-lg md:leading-8 break-words\">El equipo de Corber\u00e1n se instal\u00f3 en territorio rival para robar y llegar con rapidez al \u00e1rea, lo que supuso una invitaci\u00f3n a que el Villarreal pudiera explotar su contragolpe.<\/p>\n<p class=\"mb-4 text-lg md:leading-8 break-words\">Tras unos minutos de incomodidad, el Villarreal encontr\u00f3 la f\u00f3rmula para saltar la presi\u00f3n valenciana y amenazar permanentemente a la contra con la velocidad de P\u00e9p\u00e9.<\/p>\n<p class=\"mb-4 text-lg md:leading-8 break-words\">El claro dominio valenciano fue completamente est\u00e9ril, por lo que Corber\u00e1n opt\u00f3 por revitalizar a su equipo con la entrada de Danjuma y Thierry, si bien Marcelino respondi\u00f3 refrescando sus carriles con Buchanan y Pedraza.<\/p>\n<p class=\"mb-4 text-lg md:leading-8 break-words\">El Valencia, con todo su arsenal ofensivo sobre el campo tras la entrada de Hugo Duro, encerr\u00f3 en su \u00e1rea al Villarreal en los \u00faltimos minutos, en los que Danjuma roz\u00f3 el empate con un remate que salv\u00f3 Luiz J\u00fanior.<\/p>\n<p class=\"mb-4 text-lg md:leading-8 break-words\">Con el Villarreal completamente hundido en su \u00e1rea y sin apenas salida, el portero brasile\u00f1o volvi\u00f3 a resultar providencial al tapar un mano a mano con Sadiq.<\/p>\n<p class=\"mb-4 text-lg md:leading-8 break-words\">El nigeriano, ya en el descuento, volvi\u00f3 a rozar el empate con un remate de cabeza que se fue alto para dejar a su equipo sin el premio de un punto que le aliviara en su lucha por la salvaci\u00f3n.<\/p>\n<p class=\"mb-4 text-lg md:leading-8 break-words\">Ficha t\u00e9cnica:<\/p>\n<p class=\"mb-4 text-lg md:leading-8 break-words\">2.- Villarreal: Luiz J\u00fanior; Mouri\u00f1o, Pau Navarro, Renato Veiga, Cardona; P\u00e9p\u00e9 (Alfon, min. 83), Comesa\u00f1a (Parejo, min. 83), Gueye (Thomas Partey, min. 57), Moleiro (Buchanan, min. 69); Ayoze (Pedraza, min. 69) y Mikautadze.<\/p>\n<p class=\"mb-4 text-lg md:leading-8 break-words\">1.- Valencia: Dimitrievski; Unai N\u00fa\u00f1ez (Thierry, min. 69), C\u00f6mert, Copete, Gay\u00e1 (Jes\u00fas V\u00e1zquez, min. 78); Guido Rodr\u00edguez (Almeida, min. 87), Ugrinic (Danjuma, min. 69); Ramazani, Javi Guerra, Luis Rioja (Hugo Duro, min. 78) y Sadiq.<\/p>\n<p class=\"mb-4 text-lg md:leading-8 break-words\">Goles: 0-1, min. 26: Ramazani, de penalti. 1-1, min. 31: Comesa\u00f1a. 2-1, min. 45+5: Gueye, de penalti.<\/p>\n<p class=\"mb-4 text-lg md:leading-8 break-words\">\u00c1rbitro: Jes\u00fas Gill Manzano (Comit\u00e9 extreme\u00f1o). Mostr\u00f3 tarjeta amarilla a Mikautadze y Mouri\u00f1o por el Villarreal y a Javi Guerra, Ramazani, Unai L\u00f3pez y Sadiq por el Valencia. Expuls\u00f3 con roja directa a un miembro del cuerpo t\u00e9cnico del Villarreal en el minuto 30.<\/p>\n<p class=\"mb-4 text-lg md:leading-8 break-words\">Incidencias: Encuentro correspondiente a la vig\u00e9simo quinta jornada de LaLiga EA Sports disputado en el estadio de La Cer\u00e1mica ante 19.233 espectadores, 600 de ellos aficionados del Valencia. En los proleg\u00f3menos del partido se rindi\u00f3 homenaje a los jugadores de la cantera del Villarreal y del Valencia que se proclamaron campeones de Espa\u00f1a con la Selecci\u00f3n Valenciana Sub-14.<\/p>\n<p><img alt=\"\" loading=\"lazy\" width=\"960\" height=\"640\" decoding=\"async\" data-nimg=\"1\" class=\"rounded-lg\" style=\"color:transparent\" src=\"https:\/\/www.europesays.com\/es\/wp-content\/uploads\/2026\/02\/986e7b75b1d3a02412a08e4b5ebc7a3f.jpeg\"\/><\/p>\n<p class=\"mb-4 text-lg md:leading-8 break-words\">Pablo Verd\u00fa<\/p>\n<p class=\"mb-4 text-lg md:leading-8 break-words\">(c) Agencia EFE<\/p>\n","protected":false},"excerpt":{"rendered":"Vila-real (Castell\u00f3n), 22 feb (EFE).- El Villarreal consolida su tercera posici\u00f3n en la tabla tras derrotar con mucho&hellip;\n","protected":false},"author":2,"featured_media":411658,"comment_status":"","ping_status":"","sticky":false,"template":"","format":"standard","meta":{"footnotes":""},"categories":[93],"tags":[168,8305,25,24,65687,49135,23,167,235,10560],"class_list":["post-411657","post","type-post","status-publish","format-standard","has-post-thumbnail","category-deportes","tag-deportes","tag-el-equipo","tag-es","tag-espana","tag-luiz-junior","tag-pau-navarro","tag-spain","tag-sports","tag-valencia","tag-villarreal"],"share_on_mastodon":{"url":"https:\/\/pubeurope.com\/@es\/116116842978190861","error":""},"_links":{"self":[{"href":"https:\/\/www.europesays.com\/es\/wp-json\/wp\/v2\/posts\/411657","targetHints":{"allow":["GET"]}}],"collection":[{"href":"https:\/\/www.europesays.com\/es\/wp-json\/wp\/v2\/posts"}],"about":[{"href":"https:\/\/www.europesays.com\/es\/wp-json\/wp\/v2\/types\/post"}],"author":[{"embeddable":true,"href":"https:\/\/www.europesays.com\/es\/wp-json\/wp\/v2\/users\/2"}],"replies":[{"embeddable":true,"href":"https:\/\/www.europesays.com\/es\/wp-json\/wp\/v2\/comments?post=411657"}],"version-history":[{"count":0,"href":"https:\/\/www.europesays.com\/es\/wp-json\/wp\/v2\/posts\/411657\/revisions"}],"wp:featuredmedia":[{"embeddable":true,"href":"https:\/\/www.europesays.com\/es\/wp-json\/wp\/v2\/media\/411658"}],"wp:attachment":[{"href":"https:\/\/www.europesays.com\/es\/wp-json\/wp\/v2\/media?parent=411657"}],"wp:term":[{"taxonomy":"category","embeddable":true,"href":"https:\/\/www.europesays.com\/es\/wp-json\/wp\/v2\/categories?post=411657"},{"taxonomy":"post_tag","embeddable":true,"href":"https:\/\/www.europesays.com\/es\/wp-json\/wp\/v2\/tags?post=411657"}],"curies":[{"name":"wp","href":"https:\/\/api.w.org\/{rel}","templated":true}]}}