{"id":411721,"date":"2026-02-23T00:08:13","date_gmt":"2026-02-23T00:08:13","guid":{"rendered":"https:\/\/www.europesays.com\/es\/411721\/"},"modified":"2026-02-23T00:08:13","modified_gmt":"2026-02-23T00:08:13","slug":"ceranor-reafirma-su-compromiso-con-rebuild-como-global-partner","status":"publish","type":"post","link":"https:\/\/www.europesays.com\/es\/411721\/","title":{"rendered":"Ceranor reafirma su compromiso con REBUILD como Global Partner"},"content":{"rendered":"<p>Del 24 al 26 de marzo de 2026, en IFEMA Madrid, la empresa mostrar\u00e1 sus propuestas cer\u00e1micas m\u00e1s innovadoras y ofrecer\u00e1 pase gratuito para visitar el stand 10F653<\/p>\n<p>     <img decoding=\"async\" src=\"https:\/\/www.europesays.com\/es\/wp-content\/uploads\/2026\/02\/33beb4b8a43f9abb631979f08af7e4ff.png\"\/>Un a\u00f1o m\u00e1s, <b>Ceranor<\/b> volver\u00e1 a ser <b>Global Partner de REBUILD<\/b>, la cita imprescindible de quienes est\u00e1n construyendo el futuro del sector.<\/p>\n<p><b>Del 24 al 26 de marzo, en IFEMA Madrid<\/b>, la compa\u00f1\u00eda volver\u00e1 a estar presente con sus soluciones cer\u00e1micas m\u00e1s innovadoras, pensadas para una edificaci\u00f3n m\u00e1s eficiente, industrializada y sostenible.<\/p>\n<p>Si formas parte del cambio que vive la construcci\u00f3n, este es tu lugar.<\/p>\n<p>La empresa invita a los asistentes a reservar las fechas y a obtener su <a href=\"https:\/\/www.ceranor.es\/rebuild\/?utm_campaign=REBUILD%20Ceranor&amp;utm_medium=email&amp;_hsenc=p2ANqtz--JNOZIkiV6Z7q0eq-tJ72cNwL4tHYq-tcl8HhOkTVEbljQxXN4ntBqMKJwUMhbMME66LIjuNOpINyqMzKZECsypx86dw&amp;_hsmi=404296881&amp;utm_content=404296881&amp;utm_source=hs_email\" target=\"_blank\" rel=\"nofollow noopener\"> pase gratuito cortes\u00eda de Ceranor<\/a> para visitar su espacio expositivo y conocer de primera mano las propuestas que est\u00e1 preparando para esta edici\u00f3n.<\/p>\n<p><b>Del 24 al 26 de marzo de 2026<br \/>Madrid \u00b7 IFEMA<br \/>Stand 10F653<\/b><\/p>\n","protected":false},"excerpt":{"rendered":"Del 24 al 26 de marzo de 2026, en IFEMA Madrid, la empresa mostrar\u00e1 sus propuestas cer\u00e1micas m\u00e1s&hellip;\n","protected":false},"author":2,"featured_media":411722,"comment_status":"","ping_status":"","sticky":false,"template":"","format":"standard","meta":{"footnotes":""},"categories":[80],"tags":[6123,82,6121,6122,5297,6129,95,94,6130,25,6132,24,6124,6119,6131,6127,474,6125,6126,6128,5748,6120,1048,23],"class_list":["post-411721","post","type-post","status-publish","format-standard","has-post-thumbnail","category-economia","tag-aluminio","tag-business","tag-cemento","tag-ceramica","tag-construccion","tag-cubiertas","tag-economia","tag-economy","tag-energia-solar","tag-es","tag-escaleras","tag-espana","tag-hormigon","tag-instalaciones","tag-ladrillo","tag-madera","tag-obras","tag-pavimentos","tag-piscinas","tag-pladur","tag-puertas","tag-reformas","tag-roca","tag-spain"],"share_on_mastodon":{"url":"https:\/\/pubeurope.com\/@es\/116117039003398583","error":""},"_links":{"self":[{"href":"https:\/\/www.europesays.com\/es\/wp-json\/wp\/v2\/posts\/411721","targetHints":{"allow":["GET"]}}],"collection":[{"href":"https:\/\/www.europesays.com\/es\/wp-json\/wp\/v2\/posts"}],"about":[{"href":"https:\/\/www.europesays.com\/es\/wp-json\/wp\/v2\/types\/post"}],"author":[{"embeddable":true,"href":"https:\/\/www.europesays.com\/es\/wp-json\/wp\/v2\/users\/2"}],"replies":[{"embeddable":true,"href":"https:\/\/www.europesays.com\/es\/wp-json\/wp\/v2\/comments?post=411721"}],"version-history":[{"count":0,"href":"https:\/\/www.europesays.com\/es\/wp-json\/wp\/v2\/posts\/411721\/revisions"}],"wp:featuredmedia":[{"embeddable":true,"href":"https:\/\/www.europesays.com\/es\/wp-json\/wp\/v2\/media\/411722"}],"wp:attachment":[{"href":"https:\/\/www.europesays.com\/es\/wp-json\/wp\/v2\/media?parent=411721"}],"wp:term":[{"taxonomy":"category","embeddable":true,"href":"https:\/\/www.europesays.com\/es\/wp-json\/wp\/v2\/categories?post=411721"},{"taxonomy":"post_tag","embeddable":true,"href":"https:\/\/www.europesays.com\/es\/wp-json\/wp\/v2\/tags?post=411721"}],"curies":[{"name":"wp","href":"https:\/\/api.w.org\/{rel}","templated":true}]}}