{"id":411805,"date":"2026-02-23T01:19:10","date_gmt":"2026-02-23T01:19:10","guid":{"rendered":"https:\/\/www.europesays.com\/es\/411805\/"},"modified":"2026-02-23T01:19:10","modified_gmt":"2026-02-23T01:19:10","slug":"la-direccion-del-pp-desautoriza-a-guardiola-y-toma-el-control-de-la-negociacion-con-vox","status":"publish","type":"post","link":"https:\/\/www.europesays.com\/es\/411805\/","title":{"rendered":"La direcci\u00f3n del PP desautoriza a Guardiola y toma el control de la negociaci\u00f3n con Vox"},"content":{"rendered":"<p class=\"article-text\">\n        \u201cHay que hacer menos ruido en los medios de comunicaci\u00f3n y trabajar m\u00e1s\u201d. As\u00ed zanj\u00f3 la direcci\u00f3n nacional del PP la pugna p\u00fablica entre la candidata del PP a repetir como presidenta de Extremadura, Mar\u00eda Guardiola, y Vox a cuenta de la negociaci\u00f3n para un acuerdo de investidura que evite una repetici\u00f3n electoral. Dicho y hecho. La dirigente auton\u00f3mica, que recibi\u00f3 m\u00e1s toques en privado, ha reducido al m\u00e1ximo su presencia medi\u00e1tica tras la toma de control por parte del equipo de Alberto N\u00fa\u00f1ez Feij\u00f3o\u00a0\n    <\/p>\n<p class=\"article-text\">\n        La encargada de lanzar el aviso a Guardiola fue otra mujer, Carmen F\u00fanez. Pero no fue la \u00fanica que lo hizo. En p\u00fablico y en privado el PP de Feij\u00f3o ha desautorizado la posici\u00f3n de su compa\u00f1era para asumir el control ante el riesgo cierto de contagio a otras comunidades donde tambi\u00e9n hay gobiernos en el aire.\n    <\/p>\n","protected":false},"excerpt":{"rendered":"\u201cHay que hacer menos ruido en los medios de comunicaci\u00f3n y trabajar m\u00e1s\u201d. As\u00ed zanj\u00f3 la direcci\u00f3n nacional&hellip;\n","protected":false},"author":2,"featured_media":411806,"comment_status":"","ping_status":"","sticky":false,"template":"","format":"standard","meta":{"footnotes":""},"categories":[8],"tags":[17,18,2811,42816,4796,25,24,13,14,24984,11,19,20,6730,9,10,15,16,956,23,12,4350,21,22,624],"class_list":["post-411805","post","type-post","status-publish","format-standard","has-post-thumbnail","category-espana","tag-breaking-news","tag-breakingnews","tag-control","tag-desautoriza","tag-direccion","tag-es","tag-espana","tag-featured-news","tag-featurednews","tag-guardiola","tag-headlines","tag-latest-news","tag-latestnews","tag-negociacion","tag-news","tag-noticias","tag-noticias-destacadas","tag-noticiasdestacadas","tag-pp","tag-spain","tag-titulares","tag-toma","tag-ultimas-noticias","tag-ultimasnoticias","tag-vox"],"share_on_mastodon":{"url":"https:\/\/pubeurope.com\/@es\/116117319215403138","error":""},"_links":{"self":[{"href":"https:\/\/www.europesays.com\/es\/wp-json\/wp\/v2\/posts\/411805","targetHints":{"allow":["GET"]}}],"collection":[{"href":"https:\/\/www.europesays.com\/es\/wp-json\/wp\/v2\/posts"}],"about":[{"href":"https:\/\/www.europesays.com\/es\/wp-json\/wp\/v2\/types\/post"}],"author":[{"embeddable":true,"href":"https:\/\/www.europesays.com\/es\/wp-json\/wp\/v2\/users\/2"}],"replies":[{"embeddable":true,"href":"https:\/\/www.europesays.com\/es\/wp-json\/wp\/v2\/comments?post=411805"}],"version-history":[{"count":0,"href":"https:\/\/www.europesays.com\/es\/wp-json\/wp\/v2\/posts\/411805\/revisions"}],"wp:featuredmedia":[{"embeddable":true,"href":"https:\/\/www.europesays.com\/es\/wp-json\/wp\/v2\/media\/411806"}],"wp:attachment":[{"href":"https:\/\/www.europesays.com\/es\/wp-json\/wp\/v2\/media?parent=411805"}],"wp:term":[{"taxonomy":"category","embeddable":true,"href":"https:\/\/www.europesays.com\/es\/wp-json\/wp\/v2\/categories?post=411805"},{"taxonomy":"post_tag","embeddable":true,"href":"https:\/\/www.europesays.com\/es\/wp-json\/wp\/v2\/tags?post=411805"}],"curies":[{"name":"wp","href":"https:\/\/api.w.org\/{rel}","templated":true}]}}