{"id":411821,"date":"2026-02-23T01:33:17","date_gmt":"2026-02-23T01:33:17","guid":{"rendered":"https:\/\/www.europesays.com\/es\/411821\/"},"modified":"2026-02-23T01:33:17","modified_gmt":"2026-02-23T01:33:17","slug":"asi-van-las-audiencias-de-el-precio-justo-un-mes-despues-de-su-inesperado-y-temprano-reinicio-en-telecinco","status":"publish","type":"post","link":"https:\/\/www.europesays.com\/es\/411821\/","title":{"rendered":"As\u00ed van las audiencias de &#8216;El precio justo&#8217; un mes despu\u00e9s de su inesperado y &#8216;temprano&#8217; reinicio en Telecinco"},"content":{"rendered":"<p class=\"article-text\">\n        El p\u00fablico de <strong>Telecinco<\/strong> lleva pr\u00e1cticamente un mes saliendo \u201c\u00a1a jugaaaar!\u201d a <strong>El precio justo<\/strong>. El m\u00edtico concurso producido por <strong>Fremantle<\/strong> arranc\u00f3 su actual etapa el pasado 26 de enero, de nuevo con <strong>Carlos Sobera<\/strong> a los mandos y el af\u00e1n de concursantes y espectadores por adivinar el valor de toda clase de objetos. De hecho, el presentador, la mec\u00e1nica del concurso y el grito que populariz\u00f3 <strong>Joaqu\u00edn Prat<\/strong> padre a finales de los a\u00f1os 80 son algunos de los pocos ingredientes que mantiene respecto a hace un lustro, cuando ya &#8216;resucit\u00f3&#8217; y apenas dur\u00f3 dos meses en la primavera de 2021.\n    <\/p>\n<p>    <a href=\"https:\/\/www.eldiario.es\/vertele\/noticias\/asi-van-audiencias-alla-tu-mes-despues-estrenar-telecinco-nueva-etapa-juanra-bonet_1_12982355.html\" data-mrf-recirculation=\"saber-mas\" data-dl-event=\"saber-mas\" rel=\"nofollow noopener\" target=\"_blank\"><\/p>\n<p class=\"know-more__title\">As\u00ed van las audiencias de &#8216;All\u00e1 t\u00fa&#8217; en Telecinco un mes despu\u00e9s de arrancar su nueva etapa con Juanra Bonet<\/p>\n<p>            <img decoding=\"async\" class=\"lazy\" loading=\"lazy\" data-src=\"https:\/\/static.eldiario.es\/clip\/0e348aaa-4cd0-4246-9712-ee1b17299c4b_16-9-aspect-ratio_default_0.jpg\" src=\"data:image\/svg+xml,%3Csvg xmlns=\" http:=\"\" viewbox=\"0 0 880 495\" alt=\"As\u00ed van las audiencias de 'All\u00e1 t\u00fa' en Telecinco un mes despu\u00e9s de arrancar su nueva etapa con Juanra Bonet\"\/><\/p>\n<p>                        <\/a><\/p>\n<p class=\"article-text\">\n        Aquella breve etapa fue la primera en Telecinco del programa, que hasta entonces hab\u00eda tenido ocho etapas diferentes desde su estreno en 1988, la mayor\u00eda de ellas en <strong>RTVE<\/strong> (tanto en La 1 como en La 2). Despu\u00e9s 15 a\u00f1os fuera de circulaci\u00f3n, <strong>Mediaset <\/strong>decidi\u00f3 sacarlo del caj\u00f3n para intentar plantar cara a <strong>Pasapalabra<\/strong>, que por aquellas fechas llevaba ya casi un a\u00f1o dominando el tramo final de la tarde en <strong>Antena 3<\/strong>. Por desgracia para los implicados, la jugada no sali\u00f3 bien: El precio justo tuvo unas audiencias insuficientes para la \u00e9poca <strong>(11-13% de cuota)<\/strong> y Mediaset lo traslad\u00f3 al mediod\u00eda de <strong>Cuatro<\/strong> por \u201cajustes de programaci\u00f3n\u201d derivados de la emisi\u00f3n de la Eurocopa. Solo una semana despu\u00e9s desapareci\u00f3 abruptamente de la parrilla.\n    <\/p>\n<p>    La inesperada vuelta de &#8216;El precio justo&#8217; a Telecinco<\/p>\n<p class=\"article-text\">\n        Y as\u00ed, desaparecido en combate, estuvo casi cinco a\u00f1os. Concretamente, entre el 18 de junio de 2021, d\u00eda de su \u00faltima emisi\u00f3n en Cuatro, hasta el pasado 9 de diciembre, cuando Mediaset, de manera completamente inesperada, anunci\u00f3 que lo recuperaba para su parrilla; de nuevo con Carlos Sobera al frente y, como se sabr\u00eda un poco m\u00e1s adelante, con <strong>Tania Medina<\/strong> como copresentadora. La noticia era, cuando menos, chocante. \u00bfPor qu\u00e9 iba a resucitar Telecinco un formato que hab\u00eda dejado de emitir solo cinco a\u00f1os antes por baja audiencia? Y adem\u00e1s, \u00bfpor qu\u00e9 iba a hacerlo cuando a\u00fan estaba tan reciente el caso de <strong>Factor X<\/strong>, que hab\u00eda recuperado sin \u00e9xito en 2024 tras haberlo resucitado con discretos resultados en 2018?\n    <\/p>\n<p>            <img decoding=\"async\" class=\"lazy\" loading=\"lazy\" data-src=\"https:\/\/static.eldiario.es\/clip\/a92cc39d-1489-453e-9038-96680baf5c13_16-9-discover-aspect-ratio_default_0.jpg\" src=\"data:image\/svg+xml,%3Csvg xmlns=\" http:=\"\" viewbox=\"0 0 1200 675\" alt=\"Tania Medina y Carlos Sobera en 'El precio justo'\"\/><\/p>\n<p class=\"article-text\">\n        Puede que la decisi\u00f3n estuviese motivada por la convicci\u00f3n de que, pese a lo ocurrido en el pasado, <strong>El precio justo<\/strong><strong> a\u00fan no hab\u00eda dicho su \u00faltima palabra en televisi\u00f3n<\/strong>. Al fin y al cabo, cuando acab\u00f3 en 2021, lo hizo principalmente por las altas exigentes de Telecinco, que en aquella \u00e9poca todav\u00eda era el canal m\u00e1s visto de Espa\u00f1a y no quer\u00eda renunciar al liderato de ninguna franja de la parrilla. Ahora, en cambio, la situaci\u00f3n es completamente diferentes: la cadena est\u00e1 sumida en una <strong>profunda crisis de audiencia<\/strong> y los datos que hace un lustro provocaron el precipitado final de El precio justo ahora no se ven con malos ojos, sino todo lo contrario.\n    <\/p>\n<p class=\"article-text\">\n        Adem\u00e1s, hay que tener otra cosa en cuenta: el horario. El concurso de Carlos Sobera no ha vuelto a la parrilla para enfrentarse otra vez a Pasapalabra, sino para ocupar una franja diferente, la del <strong>tramo final del mediod\u00eda<\/strong> (de a 14 a 15h, aproximadamente), que tambi\u00e9n est\u00e1 dominada por otro concurso de Antena 3 (<strong>La ruleta de la suerte<\/strong>), pero en la que Telecinco necesita probar cosas nuevas tras muchos a\u00f1os fiando su suerte a magacines de actualidad. El cambio de <strong>Vamos a ver<\/strong> (que ha visto adelantada y reducida su emisi\u00f3n) por El precio justo responde precisamente a esta necesidad.\n    <\/p>\n<p>    Los datos de audiencia de &#8216;El precio justo&#8217; en Telecinco<\/p>\n<p class=\"article-text\">\n        Ahora bien, \u00bfel cambio de cromos est\u00e1 dando resultado? De momento no, pues el programa de <strong>Patricia Pardo<\/strong> ven\u00eda promediando entre un <strong>8% y un 10% de share<\/strong> (de 13:30 a 15:00h) antes de su reubicaci\u00f3n y El precio justo ha completado su primer mes instalado <strong>entre el 8% y 9%<\/strong> (de 13:45 a 15:00h). En su defensa hay que decir que lleva muy poco tiempo en emisi\u00f3n y que, al <a href=\"https:\/\/www.eldiario.es\/vertele\/noticias\/asi-van-audiencias-alla-tu-mes-despues-estrenar-telecinco-nueva-etapa-juanra-bonet_1_12982355.html\" target=\"_blank\" data-mrf-recirculation=\"links-noticia\" class=\"link\" rel=\"nofollow noopener\">igual que \u00a1All\u00e1 t\u00fa!<\/a>, est\u00e1 yendo hacia arriba en audiencias. De hecho, ha subido un punto entre su primera semana <strong>(8.2%)<\/strong> y la \u00faltima <strong>(9.2%)<\/strong>, y ha pasado de llegar al 9% en solo tres de sus 16 primeras emisiones a hacerlo en siete de las \u00faltimas ocho. Adem\u00e1s, la semana pasada logr\u00f3 situarse por <strong>primera vez por encima de la media de Telecinco <\/strong>(de lunes a viernes).\n    <\/p>\n<p class=\"article-text\">\n        <strong>Audiencias por semanas de &#8216;El precio justo&#8217; (L-V):<\/strong>\n    <\/p>\n<ul>\n<li>1\u00aa semana (19-23 ene): 8.2% y 639.000<\/li>\n<li>2\u00aa semana (26-30 ene): 8.5% y 663.000<\/li>\n<li>3\u00aa semana (2-6 feb): 8.4% y 653.000<\/li>\n<li>4\u00aa semana (9-13 feb): 8.9% y 664.000<\/li>\n<li>5\u00aa semana (16-19 feb): 9.2% y 683.000 (4 emisiones)<\/li>\n<\/ul>\n<p class=\"article-text\">\n        <strong>Diferencia de &#8216;El precio justo&#8217; con la media de Telecinco (L-V):<\/strong>\n    <\/p>\n<ul>\n<li>Primera semana: -1 punto (8.2% vs 9.2%)<\/li>\n<li>Segunda semana: -0.6 (8.5% vs 9.1%)<\/li>\n<li>Tercera semana: -0.5 (8.4% vs 8.9%)<\/li>\n<li>Cuarta semana: 0 (8.9% vs 8.9%)<\/li>\n<li>Quinta semana: +0.3 (9.2% vs 8.9%)<\/li>\n<\/ul>\n<p>            <img decoding=\"async\" class=\"lazy\" loading=\"lazy\" data-src=\"https:\/\/static.eldiario.es\/clip\/82d32f87-b99b-4719-b5b4-043d9d69c9b6_16-9-discover-aspect-ratio_default_0.jpg\" src=\"data:image\/svg+xml,%3Csvg xmlns=\" http:=\"\" viewbox=\"0 0 1200 675\" alt=\"Tania Medina y Carlos Sobera presentan 'El precio justo'\"\/><\/p>\n<p class=\"article-text\">\n        Con estos datos, el concurso no es rival ni para La ruleta (rara vez baja del 20% de cuota en Antena 3) ni para el segundo tramo de<strong> Ma\u00f1aneros 360<\/strong> (11-12% de media en La 1), pero al menos se est\u00e1 ganando cierta confianza por parte de Telecinco. Prueba de ello es que acaba de dejar en sus manos <strong>el mediod\u00eda de los s\u00e1bados y los domingos<\/strong>; algo que no entraba en los planes iniciales pero que ha acabado sucediendo en detrimento de <strong>\u00a1Vaya fama!<\/strong>, que <a href=\"https:\/\/www.eldiario.es\/vertele\/noticias\/telecinco-cancela-vaya-fama-cinco-meses-flojas-audiencias-pausa-apuesta-corazon-sustituto_1_13000296.html\" target=\"_blank\" data-mrf-recirculation=\"links-noticia\" class=\"link\" rel=\"nofollow noopener\">fue cancelado hace unos d\u00edas<\/a> tras cinco meses de pobres audiencias.\n    <\/p>\n<p>    Telecinco cambia el coraz\u00f3n por los concursos<\/p>\n<p class=\"article-text\">\n        Este cambio se gest\u00f3 a principios de mes, cuando El precio justo empez\u00f3 a hacer de telonero del programa de <strong>Cristina Lasvignes<\/strong> y <strong>Fran Ram\u00edrez<\/strong>. Primero lo hizo con reposiciones (7-8 de febrero) y despu\u00e9s, con nuevas entregas (14-15 de febrero). Y dentro de ellas, la del domingo 15 dio al concurso su mejor dato hasta la fecha (<strong>10% de share<\/strong> en el tramo de 12:35 a 14h), por lo que Telecinco no necesit\u00f3 m\u00e1s para sustituirlo de inmediato por \u00a1Vaya fama!. Ahora su objetivo es mantenerse, como m\u00ednimo, en estas cifras, que le permitir\u00edan mirar de t\u00fa a t\u00fa a <strong>D Coraz\u00f3n<\/strong> (8-10%), pero no a las reposiciones de La ruleta de la suerte (16-19%), que llevan muchos a\u00f1os jugando en su propia liga.\n    <\/p>\n<p>            <img decoding=\"async\" class=\"lazy\" loading=\"lazy\" data-src=\"https:\/\/static.eldiario.es\/clip\/c92ee919-e8bb-4596-ae53-2839c175d74d_16-9-discover-aspect-ratio_default_0.jpg\" src=\"data:image\/svg+xml,%3Csvg xmlns=\" http:=\"\" viewbox=\"0 0 1200 675\" alt=\"Cristina Lasvignes y Fran Ram\u00edrez en 'Vaya Fama'\"\/><\/p>\n<p class=\"article-text\">\n        En cualquier caso, a la nueva situaci\u00f3n de El precio justo se suma la de \u00a1All\u00e1 t\u00fa!, que desde hace tres semanas tambi\u00e9n se emite los s\u00e1bados y los domingos en su horario habitual (20:00h). El concurso de <strong>Juanra Bonet<\/strong> lo hace a costa de <strong>Fiesta<\/strong>, que ha perdido una hora de emisi\u00f3n, pero que ha pasado a ser, tras la cancelaci\u00f3n de \u00a1Vaya fama!, en el \u00fanico programa de coraz\u00f3n que Telecinco tiene ahora mismo los s\u00e1bados y los domingos. Al menos, para lo que queda de temporada, pues el magac\u00edn de <strong>Emma Garc\u00eda<\/strong> no pasa actualmente por su mejor momento (8-9% de share).\n    <\/p>\n<p>    <a href=\"https:\/\/www.eldiario.es\/vertele\/series\/anatomia-de-un-instante-rtve-movistar-18-series-hablan-historia-deberias-haber-visto_1_13005102.html\" data-mrf-recirculation=\"saber-mas-abajo\" data-dl-event=\"saber-mas-abajo\" rel=\"nofollow noopener\" target=\"_blank\"><\/p>\n<p class=\"know-more__title\">&#8216;Anatom\u00eda de un instante&#8217; y otras 9 series que hablan de nuestra historia y que deber\u00edas haber visto<\/p>\n<p>            <img decoding=\"async\" class=\"lazy\" loading=\"lazy\" data-src=\"https:\/\/static.eldiario.es\/clip\/e5efa9d8-8d5c-472c-89e6-1e3e6df9c866_16-9-aspect-ratio_default_0.jpg\" src=\"data:image\/svg+xml,%3Csvg xmlns=\" http:=\"\" viewbox=\"0 0 880 495\" alt=\"'Anatom\u00eda de un instante' y otras 9 series que hablan de nuestra historia y que deber\u00edas haber visto\"\/><\/p>\n<p>                        <\/a><\/p>\n<p class=\"article-text\">\n        As\u00ed pues, en cuesti\u00f3n de un mes Telecinco ha dejado de emitir coraz\u00f3n en tres franjas donde llevaba casi una d\u00e9cada haci\u00e9ndolo de manera m\u00e1s o menos ininterrumpida (de 14 a 15h de lunes a viernes, de 14 a 15h los fines de semana, de 20 a 21h los s\u00e1bados y los domingos) para ofrecer <strong>dos concursos en su lugar<\/strong>. Sin duda, un cambio que responde a las necesidades de la cadena, pero que tambi\u00e9n va en <strong>sinton\u00eda con los nuevos tiempos<\/strong>, que dicen que los concursos, las series diarias y las tertulias pol\u00edticas susten las parrillas diarias por delante de los programas de coraz\u00f3n, cuyo desgaste en las \u00faltimas temporadas ha sido m\u00e1s que evidente.\n    <\/p>\n","protected":false},"excerpt":{"rendered":"El p\u00fablico de Telecinco lleva pr\u00e1cticamente un mes saliendo \u201c\u00a1a jugaaaar!\u201d a El precio justo. El m\u00edtico concurso&hellip;\n","protected":false},"author":2,"featured_media":411822,"comment_status":"","ping_status":"","sticky":false,"template":"","format":"standard","meta":{"footnotes":""},"categories":[171],"tags":[8722,2509,987,73064,146,147,25,24,9037,1970,68481,23,692,3476,214,6174],"class_list":["post-411821","post","type-post","status-publish","format-standard","has-post-thumbnail","category-tv","tag-asi","tag-audiencias","tag-despues","tag-el-precio-justo","tag-entertainment","tag-entretenimiento","tag-es","tag-espana","tag-inesperado","tag-mes","tag-reinicio","tag-spain","tag-telecinco","tag-temprano","tag-tv","tag-van"],"share_on_mastodon":{"url":"https:\/\/pubeurope.com\/@es\/116117373416425199","error":""},"_links":{"self":[{"href":"https:\/\/www.europesays.com\/es\/wp-json\/wp\/v2\/posts\/411821","targetHints":{"allow":["GET"]}}],"collection":[{"href":"https:\/\/www.europesays.com\/es\/wp-json\/wp\/v2\/posts"}],"about":[{"href":"https:\/\/www.europesays.com\/es\/wp-json\/wp\/v2\/types\/post"}],"author":[{"embeddable":true,"href":"https:\/\/www.europesays.com\/es\/wp-json\/wp\/v2\/users\/2"}],"replies":[{"embeddable":true,"href":"https:\/\/www.europesays.com\/es\/wp-json\/wp\/v2\/comments?post=411821"}],"version-history":[{"count":0,"href":"https:\/\/www.europesays.com\/es\/wp-json\/wp\/v2\/posts\/411821\/revisions"}],"wp:featuredmedia":[{"embeddable":true,"href":"https:\/\/www.europesays.com\/es\/wp-json\/wp\/v2\/media\/411822"}],"wp:attachment":[{"href":"https:\/\/www.europesays.com\/es\/wp-json\/wp\/v2\/media?parent=411821"}],"wp:term":[{"taxonomy":"category","embeddable":true,"href":"https:\/\/www.europesays.com\/es\/wp-json\/wp\/v2\/categories?post=411821"},{"taxonomy":"post_tag","embeddable":true,"href":"https:\/\/www.europesays.com\/es\/wp-json\/wp\/v2\/tags?post=411821"}],"curies":[{"name":"wp","href":"https:\/\/api.w.org\/{rel}","templated":true}]}}