{"id":412279,"date":"2026-02-23T08:41:11","date_gmt":"2026-02-23T08:41:11","guid":{"rendered":"https:\/\/www.europesays.com\/es\/412279\/"},"modified":"2026-02-23T08:41:11","modified_gmt":"2026-02-23T08:41:11","slug":"tiger-woods-un-jubilado-sin-descanso","status":"publish","type":"post","link":"https:\/\/www.europesays.com\/es\/412279\/","title":{"rendered":"Tiger Woods, un jubilado sin descanso"},"content":{"rendered":"<p style=\"\">Cada vez que habla <a href=\"https:\/\/www.abc.es\/deportes\/tiger-woods-cincuenta-anos-cambiaron-golf-20251229025819-nt.html\" target=\"_self\" data-voc-vtm-id=\"in-text-traffic\" title=\"Tiger Woods\" data-mrf-link=\"www.abc.es\" rel=\"nofollow noopener\">Tiger Woods<\/a> sube el pan. Son conocidos el magnetismo que tiene el californiano en las canchas de golf y tambi\u00e9n su ascendiente en todo lo que concierne a este deporte. Gracias a ellos, en las \u00faltimas d\u00e9cadas subieron millonariamente las  &#8230; audiencias y los ingresos en los torneos y su car\u00e1cter, met\u00f3dico y eminentemente ganador, hizo que desde siempre se le considerara un \u00eddolo a seguir por parte de los aficionados. <\/p>\n<p class=\"v-d-p\" style=\"\">De esa manera, apoy\u00e1ndose en un palmar\u00e9s abrumador que le ha llevado a conquistar quince &#8216;majors&#8217; y 82 torneos y a colocarse como el segundo mejor golfista de toda la historia (por detr\u00e1s de Jack Nicklaus), consigui\u00f3 lo impensable: que se le perdonaran sus problemas extradeportivos, tanto los relativos a sus infidelidades matrimoniales como a los de sus diversas adicciones. <\/p>\n<p class=\"v-d-p\" style=\"\">\u00a0La realidad es que su enorme capacidad de motivaci\u00f3n le ha hecho superar dieciocho visitas al quir\u00f3fano y le ha catapultado a la categor\u00eda de superhombre. Por eso, cada anuncio que realiza no hay que tom\u00e1rselo con escepticismo, sino con la confianza de que lo va a ver realizado.<\/p>\n<p class=\"v-d-p\" style=\"\">El \u00faltimo de ellos se produjo esta misma semana en Los \u00c1ngeles, donde ejerce de anfitri\u00f3n del Abierto de la ciudad y en el que acoge a las principales figuras del circuito americano. Y, como era de esperar, los focos no se centraron ni en Scottie Scheffler ni en Rory McIlroy, ni en el resto de rutilantes figuras actuales del ranking, sino en el abuelo Woods. Desde que el pasado mes de diciembre cumpli\u00f3 50 a\u00f1os y ascendi\u00f3 a la categor\u00eda &#8216;senior&#8217;, se le abri\u00f3 una nueva posibilidad para su futuro: participar en el circuito de veteranos con condiciones mucho m\u00e1s ventajosas que en el habitual. Una de ellas es la de poder disputar los torneos en &#8216;buggy&#8217;, algo muy necesario para su maltrecha anatom\u00eda y que est\u00e1 considerando muy seriamente. <\/p>\n<ul class=\"v-cmp-rld__u\">\n<li class=\"v-cmp-rld__l\">\n<p><a class=\"v-a-lnk\" href=\"https:\/\/www.abc.es\/deportes\/tiger-woods-cincuenta-anos-cambiaron-golf-20251229025819-nt.html#vtm_modulosEngag=noticiasrelacionadas-cmp-uno:deportes:noticia:1\" title=\"Tiger Woods, cincuenta a\u00f1os que cambiaron el golf\" data-voc-vtm-id=\"in-text-traffic\" rel=\"nofollow noopener\" target=\"_blank\"><br \/>\n<img decoding=\"async\" loading=\"lazy\" src=\"https:\/\/www.europesays.com\/es\/wp-content\/uploads\/2026\/02\/woods-reuters-U53745652452hDX-366x256@diario_abc.jpg\" class=\"v-a-img\" width=\"258\" height=\"180\" alt=\"Tiger Woods, cincuenta a\u00f1os que cambiaron el golf\"\/><br \/>\n<\/a><\/p>\n<\/li>\n<\/ul>\n<p class=\"v-d-p\" style=\"\">Sin embargo, la sorpresa la dio cuando coment\u00f3 que \u00abno tengo descartado participar en el Masters de este a\u00f1o ni en otros torneos del PGA Tour. Mi \u00faltima operaci\u00f3n en la espalda me ha hecho ralentizar mis entrenamientos y tengo que ir vi\u00e9ndome d\u00eda a d\u00eda; <strong>pero, en absoluto, estoy retirado del circuito principal<\/strong>\u00bb. Hay que recordar que estas pruebas se celebran en cuatro jornadas y no en tres, como las &#8216;senior&#8217;, y que el Tigre solo ha competido diez semanas en los \u00faltimos cuatro a\u00f1os, la \u00faltima vez hace veinte meses.<\/p>\n<p class=\"v-a-t\">\n\u00abCada vez le dedico menos a mejorar mi juego\u00bb\n<\/p>\n<p class=\"v-d-p\" style=\"\">Sin embargo, el hecho de dejar esta incertidumbre en cuanto al n\u00famero de torneos en los que pueda participar no se debe solo a su estado f\u00edsico, sino tambi\u00e9n al poco tiempo que est\u00e1 dedicando \u00faltimamente a entrenarse. \u00abEn mis mejores momentos practicaba mucho y viajaba con un calendario reducido, por lo que ten\u00eda relativo tiempo libre. Pero en los \u00faltimos tiempos, en los que me he involucrado m\u00e1s en aspectos organizativos, cada vez le dedico menos a mejorar mi juego. Hay que tener en cuenta que pertenezco al comit\u00e9 de jugadores; tambi\u00e9n soy presidente del comit\u00e9 de desarrollo de la competici\u00f3n y prevemos muchos cambios en estas dos pr\u00f3ximas campa\u00f1as, por lo que la actividad es fren\u00e9tica. Se van a modificar los calendarios, vamos a alcanzar nuevos mercados y estamos preparando una nueva estructura para que los mejores jugadores coincidan m\u00e1s veces\u00bb, declar\u00f3. <\/p>\n<p class=\"v-d-p\" style=\"\">Con esta agenda apretada, pretender que saque tiempo para capitanear a EE. UU. en la <a href=\"https:\/\/www.abc.es\/deportes\/europa-retiene-titulo-ryder-cup-golf-ante-20250928233616-nt.html\" target=\"_self\" data-voc-vtm-id=\"in-text-traffic\" title=\"Ryder Cup\" data-mrf-link=\"www.abc.es\" rel=\"nofollow noopener\">Ryder Cup<\/a> de Irlanda en 2027 no se antoja una posibilidad f\u00e1cil de lograr. \u00abSiempre he dicho que me encantar\u00eda ser el capit\u00e1n de mi pa\u00eds en esta competici\u00f3n pero, cuando lo haga, quiero comprometerme al 100%. Necesito ser honesto con todas las partes implicadas y saber que, si lo hago, me voy a poder entregar al m\u00e1ximo a la tarea\u00bb. <\/p>\n<p class=\"v-d-p\" style=\"\">Y es que, como cualquier jubilado que se precie, ahora tiene menos tiempo que nunca para sus propios asuntos\u2026 y eso que a\u00fan no tiene nietos. \u00abNo voy a negar que, aparte de todas mis tareas actuales, me desvelo buscando soluciones y tratando de encontrar resquicios para atender todos los frentes que se me abren. Y no es f\u00e1cil. Creo que todav\u00eda me tocar\u00e1 reflexionar durante bastantes semanas m\u00e1s\u00bb.<\/p>\n","protected":false},"excerpt":{"rendered":"Cada vez que habla Tiger Woods sube el pan. Son conocidos el magnetismo que tiene el californiano en&hellip;\n","protected":false},"author":2,"featured_media":412280,"comment_status":"","ping_status":"","sticky":false,"template":"","format":"standard","meta":{"footnotes":""},"categories":[275],"tags":[168,3484,25,24,329,88305,23,167,19011,33020],"class_list":["post-412279","post","type-post","status-publish","format-standard","has-post-thumbnail","category-golf","tag-deportes","tag-descanso","tag-es","tag-espana","tag-golf","tag-jubileta","tag-spain","tag-sports","tag-tiger","tag-woods"],"share_on_mastodon":{"url":"https:\/\/pubeurope.com\/@es\/116119056287689110","error":""},"_links":{"self":[{"href":"https:\/\/www.europesays.com\/es\/wp-json\/wp\/v2\/posts\/412279","targetHints":{"allow":["GET"]}}],"collection":[{"href":"https:\/\/www.europesays.com\/es\/wp-json\/wp\/v2\/posts"}],"about":[{"href":"https:\/\/www.europesays.com\/es\/wp-json\/wp\/v2\/types\/post"}],"author":[{"embeddable":true,"href":"https:\/\/www.europesays.com\/es\/wp-json\/wp\/v2\/users\/2"}],"replies":[{"embeddable":true,"href":"https:\/\/www.europesays.com\/es\/wp-json\/wp\/v2\/comments?post=412279"}],"version-history":[{"count":0,"href":"https:\/\/www.europesays.com\/es\/wp-json\/wp\/v2\/posts\/412279\/revisions"}],"wp:featuredmedia":[{"embeddable":true,"href":"https:\/\/www.europesays.com\/es\/wp-json\/wp\/v2\/media\/412280"}],"wp:attachment":[{"href":"https:\/\/www.europesays.com\/es\/wp-json\/wp\/v2\/media?parent=412279"}],"wp:term":[{"taxonomy":"category","embeddable":true,"href":"https:\/\/www.europesays.com\/es\/wp-json\/wp\/v2\/categories?post=412279"},{"taxonomy":"post_tag","embeddable":true,"href":"https:\/\/www.europesays.com\/es\/wp-json\/wp\/v2\/tags?post=412279"}],"curies":[{"name":"wp","href":"https:\/\/api.w.org\/{rel}","templated":true}]}}